{"id":2535,"date":"2022-06-22T08:39:01","date_gmt":"2022-06-22T08:39:01","guid":{"rendered":"https:\/\/revistacienciaecultura.org.br\/?p=2535"},"modified":"2022-06-27T15:21:55","modified_gmt":"2022-06-27T15:21:55","slug":"memorias-afetivas-de-tarsilinha-do-amaral-e-joao-candido-portinari","status":"publish","type":"post","link":"https:\/\/revistacienciaecultura.org.br\/?p=2535","title":{"rendered":"Mem\u00f3rias afetivas de Tarsilinha do Amaral e Jo\u00e3o C\u00e2ndido Portinari"},"content":{"rendered":"<p>Em um bate-papo impulsionado pelas lembran\u00e7as, Tarsilinha do Amaral, sobrinha-neta de Tarsila do Amaral, e Jo\u00e3o C\u00e2ndido Portinari, filho \u00fanico de C\u00e2ndido Portinari, falam sobre suas mem\u00f3rias afetivas e contam um pouco da intimidade dos dois modernistas.<\/p>\n<p>Nenhum dos dois artistas participou da programa\u00e7\u00e3o da Semana de Arte Moderna de 22, mas suas obras est\u00e3o inscritas no movimento modernista, a exemplo do painel \u201cGuerra e Paz\u201d, produzido por C\u00e2ndido Portinari para a ONU, e do quadro \u201cAbaporu\u201d, de Tarsila do Amaral, que teria inspirado o &#8220;Manifesto Antrop\u00f3fago&#8221; do escritor Oswald de Andrade, com quem Tarsila foi casada.<\/p>\n<p>Tarsilinha fala de sua teoria de que o \u201cAbaporu\u201d seria um autorretrato de Tarsila, com o qual presenteou seu marido Oswald. A sobrinha-neta \u00e9 curadora de toda a obra de Tarsila do Amaral.<\/p>\n<p>Jo\u00e3o C\u00e2ndido conta detalhes da exposi\u00e7\u00e3o Portinari Para Todos, at\u00e9 o dia 10 de julho de 2022 em S\u00e3o Paulo, no MIS Experience (Rua Cenno Sbrighi, 250, no bairro \u00c1gua Branca). Segundo ele, esta \u00e9 a maior exposi\u00e7\u00e3o j\u00e1 realizada sobre Portinari. O filho do artista est\u00e1 \u00e0 frente, h\u00e1 mais de 40 anos, do Projeto Portinari, que j\u00e1 reuniu mais de 30 mil documentos, entre eles seis mil cartas de Portinari trocadas com amigos como M\u00e1rio de Andrade, Carlos Drummond de Andrade, Graciliano Ramos, Manuel Bandeira e Villa-Lobos, que frequentavam a casa da fam\u00edlia e conviviam com o menino Jo\u00e3o.<\/p>\n<p>Al\u00e9m das artes pl\u00e1sticas, Tarsila do Amaral e C\u00e2ndido Portinari tinham em comum uma grande preocupa\u00e7\u00e3o social e uma ineg\u00e1vel sensibilidade. Estas marcas ficaram evidentes em suas obras e em suas vidas pessoais, como nos contam Tarsilinha e Jo\u00e3o C\u00e2ndido em nossa conversa do Ci\u00eancia &amp; Cultura Cast.<\/p>\n<p>&nbsp;<\/p>\n<p><iframe loading=\"lazy\" title=\"Spotify Embed: Mem\u00f3rias afetivas de Tarsilinha do Amaral e Jo\u00e3o C\u00e2ndido Portinari\" style=\"border-radius: 12px\" width=\"100%\" height=\"152\" frameborder=\"0\" allowfullscreen allow=\"autoplay; clipboard-write; encrypted-media; fullscreen; picture-in-picture\" src=\"https:\/\/open.spotify.com\/embed\/episode\/6kJrZBpSLqkEPFOx9gAuck?si=4cm-ethiSTyvMxfG0RHdng&#038;utm_source=oembed\"><\/iframe><\/p>\n","protected":false},"excerpt":{"rendered":"Em um bate-papo impulsionado pelas lembran\u00e7as, Tarsilinha do Amaral, sobrinha-neta de Tarsila&hellip;\n","protected":false},"author":19,"featured_media":2499,"comment_status":"open","ping_status":"open","sticky":false,"template":"","format":"audio","meta":[],"categories":[4],"tags":[],"acf":[],"_links":{"self":[{"href":"https:\/\/revistacienciaecultura.org.br\/index.php?rest_route=\/wp\/v2\/posts\/2535"}],"collection":[{"href":"https:\/\/revistacienciaecultura.org.br\/index.php?rest_route=\/wp\/v2\/posts"}],"about":[{"href":"https:\/\/revistacienciaecultura.org.br\/index.php?rest_route=\/wp\/v2\/types\/post"}],"author":[{"embeddable":true,"href":"https:\/\/revistacienciaecultura.org.br\/index.php?rest_route=\/wp\/v2\/users\/19"}],"replies":[{"embeddable":true,"href":"https:\/\/revistacienciaecultura.org.br\/index.php?rest_route=%2Fwp%2Fv2%2Fcomments&post=2535"}],"version-history":[{"count":9,"href":"https:\/\/revistacienciaecultura.org.br\/index.php?rest_route=\/wp\/v2\/posts\/2535\/revisions"}],"predecessor-version":[{"id":2580,"href":"https:\/\/revistacienciaecultura.org.br\/index.php?rest_route=\/wp\/v2\/posts\/2535\/revisions\/2580"}],"wp:featuredmedia":[{"embeddable":true,"href":"https:\/\/revistacienciaecultura.org.br\/index.php?rest_route=\/wp\/v2\/media\/2499"}],"wp:attachment":[{"href":"https:\/\/revistacienciaecultura.org.br\/index.php?rest_route=%2Fwp%2Fv2%2Fmedia&parent=2535"}],"wp:term":[{"taxonomy":"category","embeddable":true,"href":"https:\/\/revistacienciaecultura.org.br\/index.php?rest_route=%2Fwp%2Fv2%2Fcategories&post=2535"},{"taxonomy":"post_tag","embeddable":true,"href":"https:\/\/revistacienciaecultura.org.br\/index.php?rest_route=%2Fwp%2Fv2%2Ftags&post=2535"}],"curies":[{"name":"wp","href":"https:\/\/api.w.org\/{rel}","templated":true}]}}