{"id":2567,"date":"2022-07-04T08:00:19","date_gmt":"2022-07-04T08:00:19","guid":{"rendered":"https:\/\/revistacienciaecultura.org.br\/?p=2567"},"modified":"2022-06-28T11:45:26","modified_gmt":"2022-06-28T11:45:26","slug":"confira-depoimento-de-marilia-de-andrade-sobre-oswald-de-andrade","status":"publish","type":"post","link":"https:\/\/revistacienciaecultura.org.br\/?p=2567","title":{"rendered":"Confira depoimento de Mar\u00edlia de Andrade sobre Oswald de Andrade"},"content":{"rendered":"<p>A rela\u00e7\u00e3o intensa entre pai e filha deixou marcas definitivas na vida de Mar\u00edlia de Andrade, que tinha nove anos quando seu pai, Oswald de Andrade, morreu em 1954. Em uma longa conversa, a professora aposentado da Unicamp, que criou o curso de gradua\u00e7\u00e3o em Dan\u00e7a da Universidade, traz um emocionado depoimento sobre os \u00faltimos anos da vida de Oswald, tamb\u00e9m revelados no livro \u201cDi\u00e1rio confessional\u201d, rec\u00e9m-publicado pela Companhia das Letras com material in\u00e9dito, trazido a p\u00fablico mais de 70 anos ap\u00f3s a morte do modernista. As anota\u00e7\u00f5es de Oswald em seu di\u00e1rio come\u00e7aram em 1948, quando Mar\u00edlia tinha apenas tr\u00eas anos de idade. Somente agora ela leu os relatos e nos conta que precisou criar coragem para isso.<\/p>\n<p>Feminista da linha de frente na d\u00e9cada de 1970, per\u00edodo em que ela j\u00e1 trazia para o debate quest\u00f5es de identidade de g\u00eanero, Mar\u00edlia desenvolveu uma s\u00f3lida carreira acad\u00eamica e art\u00edstica ao longo de sua vida. Primeiro como psic\u00f3loga social, \u00e1rea em que se tornou pesquisadora e fez PhD pela Columbia University; depois como core\u00f3grafa e dan\u00e7arina, profiss\u00e3o que lhe permitiu apresentar-se em palcos do mundo inteiro, a come\u00e7ar por \u201cKuarup\u201d, com o Ballet Stagium. Especializou-se em Isadora Duncan, bailarina que tamb\u00e9m cruzou a vida do seu pai. Mar\u00edlia conta que se iniciou no ballet, aos 3 anos, com uma outra bailarina que marcou a vida de Oswald, como ele revela em seu di\u00e1rio.<\/p>\n<p>Mar\u00edlia de Andrade \u00e9 a \u00fanica filha mulher e tamb\u00e9m a \u00fanica viva de um total de quatro filhos. Ela \u00e9 curadora da obra de Oswald, que continua sendo traduzida em todo o mundo.\u00a0Estas e outras lembran\u00e7as, como a que ela dan\u00e7ou na sala de sua casa para Villa-Lobos a pedido do seu pai, Mar\u00edlia compartilha conosco nesta edi\u00e7\u00e3o do Ci\u00eancia &amp; Cultura Cast.<\/p>\n<p><iframe loading=\"lazy\" title=\"Spotify Embed: Confira depoimento de Mar\u00edlia de Andrade sobre Oswald de Andrade\" style=\"border-radius: 12px\" width=\"100%\" height=\"152\" frameborder=\"0\" allowfullscreen allow=\"autoplay; clipboard-write; encrypted-media; fullscreen; picture-in-picture\" src=\"https:\/\/open.spotify.com\/embed\/episode\/3agL3mNcs41kiIsa00nRC5?si=gh6zOi1wTc2HvN1n11bmcA&#038;utm_source=oembed\"><\/iframe><\/p>\n","protected":false},"excerpt":{"rendered":"A rela\u00e7\u00e3o intensa entre pai e filha deixou marcas definitivas na vida&hellip;\n","protected":false},"author":19,"featured_media":2569,"comment_status":"open","ping_status":"open","sticky":false,"template":"","format":"standard","meta":[],"categories":[4],"tags":[],"acf":[],"_links":{"self":[{"href":"https:\/\/revistacienciaecultura.org.br\/index.php?rest_route=\/wp\/v2\/posts\/2567"}],"collection":[{"href":"https:\/\/revistacienciaecultura.org.br\/index.php?rest_route=\/wp\/v2\/posts"}],"about":[{"href":"https:\/\/revistacienciaecultura.org.br\/index.php?rest_route=\/wp\/v2\/types\/post"}],"author":[{"embeddable":true,"href":"https:\/\/revistacienciaecultura.org.br\/index.php?rest_route=\/wp\/v2\/users\/19"}],"replies":[{"embeddable":true,"href":"https:\/\/revistacienciaecultura.org.br\/index.php?rest_route=%2Fwp%2Fv2%2Fcomments&post=2567"}],"version-history":[{"count":4,"href":"https:\/\/revistacienciaecultura.org.br\/index.php?rest_route=\/wp\/v2\/posts\/2567\/revisions"}],"predecessor-version":[{"id":2586,"href":"https:\/\/revistacienciaecultura.org.br\/index.php?rest_route=\/wp\/v2\/posts\/2567\/revisions\/2586"}],"wp:featuredmedia":[{"embeddable":true,"href":"https:\/\/revistacienciaecultura.org.br\/index.php?rest_route=\/wp\/v2\/media\/2569"}],"wp:attachment":[{"href":"https:\/\/revistacienciaecultura.org.br\/index.php?rest_route=%2Fwp%2Fv2%2Fmedia&parent=2567"}],"wp:term":[{"taxonomy":"category","embeddable":true,"href":"https:\/\/revistacienciaecultura.org.br\/index.php?rest_route=%2Fwp%2Fv2%2Fcategories&post=2567"},{"taxonomy":"post_tag","embeddable":true,"href":"https:\/\/revistacienciaecultura.org.br\/index.php?rest_route=%2Fwp%2Fv2%2Ftags&post=2567"}],"curies":[{"name":"wp","href":"https:\/\/api.w.org\/{rel}","templated":true}]}}