{"id":2581,"date":"2022-06-28T11:08:26","date_gmt":"2022-06-28T11:08:26","guid":{"rendered":"https:\/\/revistacienciaecultura.org.br\/?p=2581"},"modified":"2022-06-28T11:09:03","modified_gmt":"2022-06-28T11:09:03","slug":"ultimo-seminario-da-serie-projeto-para-um-brasil-novo-debatera-a-questao-indigena","status":"publish","type":"post","link":"https:\/\/revistacienciaecultura.org.br\/?p=2581","title":{"rendered":"\u00daltimo semin\u00e1rio da s\u00e9rie \u201cProjeto para um Brasil Novo\u201d debater\u00e1 a quest\u00e3o ind\u00edgena"},"content":{"rendered":"<p>A Sociedade Brasileira para o Progresso da Ci\u00eancia (SBPC) realiza nesta ter\u00e7a-feira, 28 de junho, \u00e0s 16h, o \u00faltimo semin\u00e1rio da s\u00e9rie \u201cProjeto para um Brasil Novo\u201d. O tema do debate online \u00e9 \u201cQuest\u00e3o ind\u00edgena\u201d e ser\u00e1 transmitido pelo <a href=\"https:\/\/www.youtube.com\/user\/canalsbpc\" target=\"_blank\" rel=\"noopener\">canal da SBPC no YouTube<\/a>.<\/p>\n<p>A discuss\u00e3o ser\u00e1 coordenada por Maria Manuela Carneiro da Cunha,\u00a0professora titular\u00a0aposentada do Departamento de Antropologia da Universidade de S\u00e3o Paulo (USP) e professora em\u00e9rita da Universidade de Chicago. Como debatedores, o evento contar\u00e1 com Ana L\u00facia de Moura Pontes, pesquisadora do grupo de pesquisas \u201cSa\u00fade, Epidemiologia e Antropologia dos Povos Ind\u00edgenas\u201d da Escola Nacional de Sa\u00fade P\u00fablica Sergio Arouca da Funda\u00e7\u00e3o Oswaldo Cruz (Fiocruz), Angela Amanakwa Kaxuyana, da Coordena\u00e7\u00e3o das Organiza\u00e7\u00f5es Ind\u00edgenas da Amaz\u00f4nia Brasileira (COIAB), Gersem Baniwa, professor da Universidade de Bras\u00edlia (UnB), e Luiz Eloy Terena, coordenador jur\u00eddico da Articula\u00e7\u00e3o dos Povos Ind\u00edgenas do Brasil (Apib).<\/p>\n<p>O evento \u00e9 parte de semin\u00e1rios tem\u00e1ticos que a SBPC est\u00e1 realizando para tratar de temas relevantes que contribuam para o desenvolvimento do Pa\u00eds.\u00a0O primeiro semin\u00e1rio debateu\u00a0<a href=\"http:\/\/www.jornaldaciencia.org.br\/pacto-com-a-sociedade-para-um-novo-brasil\/\">\u201cCi\u00eancia, Tecnologia e Inova\u00e7\u00e3o<\/a>\u201d, o\u00a0segundo,\u00a0<a href=\"http:\/\/www.jornaldaciencia.org.br\/educacao-basica-e-fundamental-para-a-ciencia-afirmam-especialistas\/\" target=\"_blank\" rel=\"noopener\">\u201cEduca\u00e7\u00e3o b\u00e1sica\u201d<\/a>,\u00a0o terceiro,\u00a0<a href=\"http:\/\/www.jornaldaciencia.org.br\/ensino-superior-tem-que-ser-politica-de-estado-dizem-especialistas\/\" target=\"_blank\" rel=\"noopener\">\u201cEduca\u00e7\u00e3o superior\u201d<\/a>, o quarto,\u00a0<a href=\"http:\/\/www.jornaldaciencia.org.br\/pos-graduacao-em-questao\/\" target=\"_blank\" rel=\"noopener\">\u201cP\u00f3s-gradua\u00e7\u00e3o\u201d<\/a>; o quinto tratou do tema\u00a0<a href=\"http:\/\/www.jornaldaciencia.org.br\/saude-ciencia-e-inovacao-devem-estar-no-centro-de-uma-nova-estrategia-nacional-de-desenvolvimento-afirmam-especialistas\/\" target=\"_blank\" rel=\"noopener\">\u201cSa\u00fade\u201d<\/a>, o sexto \u00a0<a href=\"http:\/\/www.jornaldaciencia.org.br\/o-desafio-de-enfrentar-as-mudancas-climaticas\/\" target=\"_blank\" rel=\"noopener\">\u201cMeio Ambiente\u201d<\/a>,\u00a0 o s\u00e9timo\u00a0<a href=\"http:\/\/www.jornaldaciencia.org.br\/cientistas-apontam-preocupacao-com-desrespeito-a-direitos-humanos\/\" target=\"_blank\" rel=\"noopener\">\u201cDireitos Humanos\u201d<\/a>, e oitavo\u00a0<a href=\"http:\/\/www.jornaldaciencia.org.br\/brasil-precisa-olhar-a-seguranca-publica-como-uma-demanda-alem-da-gestao-policial-apontam-cientistas\/\" target=\"_blank\" rel=\"noopener\">\u201cSeguran\u00e7a P\u00fablica\u201d<\/a>, o nono\u00a0<a href=\"http:\/\/www.jornaldaciencia.org.br\/brasil-teve-programas-pela-igualdade-racial-e-de-genero-mas-acoes-afirmativas-vivem-ameacas-hoje\/\" target=\"_blank\" rel=\"noopener\">\u201cDiversidade de g\u00eanero\u201d<\/a>, o d\u00e9cimo\u00a0<a href=\"http:\/\/www.jornaldaciencia.org.br\/conter-os-impactos-das-mudancas-climaticas-no-brasil-exige-preservacao-da-amazonia-e-investimento-em-ciencia\/\" target=\"_blank\" rel=\"noopener\">\u201cMudan\u00e7as clim\u00e1ticas\u201d<\/a>, d\u00e9cimo primeiro\u00a0<a href=\"http:\/\/www.jornaldaciencia.org.br\/recriar-o-ministerio-da-cultura-e-as-politicas-de-incentivo-as-artes-sao-caminhos-urgentes-para-um-novo-brasil\/\" target=\"_blank\" rel=\"noopener\">\u201cCultura\u201d<\/a>, e o d\u00e9cimo segundo\u00a0<a href=\"http:\/\/www.jornaldaciencia.org.br\/governo-federal-precisa-olhar-para-o-aumento-da-evasao-de-estudantes-na-pos-graduacao-alertam-especialistas\/\" target=\"_blank\" rel=\"noopener\">\u201cFuturo da p\u00f3s-gradua\u00e7\u00e3o\u201d<\/a>.<\/p>\n<p>Segundo Fernanda Sobral, vice-presidente da SBPC, o objetivo dos eventos \u00e9 engajar a comunidade cient\u00edfica a propor pol\u00edticas p\u00fablicas para os pr\u00f3ximos anos. \u201cA ideia \u00e9 que esses eventos abordem temas relevantes visando \u00e0 elabora\u00e7\u00e3o de um documento com diretrizes e propostas gerais de pol\u00edticas que ser\u00e1 entregue aos candidatos ao Legislativo e ao Executivo da pr\u00f3xima elei\u00e7\u00e3o, durante a 74\u00aa Reuni\u00e3o Anual da SBPC, a ser realizada neste ano na UnB (Universidade de Bras\u00edlia)\u201d, explica. \u201cA ideia \u00e9 n\u00e3o ficarmos apenas na batalha do presente, mas pensarmos um futuro melhor para nosso pa\u00eds\u201d, diz.<\/p>\n<p><strong>Participe:<\/strong><\/p>\n<p><strong>S\u00e9rie\u00a0Projeto para um novo Brasil \u2013\u00a0Semin\u00e1rio\u00a0\u201cQuest\u00e3o ind\u00edgena\u201d<\/strong><\/p>\n<p><strong>Dia:<\/strong>\u00a028 de junho<\/p>\n<p><strong>Hor\u00e1rio:<\/strong>\u00a016h<\/p>\n<p><strong>Transmiss\u00e3o:\u00a0<\/strong><a href=\"https:\/\/www.youtube.com\/canalsbpc\" target=\"_blank\" rel=\"noopener\">Canal da SBPC no YouTube<\/a>.<\/p>\n<p><a href=\"http:\/\/www.jornaldaciencia.org.br\/\"><em>Jornal da Ci\u00eancia<\/em><\/a><\/p>\n","protected":false},"excerpt":{"rendered":"A Sociedade Brasileira para o Progresso da Ci\u00eancia (SBPC) realiza nesta ter\u00e7a-feira,&hellip;\n","protected":false},"author":19,"featured_media":2582,"comment_status":"open","ping_status":"open","sticky":false,"template":"","format":"standard","meta":[],"categories":[1,2],"tags":[],"acf":[],"_links":{"self":[{"href":"https:\/\/revistacienciaecultura.org.br\/index.php?rest_route=\/wp\/v2\/posts\/2581"}],"collection":[{"href":"https:\/\/revistacienciaecultura.org.br\/index.php?rest_route=\/wp\/v2\/posts"}],"about":[{"href":"https:\/\/revistacienciaecultura.org.br\/index.php?rest_route=\/wp\/v2\/types\/post"}],"author":[{"embeddable":true,"href":"https:\/\/revistacienciaecultura.org.br\/index.php?rest_route=\/wp\/v2\/users\/19"}],"replies":[{"embeddable":true,"href":"https:\/\/revistacienciaecultura.org.br\/index.php?rest_route=%2Fwp%2Fv2%2Fcomments&post=2581"}],"version-history":[{"count":2,"href":"https:\/\/revistacienciaecultura.org.br\/index.php?rest_route=\/wp\/v2\/posts\/2581\/revisions"}],"predecessor-version":[{"id":2584,"href":"https:\/\/revistacienciaecultura.org.br\/index.php?rest_route=\/wp\/v2\/posts\/2581\/revisions\/2584"}],"wp:featuredmedia":[{"embeddable":true,"href":"https:\/\/revistacienciaecultura.org.br\/index.php?rest_route=\/wp\/v2\/media\/2582"}],"wp:attachment":[{"href":"https:\/\/revistacienciaecultura.org.br\/index.php?rest_route=%2Fwp%2Fv2%2Fmedia&parent=2581"}],"wp:term":[{"taxonomy":"category","embeddable":true,"href":"https:\/\/revistacienciaecultura.org.br\/index.php?rest_route=%2Fwp%2Fv2%2Fcategories&post=2581"},{"taxonomy":"post_tag","embeddable":true,"href":"https:\/\/revistacienciaecultura.org.br\/index.php?rest_route=%2Fwp%2Fv2%2Ftags&post=2581"}],"curies":[{"name":"wp","href":"https:\/\/api.w.org\/{rel}","templated":true}]}}