{"id":2592,"date":"2022-06-29T11:39:54","date_gmt":"2022-06-29T11:39:54","guid":{"rendered":"https:\/\/revistacienciaecultura.org.br\/?p=2592"},"modified":"2022-06-29T11:39:54","modified_gmt":"2022-06-29T11:39:54","slug":"200-livros-sobre-educacao-para-entender-o-brasil","status":"publish","type":"post","link":"https:\/\/revistacienciaecultura.org.br\/?p=2592","title":{"rendered":"200 livros sobre Educa\u00e7\u00e3o para entender o Brasil"},"content":{"rendered":"<p>Quais s\u00e3o os livros sobre educa\u00e7\u00e3o fundamentais para conhecermos e transformarmos o pa\u00eds? Para responder essa pergunta, o <a href=\"https:\/\/portaldobicentenario.org.br\/\"><span style=\"color: #800000;\">Portal do Bicenten\u00e1rio<\/span><\/a> est\u00e1 realizando uma pesquisa online. A iniciativa faz parte das comemora\u00e7\u00f5es dos 200 anos da Independ\u00eancia do Brasil<\/p>\n<p>O resultado ser\u00e1 uma lista com 200 livros sobre Educa\u00e7\u00e3o publicados nos \u00faltimos 200 anos no pa\u00eds. Para compor a lista, o portal pede a colabora\u00e7\u00e3o de docentes da Educa\u00e7\u00e3o B\u00e1sica e Superior <span style=\"color: #800000;\"><a style=\"color: #800000;\" href=\"https:\/\/forms.gle\/BVg4z9YEh7MZqRJa8\">preenchendo o Formul\u00e1rio<\/a>\u00a0<\/span>e indicando quais s\u00e3o os dois livros sobre a Educa\u00e7\u00e3o que acredita serem imprescind\u00edveis para conhecer o passado e\/ou o presente do Brasil e para elaborar projetos de um futuro mais democr\u00e1tico e igualit\u00e1rio.\u00a0A data limite para o preenchimento do formul\u00e1rio \u00e9 15 de julho.<\/p>\n<p>O formul\u00e1rio est\u00e1 dispon\u00edvel no endere\u00e7o:<\/p>\n<p><span style=\"color: #800000;\"><a style=\"color: #800000;\" href=\"https:\/\/forms.gle\/fhJp3m2RvVoQYGAN6\">https:\/\/forms.gle\/fhJp3m2RvVoQYGAN6<\/a><\/span><\/p>\n<h3 id=\"portal-do-bicentenario\"><strong>Portal do Bicenten\u00e1rio<\/strong><\/h3>\n<p>O Portal do Bicenten\u00e1rio \u00e9 uma iniciativa constitu\u00edda em rede por universidades, faculdades e estruturas similares, programas de p\u00f3s-gradua\u00e7\u00e3o, centros, n\u00facleos e grupos de pesquisa, institui\u00e7\u00f5es de representa\u00e7\u00e3o de pesquisadores(as) e de programas de p\u00f3s-gradua\u00e7\u00e3o, sindicatos de docentes, institui\u00e7\u00f5es de representa\u00e7\u00e3o de estudantes, movimentos sociais, cidad\u00e3s e cidad\u00e3os brasileiros(as). O objetivo \u00e9 produzir, editar, fazer curadoria, organizar e disponibilizar conte\u00fados sobre os 200 anos da Independ\u00eancia do Brasil e seus desdobramentos, analisados por distintos campos do conhecimento (cient\u00edficos e escolares), na arte, na cultura e nos mundos do trabalho. Seu p\u00fablico s\u00e3o professoras e professores e alunas e alunos da educa\u00e7\u00e3o b\u00e1sica brasileira, mas seu conte\u00fado tamb\u00e9m pode interessar a docentes e discentes do ensino superior, bem como ao p\u00fablico em geral que busque conhecer mais sobre o tema da Independ\u00eancia do Brasil.<\/p>\n<p>&nbsp;<\/p>\n<h6 id=\"imagem-freepik-com\">Imagem: <a href=\"http:\/\/&lt;a href='https:\/\/www.freepik.com\/photos\/student-reading'&gt;Student reading photo created by freepik - www.freepik.com&lt;\/a&gt;\">Freepik.com<\/a><\/h6>\n","protected":false},"excerpt":{"rendered":"Quais s\u00e3o os livros sobre educa\u00e7\u00e3o fundamentais para conhecermos e transformarmos o&hellip;\n","protected":false},"author":19,"featured_media":2593,"comment_status":"open","ping_status":"open","sticky":false,"template":"","format":"standard","meta":[],"categories":[1,2],"tags":[],"acf":[],"_links":{"self":[{"href":"https:\/\/revistacienciaecultura.org.br\/index.php?rest_route=\/wp\/v2\/posts\/2592"}],"collection":[{"href":"https:\/\/revistacienciaecultura.org.br\/index.php?rest_route=\/wp\/v2\/posts"}],"about":[{"href":"https:\/\/revistacienciaecultura.org.br\/index.php?rest_route=\/wp\/v2\/types\/post"}],"author":[{"embeddable":true,"href":"https:\/\/revistacienciaecultura.org.br\/index.php?rest_route=\/wp\/v2\/users\/19"}],"replies":[{"embeddable":true,"href":"https:\/\/revistacienciaecultura.org.br\/index.php?rest_route=%2Fwp%2Fv2%2Fcomments&post=2592"}],"version-history":[{"count":1,"href":"https:\/\/revistacienciaecultura.org.br\/index.php?rest_route=\/wp\/v2\/posts\/2592\/revisions"}],"predecessor-version":[{"id":2594,"href":"https:\/\/revistacienciaecultura.org.br\/index.php?rest_route=\/wp\/v2\/posts\/2592\/revisions\/2594"}],"wp:featuredmedia":[{"embeddable":true,"href":"https:\/\/revistacienciaecultura.org.br\/index.php?rest_route=\/wp\/v2\/media\/2593"}],"wp:attachment":[{"href":"https:\/\/revistacienciaecultura.org.br\/index.php?rest_route=%2Fwp%2Fv2%2Fmedia&parent=2592"}],"wp:term":[{"taxonomy":"category","embeddable":true,"href":"https:\/\/revistacienciaecultura.org.br\/index.php?rest_route=%2Fwp%2Fv2%2Fcategories&post=2592"},{"taxonomy":"post_tag","embeddable":true,"href":"https:\/\/revistacienciaecultura.org.br\/index.php?rest_route=%2Fwp%2Fv2%2Ftags&post=2592"}],"curies":[{"name":"wp","href":"https:\/\/api.w.org\/{rel}","templated":true}]}}