{"id":2596,"date":"2022-06-30T10:37:38","date_gmt":"2022-06-30T10:37:38","guid":{"rendered":"https:\/\/revistacienciaecultura.org.br\/?p=2596"},"modified":"2022-06-30T10:37:38","modified_gmt":"2022-06-30T10:37:38","slug":"74a-reuniao-anual-da-sbpc-tera-programacao-recorde","status":"publish","type":"post","link":"https:\/\/revistacienciaecultura.org.br\/?p=2596","title":{"rendered":"74\u00aa Reuni\u00e3o Anual da SBPC ter\u00e1 programa\u00e7\u00e3o recorde"},"content":{"rendered":"<p>A Reuni\u00e3o Anual da Sociedade Brasileira para o Progresso da Ci\u00eancia (SBPC) retorna \u00e0 sua forma presencial, depois de dois anos de atividades virtuais devido \u00e0 pandemia do coronav\u00edrus. Em sua 74\u00aa edi\u00e7\u00e3o, que ser\u00e1 realizada de 24 a 30 de julho na Universidade de Bras\u00edlia (UnB), contar\u00e1 com mais de 100 atividades entre os dias 24 e 30 de julho.\u00a0 Neste ano, o evento traz como tema\u00a0\u201cCi\u00eancia, independ\u00eancia e soberania nacional\u201d, em alus\u00e3o ao ano que marca o bicenten\u00e1rio da Independ\u00eancia do Brasil e o centen\u00e1rio da Semana de Arte Moderna.<\/p>\n<p>Esta edi\u00e7\u00e3o acontecer\u00e1 de forma h\u00edbrida, com atividades virtuais e presenciais, nos quatro campi da Universidade de Bras\u00edlia (UnB): Darcy Ribeiro, Ceil\u00e2ndia, Gama e Planaltina.<\/p>\n<p>Durante a semana, est\u00e3o programadas 44 confer\u00eancias (27 presenciais), 80 mesas-redondas (50 presenciais), 54 pain\u00e9is (2 presenciais), 14 webminicursos, 10 sess\u00f5es especiais (presenciais), 1 encontro (presencial), 1 assembleia (presencial), lan\u00e7amento de 5 livros e 6 exposi\u00e7\u00f5es. De forma experimental, a SBPC tamb\u00e9m levar\u00e1 \u00e0 UnB 30 atividades presenciais do programa SBPC vai \u00e0 Escola, destinadas aos estudantes e professores da educa\u00e7\u00e3o b\u00e1sica.<\/p>\n<p>O evento contar\u00e1 com a participa\u00e7\u00e3o de cientistas de destaque no Pa\u00eds e no mundo, como Margareth Dalcolmo, pneumologista e pesquisadora da Escola Nacional de Sa\u00fade P\u00fablica da Funda\u00e7\u00e3o Oswaldo Cruz (Fiocruz), que ir\u00e1 proferir a confer\u00eancia \u201cA vis\u00e3o da ci\u00eancia no enfrentamento da pandemia e o futuro da sa\u00fade no Brasil\u201d.<\/p>\n<p>Como de costume, a Reuni\u00e3o Anual ser\u00e1 um espa\u00e7o de debates estrat\u00e9gicos para o futuro do setor, como a formula\u00e7\u00e3o de pol\u00edticas p\u00fablicas para a CT&amp;I. Por isso, ir\u00e1 reunir gestores importantes da \u00e1rea como Paulo Alvim, ministro de Ci\u00eancia, Tecnologia e Inova\u00e7\u00f5es, Evaldo Ferreira Vilela, presidente do Conselho Nacional de Desenvolvimento Cient\u00edfico e Tecnol\u00f3gico (CNPq), Odir Dellagostin, presidente do Conselho Nacional das Funda\u00e7\u00f5es Estaduais de Amparo \u00e0 Pesquisa (Confap), Cl\u00e1udia Mansani Queda de Toledo, presidente da Coordena\u00e7\u00e3o de Aperfei\u00e7oamento de Pessoal de N\u00edvel Superior(Capes). Parlamentares tamb\u00e9m participar\u00e3o de atividades.<\/p>\n<p>Para debater temas relacionados ao meio ambiente a programa\u00e7\u00e3o contar\u00e1 com a participar\u00e3o de especialistas, dentre eles, Paulo Artaxo, professor do Instituto de F\u00edsica da Universidade de S\u00e3o Paulo (USP), membro do Painel Intergovernamental para Mudan\u00e7as Clim\u00e1ticas (IPCC)\u00a0e vice-presidente da SBPC, Carlos Nobre, pesquisador do Instituto Nacional de Pesquisas Espaciais (Inpe) e Instituto de Estudos Avan\u00e7ados da USP (IEA-USP), Ricardo Galv\u00e3o, professor titular do Instituto de F\u00edsica da Universidade de S\u00e3o Paulo (USP), e Luciana Gomes Barbosa, professora da Universidade Federal da Para\u00edba (UFPB) e coordenadora do Grupo de Trabalho Meio Ambiente da SBPC.<\/p>\n<h3 id=\"webminicursos\">WEBMinicursos<\/h3>\n<p>A 74\u00aa Reuni\u00e3o Anual da SBPC tamb\u00e9m ofertar\u00e1 14 webminicursos que abranger\u00e3o temas de diversas \u00e1reas do conhecimento e que est\u00e3o com as matr\u00edculas abertas at\u00e9 21 de julho.<\/p>\n<p>Para quem se interessa pela \u00e1rea biol\u00f3gica, h\u00e1 cursos como \u201cAn\u00e1lise de variantes gen\u00e9ticas e t\u00e9cnicas em patologia molecular\u201d, \u201cEnfrentamento das desigualdades e interseccionalidades: contribui\u00e7\u00f5es da sa\u00fade coletiva para repensar o Brasil\u201d e \u201cVigil\u00e2ncia sanit\u00e1ria em tempos de pandemia\u201d.<\/p>\n<p>J\u00e1 para os entusiastas em divulga\u00e7\u00e3o cient\u00edfica, os webminicursos \u201cEducomunica\u00e7\u00e3o e comunica\u00e7\u00e3o p\u00fablica da ci\u00eancia\u201d, \u201cDivulga\u00e7\u00e3o cient\u00edfica, humanidades e tecnologias: possibilidades e desafios do uso dos podcasts\u201d, \u201cIntera\u00e7\u00e3o e di\u00e1logo com o professor contador de hist\u00f3rias\u201d, \u201cClubes de ci\u00eancias nas escolas: formatos, metodologias, projetos e pr\u00e1ticas\u201d e \u201cArte e educa\u00e7\u00e3o est\u00e9tica na forma\u00e7\u00e3o de professores\u201d\u00a0s\u00e3o oportunidades para ampliar o conhecimento.<\/p>\n<p>Os WEBMinicursos contam com quatro aulas, sendo as tr\u00eas primeiras videoaulas gravadas e disponibilizadas de 1\u00ba de julho at\u00e9\u00a0 5 de agosto. A carga hor\u00e1ria dos minicursos varia de seis a oito horas, com direito a certificado de frequ\u00eancia para quem assistir a todas as aulas gravadas e \u00e0 aula ao vivo.<\/p>\n<p>Os interessados poder\u00e3o se inscrever em at\u00e9 cinco minicursos.<span style=\"color: #800000;\">\u00a0<a style=\"color: #800000;\" href=\"https:\/\/reunioes.sbpcnet.org.br\/74RA\/lista_mc.php\" target=\"_blank\" rel=\"noopener\">Veja aqui a lista completa dos WEBMinicursos.<\/a><\/span><\/p>\n<p>O evento contar\u00e1 tamb\u00e9m com atra\u00e7\u00f5es como a SBPC Jovem (exposi\u00e7\u00e3o voltada para estudantes do ensino b\u00e1sico e p\u00fablico em geral), a ExpoT&amp;C (mostra de ci\u00eancia e tecnologia), a SBPC Cultural (apresenta\u00e7\u00e3o de atividades art\u00edsticas regionais e discuss\u00f5es sobre temas relacionados \u00e0s artes e \u00e0 cultura), al\u00e9m da SBPC Afro e Ind\u00edgena, SBPC Educa\u00e7\u00e3o e a SBPC Inova\u00e7\u00e3o.<\/p>\n<p>A 74\u00aa edi\u00e7\u00e3o da Reuni\u00e3o Anual ser\u00e1 encerrada com o Dia da Fam\u00edlia na Ci\u00eancia, em um s\u00e1bado dedicado \u00e0 integra\u00e7\u00e3o entre cultura, ci\u00eancia e recrea\u00e7\u00e3o para crian\u00e7as, jovens e seus familiares.<\/p>\n<p>Confira aqui informa\u00e7\u00f5es sobre o evento:\u00a0<span style=\"color: #800000;\"><a style=\"color: #800000;\" href=\"https:\/\/ra.sbpcnet.org.br\/74RA\/\" target=\"_blank\" rel=\"noopener\">https:\/\/ra.sbpcnet.org.br\/74RA\/<\/a><\/span>.<\/p>\n<p><a href=\"http:\/\/www.jornaldaciencia.org.br\"><em>Jornal da Ci\u00eancia<\/em><\/a><\/p>\n","protected":false},"excerpt":{"rendered":"A Reuni\u00e3o Anual da Sociedade Brasileira para o Progresso da Ci\u00eancia (SBPC)&hellip;\n","protected":false},"author":19,"featured_media":2054,"comment_status":"open","ping_status":"open","sticky":false,"template":"","format":"standard","meta":[],"categories":[1,2],"tags":[],"acf":[],"_links":{"self":[{"href":"https:\/\/revistacienciaecultura.org.br\/index.php?rest_route=\/wp\/v2\/posts\/2596"}],"collection":[{"href":"https:\/\/revistacienciaecultura.org.br\/index.php?rest_route=\/wp\/v2\/posts"}],"about":[{"href":"https:\/\/revistacienciaecultura.org.br\/index.php?rest_route=\/wp\/v2\/types\/post"}],"author":[{"embeddable":true,"href":"https:\/\/revistacienciaecultura.org.br\/index.php?rest_route=\/wp\/v2\/users\/19"}],"replies":[{"embeddable":true,"href":"https:\/\/revistacienciaecultura.org.br\/index.php?rest_route=%2Fwp%2Fv2%2Fcomments&post=2596"}],"version-history":[{"count":1,"href":"https:\/\/revistacienciaecultura.org.br\/index.php?rest_route=\/wp\/v2\/posts\/2596\/revisions"}],"predecessor-version":[{"id":2597,"href":"https:\/\/revistacienciaecultura.org.br\/index.php?rest_route=\/wp\/v2\/posts\/2596\/revisions\/2597"}],"wp:featuredmedia":[{"embeddable":true,"href":"https:\/\/revistacienciaecultura.org.br\/index.php?rest_route=\/wp\/v2\/media\/2054"}],"wp:attachment":[{"href":"https:\/\/revistacienciaecultura.org.br\/index.php?rest_route=%2Fwp%2Fv2%2Fmedia&parent=2596"}],"wp:term":[{"taxonomy":"category","embeddable":true,"href":"https:\/\/revistacienciaecultura.org.br\/index.php?rest_route=%2Fwp%2Fv2%2Fcategories&post=2596"},{"taxonomy":"post_tag","embeddable":true,"href":"https:\/\/revistacienciaecultura.org.br\/index.php?rest_route=%2Fwp%2Fv2%2Ftags&post=2596"}],"curies":[{"name":"wp","href":"https:\/\/api.w.org\/{rel}","templated":true}]}}