{"id":2602,"date":"2022-08-22T14:14:06","date_gmt":"2022-08-22T14:14:06","guid":{"rendered":"https:\/\/revistacienciaecultura.org.br\/?p=2602"},"modified":"2022-08-23T10:24:19","modified_gmt":"2022-08-23T10:24:19","slug":"fatos-astronomicos-importantes-de-1500-a-1822","status":"publish","type":"post","link":"https:\/\/revistacienciaecultura.org.br\/?p=2602","title":{"rendered":"Fatos astron\u00f4micos importantes (1500-1822)"},"content":{"rendered":"<ul>\n<li>1519-1522: circunavega\u00e7\u00e3o de Fern\u00e3o de Magalh\u00e3es e Jo\u00e3o Sebasti\u00e3o Elcano.<\/li>\n<li>1542: publica\u00e7\u00e3o de <em>De Revolutionibus<\/em>, de Cop\u00e9rnico.<\/li>\n<li>1576-1580: constru\u00e7\u00e3o de <em>Uraniborg<\/em>, de instrumentos e aperfei\u00e7oamento de m\u00e9todos de observa\u00e7\u00e3o astron\u00f4mica por Tycho Brahe, conducentes a medi\u00e7\u00f5es com a precis\u00e3o-limite do olho nu.<\/li>\n<li>1582: Reforma Gregoriana do Calend\u00e1rio.<\/li>\n<li>1610: introdu\u00e7\u00e3o por Galileu da luneta na Astronomia e o consequente desvelamento de novos fatos observacionais que refutaram a Astronomia aristot\u00e9lico-ptolomaica que j\u00e1 vigia quase bimilenarmente.<\/li>\n<li>1618-1687: a r\u00e1pida transi\u00e7\u00e3o da Astronomia cinem\u00e1tica de Kepler \u00e0 Astronomia din\u00e2mica de Newton.<\/li>\n<li>1672-1673: observa\u00e7\u00f5es astron\u00f4micas de Jean Richer em Caiena.<\/li>\n<li>1750-1754: o abade franc\u00eas Lacaille, astr\u00f4nomo e geodesista membro da Academia de Ci\u00eancias de Paris, produziu o mais abrangente cat\u00e1logo at\u00e9 ent\u00e3o, com mais de 10 mil estrelas austrais, usando uma luneta de apenas 1,25 cm de di\u00e2metro, num pequeno observat\u00f3rio que ele improvisou na atual Cidade do Cabo, na \u00c1frica do Sul. Designou 14 novas constela\u00e7\u00f5es oficializadas pela Uni\u00e3o Astron\u00f4mica Internacional.<\/li>\n<li>1758: a revoga\u00e7\u00e3o da interdi\u00e7\u00e3o de <em>De Revolutionibus<\/em> pela Congrega\u00e7\u00e3o do Santo Of\u00edcio em 1616.<\/li>\n<li>1822: permiss\u00e3o do Col\u00e9gio de Cardeais para a publica\u00e7\u00e3o e ensino do heliocentrismo.<\/li>\n<li>1823: o \u00f3ptico alem\u00e3o Joseph von Fraunhofer, construtor do primeiro espectr\u00f3grafo de precis\u00e3o, descobre linhas escuras no espectro de estrelas, como as que tinha encontrado no espectro do Sol em 1814 e ajuda a inaugurar um novo ramo da Astronomia, a Astrof\u00edsica que aplica as teorias e leis da F\u00edsica para interpretar as observa\u00e7\u00f5es astron\u00f4micas e revelar a natureza f\u00edsica dos astros e do Universo.<\/li>\n<\/ul>\n","protected":false},"excerpt":{"rendered":"1519-1522: circunavega\u00e7\u00e3o de Fern\u00e3o de Magalh\u00e3es e Jo\u00e3o Sebasti\u00e3o Elcano. 1542: publica\u00e7\u00e3o&hellip;\n","protected":false},"author":44,"featured_media":0,"comment_status":"open","ping_status":"open","sticky":false,"template":"","format":"standard","meta":[],"categories":[144],"tags":[],"acf":[],"_links":{"self":[{"href":"https:\/\/revistacienciaecultura.org.br\/index.php?rest_route=\/wp\/v2\/posts\/2602"}],"collection":[{"href":"https:\/\/revistacienciaecultura.org.br\/index.php?rest_route=\/wp\/v2\/posts"}],"about":[{"href":"https:\/\/revistacienciaecultura.org.br\/index.php?rest_route=\/wp\/v2\/types\/post"}],"author":[{"embeddable":true,"href":"https:\/\/revistacienciaecultura.org.br\/index.php?rest_route=\/wp\/v2\/users\/44"}],"replies":[{"embeddable":true,"href":"https:\/\/revistacienciaecultura.org.br\/index.php?rest_route=%2Fwp%2Fv2%2Fcomments&post=2602"}],"version-history":[{"count":2,"href":"https:\/\/revistacienciaecultura.org.br\/index.php?rest_route=\/wp\/v2\/posts\/2602\/revisions"}],"predecessor-version":[{"id":2962,"href":"https:\/\/revistacienciaecultura.org.br\/index.php?rest_route=\/wp\/v2\/posts\/2602\/revisions\/2962"}],"wp:attachment":[{"href":"https:\/\/revistacienciaecultura.org.br\/index.php?rest_route=%2Fwp%2Fv2%2Fmedia&parent=2602"}],"wp:term":[{"taxonomy":"category","embeddable":true,"href":"https:\/\/revistacienciaecultura.org.br\/index.php?rest_route=%2Fwp%2Fv2%2Fcategories&post=2602"},{"taxonomy":"post_tag","embeddable":true,"href":"https:\/\/revistacienciaecultura.org.br\/index.php?rest_route=%2Fwp%2Fv2%2Ftags&post=2602"}],"curies":[{"name":"wp","href":"https:\/\/api.w.org\/{rel}","templated":true}]}}