{"id":2614,"date":"2022-08-22T14:25:35","date_gmt":"2022-08-22T14:25:35","guid":{"rendered":"https:\/\/revistacienciaecultura.org.br\/?p=2614"},"modified":"2022-08-23T10:23:27","modified_gmt":"2022-08-23T10:23:27","slug":"uniao-iberica-1580-1640","status":"publish","type":"post","link":"https:\/\/revistacienciaecultura.org.br\/?p=2614","title":{"rendered":"Uni\u00e3o Ib\u00e9rica (1580-1640)"},"content":{"rendered":"<p>A causa da Uni\u00e3o Ib\u00e9rica foi a crise de sucess\u00e3o em Portugal, com a morte do famoso rei D. Sebasti\u00e3o na batalha de Alc\u00e1cer Quibir, no Marrocos, em 1578, sem deixar sucessor. Encerrava-se a dinastia de Avis e os reis filipinos da Espanha, Filipe II, III e IV seriam, respectivamente, os reis Filipe I, II e III de Portugal.<\/p>\n<p>A Uni\u00e3o significou a unifica\u00e7\u00e3o das coroas espanhola e portuguesa, mas foi um golpe oportunista da coroa espanhola num momento de fragilidade de Portugal.<\/p>\n<p>Para a coroa espanhola, o in\u00edcio da Uni\u00e3o Ib\u00e9rica foi um momento de gl\u00f3ria. A anexa\u00e7\u00e3o de Portugal aos dom\u00ednios de Filipe II n\u00e3o trouxe apenas um reino a mais para a Espanha, mas o maior imp\u00e9rio que at\u00e9 ent\u00e3o um monarca europeu havia herdado. O Brasil era o que faltava para que Filipe II fosse o \u00fanico soberano, desde o sudoeste da Am\u00e9rica do Norte at\u00e9 o extremo-sul americano. Todo esse conjunto formava a Monarquia Cat\u00f3lica, a defensora da f\u00e9 cat\u00f3lica universal, frente aos inimigos: o Isl\u00e3 e os protestantes.<\/p>\n<p>Inversamente ao in\u00edcio glorioso da Uni\u00e3o Ib\u00e9rica, o desenrolar dos tr\u00eas reinados filipinos foi marcado pelo cont\u00ednuo decl\u00ednio da coroa espanhola. Filipe II numa investida desastrosa, desejando derrotar Elizabeth I da Inglaterra por ser protestante, sofreu em 1588 o vexame da Invenc\u00edvel Armada, nome despectivo dado \u00e0 poderosa esquadra espanhola pelos ingleses vencedores. \u201c&#8230; o ano de 1640, representava o desmoronamento do formid\u00e1vel edif\u00edcio de 1580, com a separa\u00e7\u00e3o de Portugal, o intento de secess\u00e3o da Catalunha, as revoltas regionais, as derrotas navais e militares e a desastrosa situa\u00e7\u00e3o econ\u00f4mica.\u201d[1]\n<hr \/>\n<h5 id=\"nota\">Nota<\/h5>\n<h6 id=\"1-megiani-ana-paula-torres-perez-jose-manuel-santos-e-silva-e-kalina-vanderlei-organizadores-introducao-o-brasil-na-monarquia-hispanica-1580-1668-novas-interpretacoes-historia-diversa-v\">[1] Megiani, Ana Paula Torres; P\u00e9rez, Jos\u00e9 Manuel Santos e Silva e Kalina Vanderlei, (Organizadores), Introdu\u00e7\u00e3o, O Brasil na Monarquia Hisp\u00e2nica (1580-1668), Novas interpreta\u00e7\u00f5es, <em>Historia Diversa<\/em>, V. 2, 7-21, Humanitas, S\u00e3o Paulo, 2016.<\/h6>\n","protected":false},"excerpt":{"rendered":"A causa da Uni\u00e3o Ib\u00e9rica foi a crise de sucess\u00e3o em Portugal,&hellip;\n","protected":false},"author":44,"featured_media":0,"comment_status":"open","ping_status":"open","sticky":false,"template":"","format":"standard","meta":[],"categories":[144],"tags":[],"acf":[],"_links":{"self":[{"href":"https:\/\/revistacienciaecultura.org.br\/index.php?rest_route=\/wp\/v2\/posts\/2614"}],"collection":[{"href":"https:\/\/revistacienciaecultura.org.br\/index.php?rest_route=\/wp\/v2\/posts"}],"about":[{"href":"https:\/\/revistacienciaecultura.org.br\/index.php?rest_route=\/wp\/v2\/types\/post"}],"author":[{"embeddable":true,"href":"https:\/\/revistacienciaecultura.org.br\/index.php?rest_route=\/wp\/v2\/users\/44"}],"replies":[{"embeddable":true,"href":"https:\/\/revistacienciaecultura.org.br\/index.php?rest_route=%2Fwp%2Fv2%2Fcomments&post=2614"}],"version-history":[{"count":1,"href":"https:\/\/revistacienciaecultura.org.br\/index.php?rest_route=\/wp\/v2\/posts\/2614\/revisions"}],"predecessor-version":[{"id":2615,"href":"https:\/\/revistacienciaecultura.org.br\/index.php?rest_route=\/wp\/v2\/posts\/2614\/revisions\/2615"}],"wp:attachment":[{"href":"https:\/\/revistacienciaecultura.org.br\/index.php?rest_route=%2Fwp%2Fv2%2Fmedia&parent=2614"}],"wp:term":[{"taxonomy":"category","embeddable":true,"href":"https:\/\/revistacienciaecultura.org.br\/index.php?rest_route=%2Fwp%2Fv2%2Fcategories&post=2614"},{"taxonomy":"post_tag","embeddable":true,"href":"https:\/\/revistacienciaecultura.org.br\/index.php?rest_route=%2Fwp%2Fv2%2Ftags&post=2614"}],"curies":[{"name":"wp","href":"https:\/\/api.w.org\/{rel}","templated":true}]}}