{"id":2618,"date":"2022-08-22T14:29:19","date_gmt":"2022-08-22T14:29:19","guid":{"rendered":"https:\/\/revistacienciaecultura.org.br\/?p=2618"},"modified":"2022-08-23T10:23:05","modified_gmt":"2022-08-23T10:23:05","slug":"o-governador-e-capitao-geral-mauricio-de-nassau-1604-1679","status":"publish","type":"post","link":"https:\/\/revistacienciaecultura.org.br\/?p=2618","title":{"rendered":"O Governador e Capit\u00e3o Geral Maur\u00edcio de Nassau (1604-1679)"},"content":{"rendered":"<p>Em 1637 chegava a Recife o conde alem\u00e3o Jo\u00e3o Maur\u00edcio de Nassau nomeado governador e chefe militar do novo territ\u00f3rio holand\u00eas. Sendo ele um h\u00e1bil administrador, empr\u00e9stimos foram concedidos aos senhores de engenho que, assim, puderam reativar a produ\u00e7\u00e3o a\u00e7ucareira. Lutando militarmente contra os portugueses, os holandeses conseguiram estender o seu dom\u00ednio territorial at\u00e9 o\u00a0Cear\u00e1 ao norte, e at\u00e9 o\u00a0<a href=\"https:\/\/escolakids.uol.com.br\/geografia\/rio-sao-francisco.htm\">rio S\u00e3o Francisco<\/a> ao sul, mesmo ap\u00f3s o t\u00e9rmino da Uni\u00e3o Ib\u00e9rica. Por terem interesse nos escravos negros, na \u00c1frica eles tomaram posse de Elmina (S\u00e3o Tom\u00e9 e Pr\u00edncipe) e de Angola, dos portugueses.<\/p>\n<p>Tendo forma\u00e7\u00e3o human\u00edstica \u2013 e esse foi um tra\u00e7o que o diferenciou -, Nassau urbanizou Recife, construiu edifica\u00e7\u00f5es marcantes e uma ponte nos moldes das de Amsterd\u00e3 entre o Recife Velho, o porto, e a ilha de Santo Ant\u00f4nio onde ficava a Resid\u00eancia do Conde. Tamb\u00e9m concedeu liberdade religiosa\u00a0e de culto para cat\u00f3licos, calvinistas e judeus. Durante seu governo se instalou a primeira sinagoga do Novo Mundo. Por\u00e9m, para o Brasil Col\u00f4nia essa incurs\u00e3o holandesa foi o maior conflito pol\u00edtico-militar na fase da Restaura\u00e7\u00e3o Pernambucana.<\/p>\n<p>Uma medida pessoal de Nassau, apoiada pelo culto ge\u00f3grafo e diretor da CIO, Joannes\u00a0 de Laet (1581-1649), t\u00e3o humanista quanto Nassau, foi incluir na sua corte uma\u00a0miss\u00e3o cultural composta por artistas e cientistas\u00a0para estudar a natureza brasileira, sua flora, fauna e popula\u00e7\u00e3o nativa, e retratar o cotidiano. Dessa miss\u00e3o fez parte o cosm\u00f3grafo e naturalista Jorge Marcgrave.<\/p>\n<p>Nassau foi elogiado como administrador h\u00e1bil e prudente. Seu governo teve \u00eaxito. Mas em meados do s\u00e9culo 17, a CIO deu sinais de fal\u00eancia. J\u00e1 se tornara incapaz de financiar a coloniza\u00e7\u00e3o do nordeste brasileiro. Por isso come\u00e7ou a cobrar aquele empr\u00e9stimo feito inicialmente aos senhores de engenho, o que provocou forte revolta. A situa\u00e7\u00e3o piorou quando o pr\u00f3prio Nassau pediu demiss\u00e3o e voltou \u00e0 Holanda.<\/p>\n","protected":false},"excerpt":{"rendered":"Em 1637 chegava a Recife o conde alem\u00e3o Jo\u00e3o Maur\u00edcio de Nassau&hellip;\n","protected":false},"author":44,"featured_media":0,"comment_status":"open","ping_status":"open","sticky":false,"template":"","format":"standard","meta":[],"categories":[144],"tags":[],"acf":[],"_links":{"self":[{"href":"https:\/\/revistacienciaecultura.org.br\/index.php?rest_route=\/wp\/v2\/posts\/2618"}],"collection":[{"href":"https:\/\/revistacienciaecultura.org.br\/index.php?rest_route=\/wp\/v2\/posts"}],"about":[{"href":"https:\/\/revistacienciaecultura.org.br\/index.php?rest_route=\/wp\/v2\/types\/post"}],"author":[{"embeddable":true,"href":"https:\/\/revistacienciaecultura.org.br\/index.php?rest_route=\/wp\/v2\/users\/44"}],"replies":[{"embeddable":true,"href":"https:\/\/revistacienciaecultura.org.br\/index.php?rest_route=%2Fwp%2Fv2%2Fcomments&post=2618"}],"version-history":[{"count":1,"href":"https:\/\/revistacienciaecultura.org.br\/index.php?rest_route=\/wp\/v2\/posts\/2618\/revisions"}],"predecessor-version":[{"id":2619,"href":"https:\/\/revistacienciaecultura.org.br\/index.php?rest_route=\/wp\/v2\/posts\/2618\/revisions\/2619"}],"wp:attachment":[{"href":"https:\/\/revistacienciaecultura.org.br\/index.php?rest_route=%2Fwp%2Fv2%2Fmedia&parent=2618"}],"wp:term":[{"taxonomy":"category","embeddable":true,"href":"https:\/\/revistacienciaecultura.org.br\/index.php?rest_route=%2Fwp%2Fv2%2Fcategories&post=2618"},{"taxonomy":"post_tag","embeddable":true,"href":"https:\/\/revistacienciaecultura.org.br\/index.php?rest_route=%2Fwp%2Fv2%2Ftags&post=2618"}],"curies":[{"name":"wp","href":"https:\/\/api.w.org\/{rel}","templated":true}]}}