{"id":2629,"date":"2022-08-22T14:39:23","date_gmt":"2022-08-22T14:39:23","guid":{"rendered":"https:\/\/revistacienciaecultura.org.br\/?p=2629"},"modified":"2022-08-23T10:22:07","modified_gmt":"2022-08-23T10:22:07","slug":"d-joao-iv-e-a-restauracao-de-portugal","status":"publish","type":"post","link":"https:\/\/revistacienciaecultura.org.br\/?p=2629","title":{"rendered":"D. Jo\u00e3o IV e a Restaura\u00e7\u00e3o de Portugal"},"content":{"rendered":"<p>Filipe IV da Espanha, o \u00faltimo dos filipinos da Uni\u00e3o Ib\u00e9rica, desgostou os portugueses querendo aumentar os impostos e diminuir a influ\u00eancia portuguesa na corte espanhola. Esse foi o estopim que levou \u00e0 aclama\u00e7\u00e3o popular de D. Jo\u00e3o IV, da dinastia de Bragan\u00e7a, como rei de Portugal. Sendo chamado Restaurador de Portugal, reinou de 1640 at\u00e9 a morte em 1656. Mas, por n\u00e3o estar aliado aos Habsburgos, morreu sem ser reconhecido como rei pelo papa, algo ent\u00e3o necess\u00e1rio. Esse reconhecimento s\u00f3 veio em 1668 com a paz selada entre Espanha e Portugal (Tratado de Lisboa de 1668). Mas custou as despesas de guerras com a Espanha que nada resolviam, do envolvimento de Portugal com Espanha e Holanda para ganhar a alian\u00e7a dos inimigos da Espanha e derrotar seu rei (Felipe V), que lutava praticamente contra o resto da Europa.<\/p>\n<p>D. Jo\u00e3o IV j\u00e1 tinha herdado da Uni\u00e3o Ib\u00e9rica um triste legado. Portugal j\u00e1 tinha errado come\u00e7ando a se empenhar em colonizar o Brasil com atraso, quando os lucros das especiarias do Oriente j\u00e1 diminu\u00edam pelo aumento do custo de manuten\u00e7\u00e3o dos dom\u00ednios portugueses na \u00c1frica e na \u00c1sia, que inclu\u00eda naufr\u00e1gios, estabelecimento de fortes e feitorias, revoltas de popula\u00e7\u00f5es locais, ataques de indianos, chineses e mu\u00e7ulmanos e at\u00e9 expuls\u00f5es. O decl\u00ednio do com\u00e9rcio de Portugal com as \u00cdndias foi sentido no in\u00edcio do s\u00e9culo 17, quando a Uni\u00e3o Ib\u00e9rica enfraqueceu a marinha de guerra portuguesa e possess\u00f5es foram perdidas para mu\u00e7ulmanos e protestantes ingleses e holandeses.[1] \u201cA neglig\u00eancia dos reis da Casa de \u00c1ustria com as possess\u00f5es portuguesas, a sua preocupa\u00e7\u00e3o extrema com as guerras na Europa e a prata americana teriam determinado a cadeia de perdas das primeiras quatro d\u00e9cadas do s\u00e9culo XVII, especialmente entre os anos 1621 a 1641. Nesse curto per\u00edodo de duas d\u00e9cadas, os portugueses viram o imp\u00e9rio mar\u00edtimo do Estado da \u00cdndia, organizado em entrepostos comerciais na \u00c1sia como Ormuz, Goa e Malaca, constru\u00eddo com enormes esfor\u00e7os em homens e dinheiro durante o s\u00e9culo XVI, cair indefeso ante os ataques de ingleses e holandeses. Ademais, Portugal perdera para os holandeses Pernambuco e as capitanias do norte do Brasil, a mais importante regi\u00e3o de produ\u00e7\u00e3o a\u00e7ucareira do imp\u00e9rio, sendo recuperada, j\u00e1 no per\u00edodo restauracionista pelos esfor\u00e7ados colonos luso-pernambucanos. Como (Portugal) n\u00e3o culpar a desastrosa pol\u00edtica dos Habsburgo pela enorme perda?\u201d[2]\n<hr \/>\n<h5 id=\"notas\">Notas<\/h5>\n<h6 id=\"1-mourelle-thiago-cavaliere-goa-e-o-estado-da-india-portugues-in-portugal-e-o-estado-da-india-o-arquivo-nacional-e-a-historia-luso-brasileira-2018\">[1] Mourelle, Thiago Cavaliere, Goa e o Estado da \u00cdndia portugu\u00eas <em>in <\/em>Portugal e o Estado da \u00cdndia, <em>O Arquivo Nacional e a Hist\u00f3ria Luso-Brasileira<\/em>, 2018.<\/h6>\n<h6 id=\"http-www-historiacolonial-arquivonacional-gov-br-index-phpoptioncom_contentviewarticleid5282coment%c3%a1riocatid2057itemid215\"><a href=\"http:\/\/www.historiacolonial.arquivonacional.gov.br\/index.php?option=com_content&amp;view=article&amp;id=5282:coment%C3%A1rio&amp;catid=2057&amp;Itemid=215\">http:\/\/www.historiacolonial.arquivonacional.gov.br\/index.php?option=com_content&amp;view=article&amp;id=5282:coment%C3%A1rio&amp;catid=2057&amp;Itemid=215<\/a><\/h6>\n<h6 id=\"2-megiani-ana-paula-torres-perez-jose-manuel-santos-e-silva-e-kalina-vanderlei-organizadores-introducao-o-brasil-na-monarquia-hispanica-1580-1668-novas-interpretacoes-historia-diversa-v\">[2] Megiani, Ana Paula Torres; P\u00e9rez, Jos\u00e9 Manuel Santos e Silva e Kalina Vanderlei, (Organizadores), Introdu\u00e7\u00e3o, O Brasil na Monarquia Hisp\u00e2nica (1580-1668), Novas interpreta\u00e7\u00f5es, <em>Historia Diversa<\/em>, V. 2, 7-21, Humanitas, S\u00e3o Paulo, 2016.<\/h6>\n","protected":false},"excerpt":{"rendered":"Filipe IV da Espanha, o \u00faltimo dos filipinos da Uni\u00e3o Ib\u00e9rica, desgostou&hellip;\n","protected":false},"author":44,"featured_media":0,"comment_status":"open","ping_status":"open","sticky":false,"template":"","format":"standard","meta":[],"categories":[144],"tags":[],"acf":[],"_links":{"self":[{"href":"https:\/\/revistacienciaecultura.org.br\/index.php?rest_route=\/wp\/v2\/posts\/2629"}],"collection":[{"href":"https:\/\/revistacienciaecultura.org.br\/index.php?rest_route=\/wp\/v2\/posts"}],"about":[{"href":"https:\/\/revistacienciaecultura.org.br\/index.php?rest_route=\/wp\/v2\/types\/post"}],"author":[{"embeddable":true,"href":"https:\/\/revistacienciaecultura.org.br\/index.php?rest_route=\/wp\/v2\/users\/44"}],"replies":[{"embeddable":true,"href":"https:\/\/revistacienciaecultura.org.br\/index.php?rest_route=%2Fwp%2Fv2%2Fcomments&post=2629"}],"version-history":[{"count":2,"href":"https:\/\/revistacienciaecultura.org.br\/index.php?rest_route=\/wp\/v2\/posts\/2629\/revisions"}],"predecessor-version":[{"id":2971,"href":"https:\/\/revistacienciaecultura.org.br\/index.php?rest_route=\/wp\/v2\/posts\/2629\/revisions\/2971"}],"wp:attachment":[{"href":"https:\/\/revistacienciaecultura.org.br\/index.php?rest_route=%2Fwp%2Fv2%2Fmedia&parent=2629"}],"wp:term":[{"taxonomy":"category","embeddable":true,"href":"https:\/\/revistacienciaecultura.org.br\/index.php?rest_route=%2Fwp%2Fv2%2Fcategories&post=2629"},{"taxonomy":"post_tag","embeddable":true,"href":"https:\/\/revistacienciaecultura.org.br\/index.php?rest_route=%2Fwp%2Fv2%2Ftags&post=2629"}],"curies":[{"name":"wp","href":"https:\/\/api.w.org\/{rel}","templated":true}]}}