{"id":2633,"date":"2022-08-22T14:43:39","date_gmt":"2022-08-22T14:43:39","guid":{"rendered":"https:\/\/revistacienciaecultura.org.br\/?p=2633"},"modified":"2022-08-24T10:46:00","modified_gmt":"2022-08-24T10:46:00","slug":"reis-filipinos-pedem-ocupacao-do-amazonas-aos-portugueses","status":"publish","type":"post","link":"https:\/\/revistacienciaecultura.org.br\/?p=2633","title":{"rendered":"Reis filipinos pedem ocupa\u00e7\u00e3o do Amazonas aos portugueses"},"content":{"rendered":"<p>Os portugueses enfrentaram dificuldades nos baixios perto da foz do Amazonas, nos mangues das Guianas. Bucaneiros, mercadores e colonos franceses, holandeses, ingleses e irlandeses disputavam o acesso a essas \u00e1reas cooptando ind\u00edgenas locais, aproveitando-se da imensa costa desprotegida do territ\u00f3rio espanhol. Como os espanhois da Venezuela n\u00e3o podiam defender toda a orla mar\u00edtima at\u00e9 o Amazonas, tal incumb\u00eancia tamb\u00e9m coube aos portugueses instalados em Bel\u00e9m, por determina\u00e7\u00e3o real de Filipe III.<\/p>\n<p>Em 1615 as Cortes de Portugal alertaram Felipe IV da Espanha que feitorias e barcos estrangeiros proliferavam na foz do Amazonas. O Conselho de Estado espanhol respondeu determinando que os pr\u00f3prios portugueses combatessem essas invas\u00f5es.<\/p>\n<p>Em 1621 os reis filipinos dividiram o Brasil em duas partes: uma chamada <strong>Estado do Maranh\u00e3o<\/strong>, que agrupava Maranh\u00e3o, Cear\u00e1 e Par\u00e1 e cuja capital era a cidade de S\u00e3o Lu\u00eds, e a outra que abarcava o resto, chamada <strong>Estado do Brasil,<\/strong> que permanecia com Salvador como a capital. O novo estado do Maranh\u00e3o se subordinava diretamente ao reino, sob a justificativa de que a comunica\u00e7\u00e3o entre Salvador e S\u00e3o Lu\u00eds, devido a correntes mar\u00edtimas e regime de ventos no litoral nordestino na maior parte do ano era mais demorada do que entre S\u00e3o Lu\u00eds e Lisboa.<\/p>\n<p>Junto \u00e0 foz do Orinoco, a partir do mar das Cara\u00edbas os franceses atacavam a zona entre os rios Orinoco e Amazonas. De Caiena eles atacavam as frotas espanholas carregadas de prata que se dirigiam \u00e0 Espanha. Tamb\u00e9m traficavam escravos africanos e faziam incurs\u00f5es at\u00e9 a foz do Amazonas. Para resistir a estes assaltos, a regi\u00e3o foi dividida em capitanias e sesmarias\u00a0foram distribu\u00eddas aos colonos. O Cabo do Norte, atual Amap\u00e1, foi uma capitania doada em 1637 por Felipe IV da Espanha por m\u00e9ritos conquistados, a Bento Maciel Parente, desbravador e militar portugu\u00eas. No fim os estrangeiros ficariam apenas com territ\u00f3rios das regi\u00f5es pantanosas das Guianas.<\/p>\n","protected":false},"excerpt":{"rendered":"Os portugueses enfrentaram dificuldades nos baixios perto da foz do Amazonas, nos&hellip;\n","protected":false},"author":44,"featured_media":0,"comment_status":"open","ping_status":"open","sticky":false,"template":"","format":"standard","meta":[],"categories":[144],"tags":[],"acf":[],"_links":{"self":[{"href":"https:\/\/revistacienciaecultura.org.br\/index.php?rest_route=\/wp\/v2\/posts\/2633"}],"collection":[{"href":"https:\/\/revistacienciaecultura.org.br\/index.php?rest_route=\/wp\/v2\/posts"}],"about":[{"href":"https:\/\/revistacienciaecultura.org.br\/index.php?rest_route=\/wp\/v2\/types\/post"}],"author":[{"embeddable":true,"href":"https:\/\/revistacienciaecultura.org.br\/index.php?rest_route=\/wp\/v2\/users\/44"}],"replies":[{"embeddable":true,"href":"https:\/\/revistacienciaecultura.org.br\/index.php?rest_route=%2Fwp%2Fv2%2Fcomments&post=2633"}],"version-history":[{"count":2,"href":"https:\/\/revistacienciaecultura.org.br\/index.php?rest_route=\/wp\/v2\/posts\/2633\/revisions"}],"predecessor-version":[{"id":3090,"href":"https:\/\/revistacienciaecultura.org.br\/index.php?rest_route=\/wp\/v2\/posts\/2633\/revisions\/3090"}],"wp:attachment":[{"href":"https:\/\/revistacienciaecultura.org.br\/index.php?rest_route=%2Fwp%2Fv2%2Fmedia&parent=2633"}],"wp:term":[{"taxonomy":"category","embeddable":true,"href":"https:\/\/revistacienciaecultura.org.br\/index.php?rest_route=%2Fwp%2Fv2%2Fcategories&post=2633"},{"taxonomy":"post_tag","embeddable":true,"href":"https:\/\/revistacienciaecultura.org.br\/index.php?rest_route=%2Fwp%2Fv2%2Ftags&post=2633"}],"curies":[{"name":"wp","href":"https:\/\/api.w.org\/{rel}","templated":true}]}}