{"id":2660,"date":"2022-08-22T19:34:21","date_gmt":"2022-08-22T19:34:21","guid":{"rendered":"https:\/\/revistacienciaecultura.org.br\/?p=2660"},"modified":"2022-08-23T10:19:24","modified_gmt":"2022-08-23T10:19:24","slug":"bandeiras-e-entradas","status":"publish","type":"post","link":"https:\/\/revistacienciaecultura.org.br\/?p=2660","title":{"rendered":"Bandeiras e entradas"},"content":{"rendered":"<p>Do sudeste partir\u00e1 um movimento rumo ao centro-oeste (antigo Estado de Mato Grosso e Paran\u00e1) promovendo o apresamento de \u00edndios para escraviza\u00e7\u00e3o, a explora\u00e7\u00e3o de ouro e pedras preciosas. Os participantes do movimento eram chamados bandeirantes paulistas. Eram bandos de centenas de homens de S\u00e3o Paulo e vilas litor\u00e2neas da regi\u00e3o que sa\u00edam, por pr\u00f3pria conta e risco, em expedi\u00e7\u00f5es pelo interior do territ\u00f3rio, objetivando tamb\u00e9m capturar escravos negros fugitivos e destruir quilombos. Particularmente a busca de metais preciosos tinha apoio da coroa.<\/p>\n<p>As miss\u00f5es dos jesu\u00edtas espanhois constitu\u00edam alvos de ataque, pois l\u00e1 estavam ind\u00edgenas aldeados, j\u00e1 treinados para o trabalho. O aldeamento teria iniciado por volta de 1610 e d\u00e9cadas seguintes. Assim que novas miss\u00f5es eram fundadas, os bandeirantes as atacavam e destru\u00edam. Pelos \u00edndios, os aldeamentos eram procurados como ref\u00fagio para se defenderem dos abusos dos <em>encomenderos<\/em>. A <em>encomienda<\/em> era um instituto legal da coloniza\u00e7\u00e3o espanhola que concedia ao colonizador o direito, como recompensa por algum feito anterior, de recolher tributos pagos pelos nativos como pagamento pela prote\u00e7\u00e3o que recebiam. Embora o ind\u00edgena fosse considerado um ser livre, a <em>encomienda<\/em> era uma forma de trabalho compuls\u00f3rio. Os aldeamentos que foram alvo dos bandeirantes estavam na regi\u00e3o do Itatim (oeste do Mato Grosso do Sul) e Guair\u00e1 (oeste do Paran\u00e1). Os \u00edndios apresados eram vendidos para os fazendeiros de S\u00e3o Paulo e at\u00e9 para colonos portugueses do nordeste a\u00e7ucareiro, especialmente quando os holandeses conquistaram entrepostos portugueses na \u00c1frica.<\/p>\n<p>Entradas eram grupos menores, patrocinados pela coroa (por isso respeitavam mais o meridiano de Tordesilhas), para sertanistas paulistas explorarem o interior desconhecido e acharem riquezas naturais. As primeiras entradas partiram do litoral nordestino, indo para o norte ou sul. As entradas enquanto marchavam implantavam n\u00facleos, freguesias, fortes, vilas e cidades.<\/p>\n<p>&nbsp;<\/p>\n","protected":false},"excerpt":{"rendered":"Do sudeste partir\u00e1 um movimento rumo ao centro-oeste (antigo Estado de Mato&hellip;\n","protected":false},"author":44,"featured_media":0,"comment_status":"open","ping_status":"open","sticky":false,"template":"","format":"standard","meta":[],"categories":[144],"tags":[],"acf":[],"_links":{"self":[{"href":"https:\/\/revistacienciaecultura.org.br\/index.php?rest_route=\/wp\/v2\/posts\/2660"}],"collection":[{"href":"https:\/\/revistacienciaecultura.org.br\/index.php?rest_route=\/wp\/v2\/posts"}],"about":[{"href":"https:\/\/revistacienciaecultura.org.br\/index.php?rest_route=\/wp\/v2\/types\/post"}],"author":[{"embeddable":true,"href":"https:\/\/revistacienciaecultura.org.br\/index.php?rest_route=\/wp\/v2\/users\/44"}],"replies":[{"embeddable":true,"href":"https:\/\/revistacienciaecultura.org.br\/index.php?rest_route=%2Fwp%2Fv2%2Fcomments&post=2660"}],"version-history":[{"count":1,"href":"https:\/\/revistacienciaecultura.org.br\/index.php?rest_route=\/wp\/v2\/posts\/2660\/revisions"}],"predecessor-version":[{"id":2661,"href":"https:\/\/revistacienciaecultura.org.br\/index.php?rest_route=\/wp\/v2\/posts\/2660\/revisions\/2661"}],"wp:attachment":[{"href":"https:\/\/revistacienciaecultura.org.br\/index.php?rest_route=%2Fwp%2Fv2%2Fmedia&parent=2660"}],"wp:term":[{"taxonomy":"category","embeddable":true,"href":"https:\/\/revistacienciaecultura.org.br\/index.php?rest_route=%2Fwp%2Fv2%2Fcategories&post=2660"},{"taxonomy":"post_tag","embeddable":true,"href":"https:\/\/revistacienciaecultura.org.br\/index.php?rest_route=%2Fwp%2Fv2%2Ftags&post=2660"}],"curies":[{"name":"wp","href":"https:\/\/api.w.org\/{rel}","templated":true}]}}