{"id":2663,"date":"2022-08-22T19:36:25","date_gmt":"2022-08-22T19:36:25","guid":{"rendered":"https:\/\/revistacienciaecultura.org.br\/?p=2663"},"modified":"2022-08-24T10:54:40","modified_gmt":"2022-08-24T10:54:40","slug":"espanhois-reconhecendo-o-litoral-sul-americano-ao-sul-da-ilha-de-santa-catarina","status":"publish","type":"post","link":"https:\/\/revistacienciaecultura.org.br\/?p=2663","title":{"rendered":"Espanh\u00f3is reconhecendo o litoral sul-americano ao sul da ilha de Santa Catarina"},"content":{"rendered":"<p>Passadas as primeiras d\u00e9cadas do s\u00e9culo 16, come\u00e7aram a ocorrer viagens de reconhecimento por exploradores espanhois indo mais ao sul do que a ilha de Santa Catarina. V\u00e1rios espanhois passaram pela costa oriental do Brasil rumo ao rio da Prata: Diogo Garcia em 1527, Gonzalo Mendoza em 1535, o lend\u00e1rio explorador \u00c1lvar N\u00fa\u00f1ez Cabeza de Vaca (1490-1559) em 1541, enviado pelo rei da Espanha para assumir o governo do Rio da Prata e Ortiz de Z\u00e1rate em 1572.[1]\u00a0Vindo para a ilha de Santa Catarina, Cabeza de Vaca seguiu a p\u00e9 para Assun\u00e7\u00e3o, guiado pelos \u00edndios Carij\u00f3 dessa ilha, que conheciam as trilhas ind\u00edgenas. Antes de Cabeza de Vaca, o portugu\u00eas Aleixo Garcia, ao sobreviver de um naufr\u00e1gio junto \u00e0 ilha de Santa Catarina, tendo ouvido um portugu\u00eas falar das riquezas do Peru, decidiu se aventurar atr\u00e1s delas. Arregimentou na ilha em 1524 dois mil \u00edndios Carij\u00f3 com os quais chegou \u00e0 Bol\u00edvia, mas foi atacado na volta pelos \u00edndios e morreu em 1525. O caminho percorrido por essa expedi\u00e7\u00e3o \u00e9 chamado Peabiru, que tem uma aura m\u00edtica. Esse caminho do Peru a Santa Catarina, n\u00e3o \u00e9 propriamente uma via transcontinental, mas uma malha complexa de trilhas ind\u00edgenas interligadas.<\/p>\n<p>Aleixo Garcia acabou se tornando o primeiro europeu a contatar o Imp\u00e9rio Inca. Quando naufragou perto da ilha de Santa Catarina, Garcia estava voltando para a Espanha depois do equ\u00edvoco fatal do navegador e explorador Juan D\u00edaz de Sol\u00eds, de achar que a foz do Prata fosse uma passagem para o Pac\u00edfico, que ele procurava a pedido do rei da Espanha. Garcia estava com Sol\u00eds na expedi\u00e7\u00e3o que foi atacada pelos \u00edndios quando explorava o rio da Prata.<\/p>\n<hr \/>\n<h5 id=\"notas\">Notas<\/h5>\n<h6 id=\"1-aguiar-rodrigo-luiz-simas-de-arqueologia-e-historia-indigena-no-litoral-de-santa-catarina-114-116-editora-garapuvu-florianopolis-2013\">[1] Aguiar, Rodrigo Luiz Simas de, <em>Arqueologia e Hist\u00f3ria ind\u00edgena no litoral de Santa Catarina<\/em>, 114-116, Editora Garapuvu, Florian\u00f3polis, 2013.<\/h6>\n","protected":false},"excerpt":{"rendered":"Passadas as primeiras d\u00e9cadas do s\u00e9culo 16, come\u00e7aram a ocorrer viagens de&hellip;\n","protected":false},"author":44,"featured_media":0,"comment_status":"open","ping_status":"open","sticky":false,"template":"","format":"standard","meta":[],"categories":[144],"tags":[],"acf":[],"_links":{"self":[{"href":"https:\/\/revistacienciaecultura.org.br\/index.php?rest_route=\/wp\/v2\/posts\/2663"}],"collection":[{"href":"https:\/\/revistacienciaecultura.org.br\/index.php?rest_route=\/wp\/v2\/posts"}],"about":[{"href":"https:\/\/revistacienciaecultura.org.br\/index.php?rest_route=\/wp\/v2\/types\/post"}],"author":[{"embeddable":true,"href":"https:\/\/revistacienciaecultura.org.br\/index.php?rest_route=\/wp\/v2\/users\/44"}],"replies":[{"embeddable":true,"href":"https:\/\/revistacienciaecultura.org.br\/index.php?rest_route=%2Fwp%2Fv2%2Fcomments&post=2663"}],"version-history":[{"count":2,"href":"https:\/\/revistacienciaecultura.org.br\/index.php?rest_route=\/wp\/v2\/posts\/2663\/revisions"}],"predecessor-version":[{"id":3096,"href":"https:\/\/revistacienciaecultura.org.br\/index.php?rest_route=\/wp\/v2\/posts\/2663\/revisions\/3096"}],"wp:attachment":[{"href":"https:\/\/revistacienciaecultura.org.br\/index.php?rest_route=%2Fwp%2Fv2%2Fmedia&parent=2663"}],"wp:term":[{"taxonomy":"category","embeddable":true,"href":"https:\/\/revistacienciaecultura.org.br\/index.php?rest_route=%2Fwp%2Fv2%2Fcategories&post=2663"},{"taxonomy":"post_tag","embeddable":true,"href":"https:\/\/revistacienciaecultura.org.br\/index.php?rest_route=%2Fwp%2Fv2%2Ftags&post=2663"}],"curies":[{"name":"wp","href":"https:\/\/api.w.org\/{rel}","templated":true}]}}