{"id":2667,"date":"2022-08-22T19:40:01","date_gmt":"2022-08-22T19:40:01","guid":{"rendered":"https:\/\/revistacienciaecultura.org.br\/?p=2667"},"modified":"2022-08-23T10:18:50","modified_gmt":"2022-08-23T10:18:50","slug":"buenos-aires","status":"publish","type":"post","link":"https:\/\/revistacienciaecultura.org.br\/?p=2667","title":{"rendered":"Buenos Aires"},"content":{"rendered":"<p>Essa cidade foi fundada pela primeira vez em 1536 e, depois, abandonada. Foi refundada em 1580 e come\u00e7ou a se desenvolver no \u00faltimo quarto do s\u00e9culo 17.[1]\u00a0Havia uma tradicional liga\u00e7\u00e3o terrestre de Potos\u00ed a Buenos Aires, provavelmente do tempo dos incas, passando por Salta, San Miguel de Tucuman, Santiago del Estero, Cordoba e Rosario, que era usada pelos <em>peruleiros <\/em>(a palavra\u00a0vem do espanhol e era usada para designar os comerciantes da Am\u00e9rica Portuguesa que faziam neg\u00f3cios com os espanh\u00f3is do Baixo Peru). Havia tamb\u00e9m uma rota fluvial: perto de Potos\u00ed passa o rio Piocomayo, mais ou menos de Oeste para Leste, que des\u00e1gua no rio Paraguai perto de Assun\u00e7\u00e3o. O rio Paraguai des\u00e1gua no volumoso Paran\u00e1, que se junta ao rio Uruguai formando o majestoso estu\u00e1rio do Prata onde est\u00e1 Buenos Aires. Com tantas rotas clandestinas abertas ao contrabando, crescia o com\u00e9rcio luso-espanhol junto ao Prata e a consequente vinda de mais peruleiros brasileiros em embarca\u00e7\u00f5es que vinham de S\u00e3o Vicente e Rio de Janeiro.<\/p>\n<hr \/>\n<h5 id=\"notas\">Notas<\/h5>\n<h6 id=\"1-ferreira-fabio-capitulos-para-a-historia-luso-platina-a-cidade-de-buenos-aires-como-ponto-de-intersecao-do-comercio-entre-potosi-e-o-atlantico-portugues-revista-tema-livre-edicao-11-niteroi\">[1] Ferreira, F\u00e1bio, Cap\u00edtulos para a hist\u00f3ria luso-platina: a cidade de Buenos Aires como ponto de interse\u00e7\u00e3o do com\u00e9rcio entre Potos\u00ed e o Atl\u00e2ntico portugu\u00eas, <em>Revista Tema Livre<\/em>, Edi\u00e7\u00e3o 11, Niter\u00f3i, RJ, 2006. <a href=\"https:\/\/revistatemalivre.com\/ba11-html\">https:\/\/revistatemalivre.com\/ba11-html<\/a><\/h6>\n","protected":false},"excerpt":{"rendered":"Essa cidade foi fundada pela primeira vez em 1536 e, depois, abandonada.&hellip;\n","protected":false},"author":44,"featured_media":0,"comment_status":"open","ping_status":"open","sticky":false,"template":"","format":"standard","meta":[],"categories":[144],"tags":[],"acf":[],"_links":{"self":[{"href":"https:\/\/revistacienciaecultura.org.br\/index.php?rest_route=\/wp\/v2\/posts\/2667"}],"collection":[{"href":"https:\/\/revistacienciaecultura.org.br\/index.php?rest_route=\/wp\/v2\/posts"}],"about":[{"href":"https:\/\/revistacienciaecultura.org.br\/index.php?rest_route=\/wp\/v2\/types\/post"}],"author":[{"embeddable":true,"href":"https:\/\/revistacienciaecultura.org.br\/index.php?rest_route=\/wp\/v2\/users\/44"}],"replies":[{"embeddable":true,"href":"https:\/\/revistacienciaecultura.org.br\/index.php?rest_route=%2Fwp%2Fv2%2Fcomments&post=2667"}],"version-history":[{"count":1,"href":"https:\/\/revistacienciaecultura.org.br\/index.php?rest_route=\/wp\/v2\/posts\/2667\/revisions"}],"predecessor-version":[{"id":2668,"href":"https:\/\/revistacienciaecultura.org.br\/index.php?rest_route=\/wp\/v2\/posts\/2667\/revisions\/2668"}],"wp:attachment":[{"href":"https:\/\/revistacienciaecultura.org.br\/index.php?rest_route=%2Fwp%2Fv2%2Fmedia&parent=2667"}],"wp:term":[{"taxonomy":"category","embeddable":true,"href":"https:\/\/revistacienciaecultura.org.br\/index.php?rest_route=%2Fwp%2Fv2%2Fcategories&post=2667"},{"taxonomy":"post_tag","embeddable":true,"href":"https:\/\/revistacienciaecultura.org.br\/index.php?rest_route=%2Fwp%2Fv2%2Ftags&post=2667"}],"curies":[{"name":"wp","href":"https:\/\/api.w.org\/{rel}","templated":true}]}}