{"id":2671,"date":"2022-08-22T19:43:40","date_gmt":"2022-08-22T19:43:40","guid":{"rendered":"https:\/\/revistacienciaecultura.org.br\/?p=2671"},"modified":"2022-10-07T11:29:04","modified_gmt":"2022-10-07T11:29:04","slug":"raposo-e-palheta-unindo-o-prata-ao-amazonas","status":"publish","type":"post","link":"https:\/\/revistacienciaecultura.org.br\/?p=2671","title":{"rendered":"Raposo e Palheta: unindo o Prata ao Amazonas"},"content":{"rendered":"<p>Em 1650 o portugu\u00eas bandeirante Ant\u00f4nio Raposo Tavares (1598-1658), cumprindo determina\u00e7\u00f5es secretas de D. Jo\u00e3o IV, chefiou uma numerosa bandeira de mamelucos paulistas e ind\u00edgenas que partiu de S\u00e3o Paulo em 1647 acompanhando os rios Tiet\u00ea, Paran\u00e1 e Paraguai, desviou para o oeste at\u00e9 os Andes bolivianos onde nasce o Amazonas, achando a\u00ed a nascente do Mamor\u00e9, seguindo esse rio at\u00e9 o Madeira, depois o Amazonas at\u00e9 chegar a Gurup\u00e1 (PA), perto de Macap\u00e1, na foz do Amazonas.[1]\n<p>Uma grande bandeira fluvial comandada pelo sargento-mor Francisco de Melo Palheta, partiu de Bel\u00e9m em 1722 com a incumb\u00eancia de fazer um minucioso levantamento sobre todo o curso do rio Madeira, seus habitantes nativos, atividades econ\u00f4micas dos colonos, dos padres lusos e dos concorrentes estrangeiros, j\u00e1 que a coleta e comercializa\u00e7\u00e3o das drogas do sert\u00e3o amaz\u00f4nico eram bastante rendosas. Assim era desbravada a rota fluvial Guapor\u00e9-Mamor\u00e9-Madeira-Amazonas que ligava Vila Bela da Sant\u00edssima Trindade (MT), centro aur\u00edfero no vale do Guapor\u00e9 a Bel\u00e9m, PA, e da\u00ed para Lisboa.<\/p>\n<p>Palheta participaria de uma expedi\u00e7\u00e3o em 1727 para a regi\u00e3o conflagrada do Cabo do Norte, quando trouxe de Caiena as primeiras mudas de caf\u00e9 que foram plantadas no Brasil e que constitu\u00edram o principal produto de um importante ciclo econ\u00f4mico.<\/p>\n<hr \/>\n<h5 id=\"notas\">Notas<\/h5>\n<h6 id=\"1-lima-abnael-machado-de-descobrimento-e-colonizacao-do-vale-do-rio-madeira-gente-de-opiniao-2008\">[1] Lima, Abnael Machado de, Descobrimento e Coloniza\u00e7\u00e3o do Vale do Rio Madeira, Gente de Opini\u00e3o, 2008.<\/h6>\n<h6 id=\"https-www-gentedeopiniao-com-br-colunista-abnael-machado-descobrimento-e-colonizacao-do-vale-do-rio-madeira\">https:\/\/www.gentedeopiniao.com.br\/colunista\/abnael-machado\/descobrimento-e-colonizacao-do-vale-do-rio-madeira<\/h6>\n","protected":false},"excerpt":{"rendered":"Em 1650 o portugu\u00eas bandeirante Ant\u00f4nio Raposo Tavares (1598-1658), cumprindo determina\u00e7\u00f5es secretas&hellip;\n","protected":false},"author":44,"featured_media":0,"comment_status":"open","ping_status":"open","sticky":false,"template":"","format":"standard","meta":[],"categories":[144],"tags":[],"acf":[],"_links":{"self":[{"href":"https:\/\/revistacienciaecultura.org.br\/index.php?rest_route=\/wp\/v2\/posts\/2671"}],"collection":[{"href":"https:\/\/revistacienciaecultura.org.br\/index.php?rest_route=\/wp\/v2\/posts"}],"about":[{"href":"https:\/\/revistacienciaecultura.org.br\/index.php?rest_route=\/wp\/v2\/types\/post"}],"author":[{"embeddable":true,"href":"https:\/\/revistacienciaecultura.org.br\/index.php?rest_route=\/wp\/v2\/users\/44"}],"replies":[{"embeddable":true,"href":"https:\/\/revistacienciaecultura.org.br\/index.php?rest_route=%2Fwp%2Fv2%2Fcomments&post=2671"}],"version-history":[{"count":2,"href":"https:\/\/revistacienciaecultura.org.br\/index.php?rest_route=\/wp\/v2\/posts\/2671\/revisions"}],"predecessor-version":[{"id":3275,"href":"https:\/\/revistacienciaecultura.org.br\/index.php?rest_route=\/wp\/v2\/posts\/2671\/revisions\/3275"}],"wp:attachment":[{"href":"https:\/\/revistacienciaecultura.org.br\/index.php?rest_route=%2Fwp%2Fv2%2Fmedia&parent=2671"}],"wp:term":[{"taxonomy":"category","embeddable":true,"href":"https:\/\/revistacienciaecultura.org.br\/index.php?rest_route=%2Fwp%2Fv2%2Fcategories&post=2671"},{"taxonomy":"post_tag","embeddable":true,"href":"https:\/\/revistacienciaecultura.org.br\/index.php?rest_route=%2Fwp%2Fv2%2Ftags&post=2671"}],"curies":[{"name":"wp","href":"https:\/\/api.w.org\/{rel}","templated":true}]}}