{"id":2673,"date":"2022-08-22T19:45:12","date_gmt":"2022-08-22T19:45:12","guid":{"rendered":"https:\/\/revistacienciaecultura.org.br\/?p=2673"},"modified":"2022-08-23T10:18:17","modified_gmt":"2022-08-23T10:18:17","slug":"tratado-de-utrecht-1713-e-1715","status":"publish","type":"post","link":"https:\/\/revistacienciaecultura.org.br\/?p=2673","title":{"rendered":"Tratado de Utrecht (1713 e 1715)"},"content":{"rendered":"<p>Utrecht \u00e9 uma cidade medieval no centro da Holanda, pa\u00eds que fazia parte da Grande Alian\u00e7a. Para encerrar a Guerra de Sucess\u00e3o da Espanha, em 1713 Fran\u00e7a e Espanha assinaram com os pa\u00edses da Grande Alian\u00e7a um tratado de paz, o Tratado de Utrecht. O final do conflito estabeleceu o equil\u00edbrio pol\u00edtico-territorial entre as monarquias europ\u00e9ias. O tratado invalidou o Tratado de Tordesilhas e tamb\u00e9m solucionou, ao menos temporariamente, as disputas pelas fronteiras das col\u00f4nias de Espanha e Portugal, sobretudo na Am\u00e9rica. Os reis de Portugal e Espanha eram, respectivamente, D. Jo\u00e3o V e Fernando VI.<\/p>\n<p>Os pa\u00edses vencedores da Guerra de Sucess\u00e3o Espanhola primeiro fizeram imposi\u00e7\u00f5es \u00e0 Espanha e Fran\u00e7a. O rei Felipe V da Espanha teve que renunciar qualquer pretens\u00e3o \u00e0 coroa francesa. Depois estabeleceram que as duas margens do Amazonas eram portuguesas. Quanto ao Cabo do Norte, nome antigo do Amap\u00e1, em 1697 franceses comandados pelo Marqu\u00eas Ferroles, governador da Guiana Francesa, tomaram os fortes Macap\u00e1 e Araguari, a leste do atual Amap\u00e1. Pelo Tratado de Lisboa de 1701 (rompido dois anos depois), a posse entre o forte Macap\u00e1 e rio Oiapoque (ou rio Vicente Pinz\u00f3n) continuou indefinida. Mas o Tratado de Utrecht de 1713 reconheceu que o territ\u00f3rio hoje correspondente ao Amap\u00e1, pertencia \u00e0 coroa portuguesa. Estabeleceu tamb\u00e9m que o rio Oiapoque definiria a fronteira entre a Guiana Francesa e o Brasil. Como veremos, o estabelecimento desses limites entre Fran\u00e7a e Portugal no norte do Brasil serviu, quase dois s\u00e9culos depois, para a defesa da posi\u00e7\u00e3o brasileira sobre seus direitos territoriais.<\/p>\n<p>Houve um segundo Tratado de Utrecht, de 1715, desta vez sobre a disputa territorial no sul do Brasil. Litigantes: Portugal e Espanha. A mediadora foi a Inglaterra que fez ambos os pa\u00edses devolverem as pra\u00e7as conquistadas. Ent\u00e3o a Espanha aceitou que a Col\u00f4nia do Sacramento ficasse com Portugal. O limite sul do Brasil passou a ser o rio da Prata. Isso provocar\u00e1 uma enorme confus\u00e3o que veremos quando tratarmos do Tratado de Madri. Portugal devolveu duas cidades que havia conquistado na Espanha durante a Guerra da Sucess\u00e3o espanhola.<\/p>\n","protected":false},"excerpt":{"rendered":"Utrecht \u00e9 uma cidade medieval no centro da Holanda, pa\u00eds que fazia&hellip;\n","protected":false},"author":44,"featured_media":0,"comment_status":"open","ping_status":"open","sticky":false,"template":"","format":"standard","meta":[],"categories":[144],"tags":[],"acf":[],"_links":{"self":[{"href":"https:\/\/revistacienciaecultura.org.br\/index.php?rest_route=\/wp\/v2\/posts\/2673"}],"collection":[{"href":"https:\/\/revistacienciaecultura.org.br\/index.php?rest_route=\/wp\/v2\/posts"}],"about":[{"href":"https:\/\/revistacienciaecultura.org.br\/index.php?rest_route=\/wp\/v2\/types\/post"}],"author":[{"embeddable":true,"href":"https:\/\/revistacienciaecultura.org.br\/index.php?rest_route=\/wp\/v2\/users\/44"}],"replies":[{"embeddable":true,"href":"https:\/\/revistacienciaecultura.org.br\/index.php?rest_route=%2Fwp%2Fv2%2Fcomments&post=2673"}],"version-history":[{"count":1,"href":"https:\/\/revistacienciaecultura.org.br\/index.php?rest_route=\/wp\/v2\/posts\/2673\/revisions"}],"predecessor-version":[{"id":2674,"href":"https:\/\/revistacienciaecultura.org.br\/index.php?rest_route=\/wp\/v2\/posts\/2673\/revisions\/2674"}],"wp:attachment":[{"href":"https:\/\/revistacienciaecultura.org.br\/index.php?rest_route=%2Fwp%2Fv2%2Fmedia&parent=2673"}],"wp:term":[{"taxonomy":"category","embeddable":true,"href":"https:\/\/revistacienciaecultura.org.br\/index.php?rest_route=%2Fwp%2Fv2%2Fcategories&post=2673"},{"taxonomy":"post_tag","embeddable":true,"href":"https:\/\/revistacienciaecultura.org.br\/index.php?rest_route=%2Fwp%2Fv2%2Ftags&post=2673"}],"curies":[{"name":"wp","href":"https:\/\/api.w.org\/{rel}","templated":true}]}}