{"id":2675,"date":"2022-08-22T19:46:15","date_gmt":"2022-08-22T19:46:15","guid":{"rendered":"https:\/\/revistacienciaecultura.org.br\/?p=2675"},"modified":"2022-08-24T10:55:36","modified_gmt":"2022-08-24T10:55:36","slug":"cartografia-para-o-dominio-territorial","status":"publish","type":"post","link":"https:\/\/revistacienciaecultura.org.br\/?p=2675","title":{"rendered":"Cartografia para o dom\u00ednio territorial"},"content":{"rendered":"<p>Jo\u00e3o V se empenhou em produzir uma cartografia caracterizada pela precis\u00e3o, como instrumento de negocia\u00e7\u00e3o de interesses territoriais. As ci\u00eancias em geral n\u00e3o atingiram em Portugal um desenvolvimento assinal\u00e1vel durante o seu reinado. Para isso contribuiu o clima de censura da\u00a0<a href=\"https:\/\/pt.wikipedia.org\/wiki\/Inquisi%C3%A7%C3%A3o\">Inquisi\u00e7\u00e3o<\/a>. A Medicina foi a que mais sofreu, visto que muitos m\u00e9dicos eram judeus. Neste panorama de estagna\u00e7\u00e3o cient\u00edfica encontramos, contudo, uma clara exce\u00e7\u00e3o: a Engenharia. De todas as ci\u00eancias, a que melhores resultados apresentou durante o reinado de D. Jo\u00e3o V foi a Engenharia, uma arte ent\u00e3o essencialmente militar, tal como era ensinada nas academias militares, mas tamb\u00e9m com ampla aplica\u00e7\u00e3o civil em tempo de paz.<\/p>\n<p>Por volta de 1720, o ge\u00f3grafo e cart\u00f3grafo franc\u00eas Guillaume Deslile (1675-1726) afirmou, a partir de suas an\u00e1lises sobre as fronteiras americanas entre os dois pa\u00edses ib\u00e9ricos, que o Cabo do Norte e a Col\u00f4nia do Sacramento n\u00e3o se encontravam \u201cdentro da zona de soberania portuguesa, delimitada pelo meridiano de Tordesilhas\u201d. [1, 2]\u00a0Guillaume Delisle era famoso pelos seus precisos e populares mapas da Europa e das rec\u00e9m exploradas Am\u00e9ricas. Foi admitido \u00e0 Academia Real de Ci\u00eancias em 1702, quando assinava seus mapas como Ge\u00f3grafo da Academia. Em 1718 tornou-se Primeiro Ge\u00f3grafo do Rei (Lu\u00eds XIV). Era cart\u00f3grafo de gabinete, mas tinha rede de informantes por pertencer \u00e0 Academia. Recebia informa\u00e7\u00f5es novas de viajantes.<\/p>\n<p>As cr\u00edticas de Deslile prejudicavam diretamente os interesses dos portugueses, j\u00e1 que a Col\u00f4nia do Sacramento era ocupada por Portugal desde o final do s\u00e9culo 17 e os lusitanos tinham pretens\u00f5es de alargar seu dom\u00ednio sobre a regi\u00e3o do rio da Prata. As an\u00e1lises do cart\u00f3grafo franc\u00eas tamb\u00e9m poderiam agu\u00e7ar o desejo da Espanha de contestar as fronteiras, uma vez que n\u00e3o existia uma defini\u00e7\u00e3o precisa dos limites dos dom\u00ednios de cada na\u00e7\u00e3o ib\u00e9rica na Am\u00e9rica, que remontavam ao Tratado do Tordesilhas. Diante dessa situa\u00e7\u00e3o, D. Jo\u00e3o V compreendeu que era necess\u00e1rio, para obviar futuras alega\u00e7\u00f5es da Espanha, fundadas na situa\u00e7\u00e3o do meridiano de Tordesilhas, renovar por meio da cultura astron\u00f4mica, a cartografia portuguesa e dar uma nova base \u00e0 sua diplomacia sobre direito territorial. Mas, principalmente no in\u00edcio das negocia\u00e7\u00f5es para o Tratado de Madri, a precis\u00e3o dos detalhes no Mapa das Cortes (ver adiante) foi preterida em favor dos interesses diplom\u00e1ticos.<\/p>\n<hr \/>\n<h5 id=\"notas\">Notas<\/h5>\n<h6 id=\"1-correa-jessica-aparecida-o-novo-atlas-da-america-portuguesa-e-a-oficializacao-do-territorio-colonial-1730-1749-boletim-gaucho-de-geografia-43-1-100-120-2016\">[1] Correa, Jessica Aparecida, O Novo Atlas da Am\u00e9rica Portuguesa e a Oficializa\u00e7\u00e3o do Territ\u00f3rio Colonial (1730-1749), <em>Boletim Ga\u00facho de Geografia<\/em>, 43, 1, 100-120, 2016.<\/h6>\n<h6 id=\"http-seer-u_-gs-br-index-php-bgg-article-view-57949\"><em>http:\/\/seer.u_ gs.br\/index.php\/bgg\/article\/view\/57949<\/em><\/h6>\n<h6 id=\"2-cintra-jorge-pimentel-o-mapa-das-cortes-e-as-fronteiras-do-brasil-boletim-de-ciencias-geodesicas-18-3-421-445-curitiba-2012\">[2] Cintra, Jorge Pimentel, O Mapa das Cortes e as Fronteiras do Brasil, <em>Boletim de Ci\u00eancias Geod\u00e9sicas<\/em>, 18, 3, 421-445, Curitiba, 2012.<\/h6>\n<h6 id=\"https-www-scielo-br-j-bcg-a-dmwgbhcnvmmbscdvrg4khgr-formatpdflangpt\"><a href=\"https:\/\/www.scielo.br\/j\/bcg\/a\/dmWGBhCnvMMbSCdVRG4KHGR\/?format=pdf&amp;lang=pt\">https:\/\/www.scielo.br\/j\/bcg\/a\/dmWGBhCnvMMbSCdVRG4KHGR\/?format=pdf&amp;lang=pt<\/a><\/h6>\n","protected":false},"excerpt":{"rendered":"Jo\u00e3o V se empenhou em produzir uma cartografia caracterizada pela precis\u00e3o, como&hellip;\n","protected":false},"author":44,"featured_media":0,"comment_status":"open","ping_status":"open","sticky":false,"template":"","format":"standard","meta":[],"categories":[144],"tags":[],"acf":[],"_links":{"self":[{"href":"https:\/\/revistacienciaecultura.org.br\/index.php?rest_route=\/wp\/v2\/posts\/2675"}],"collection":[{"href":"https:\/\/revistacienciaecultura.org.br\/index.php?rest_route=\/wp\/v2\/posts"}],"about":[{"href":"https:\/\/revistacienciaecultura.org.br\/index.php?rest_route=\/wp\/v2\/types\/post"}],"author":[{"embeddable":true,"href":"https:\/\/revistacienciaecultura.org.br\/index.php?rest_route=\/wp\/v2\/users\/44"}],"replies":[{"embeddable":true,"href":"https:\/\/revistacienciaecultura.org.br\/index.php?rest_route=%2Fwp%2Fv2%2Fcomments&post=2675"}],"version-history":[{"count":2,"href":"https:\/\/revistacienciaecultura.org.br\/index.php?rest_route=\/wp\/v2\/posts\/2675\/revisions"}],"predecessor-version":[{"id":3097,"href":"https:\/\/revistacienciaecultura.org.br\/index.php?rest_route=\/wp\/v2\/posts\/2675\/revisions\/3097"}],"wp:attachment":[{"href":"https:\/\/revistacienciaecultura.org.br\/index.php?rest_route=%2Fwp%2Fv2%2Fmedia&parent=2675"}],"wp:term":[{"taxonomy":"category","embeddable":true,"href":"https:\/\/revistacienciaecultura.org.br\/index.php?rest_route=%2Fwp%2Fv2%2Fcategories&post=2675"},{"taxonomy":"post_tag","embeddable":true,"href":"https:\/\/revistacienciaecultura.org.br\/index.php?rest_route=%2Fwp%2Fv2%2Ftags&post=2675"}],"curies":[{"name":"wp","href":"https:\/\/api.w.org\/{rel}","templated":true}]}}