{"id":2677,"date":"2022-08-22T19:47:58","date_gmt":"2022-08-22T19:47:58","guid":{"rendered":"https:\/\/revistacienciaecultura.org.br\/?p=2677"},"modified":"2022-08-23T10:18:04","modified_gmt":"2022-08-23T10:18:04","slug":"p-diogo-soares-1684-1748","status":"publish","type":"post","link":"https:\/\/revistacienciaecultura.org.br\/?p=2677","title":{"rendered":"P. Diogo Soares (1684-1748)"},"content":{"rendered":"<p>Diogo Soares era lisboeta, tinha lecionado a Aula da Esfera no Col\u00e9gio de Santo Ant\u00e3o e tinha forte pendor pela Geografia e t\u00e9cnicas astron\u00f4micas de determina\u00e7\u00e3o da latitude e longitude. Importante para a miss\u00e3o na Am\u00e9rica Portuguesa, tinha familiaridade com as t\u00e9cnicas de determina\u00e7\u00e3o da latitude pela altura meridiana do Sol e da longitude pelos eclipses lunares e dos sat\u00e9lites de J\u00fapiter. Teria sido treinado tecnicamente pelo pr\u00f3prio Carbone para substitu\u00ed-lo na miss\u00e3o para o Brasil. Soares era racional e organizado, pretendia utilizar novos instrumentos (<em>\u00f3culo<\/em>, denomina\u00e7\u00e3o de telesc\u00f3pio na \u00e9poca) e novas pr\u00e1ticas cient\u00edficas, recolher uma ampla gama de informa\u00e7\u00f5es que ia da hist\u00f3ria natural \u00e0 ocupa\u00e7\u00e3o humana (sobretudo ind\u00edgena) do territ\u00f3rio. A cartografia era o principal eixo das tarefas a serem desenvolvidas por ele na Am\u00e9rica portuguesa.<\/p>\n","protected":false},"excerpt":{"rendered":"Diogo Soares era lisboeta, tinha lecionado a Aula da Esfera no Col\u00e9gio&hellip;\n","protected":false},"author":44,"featured_media":0,"comment_status":"open","ping_status":"open","sticky":false,"template":"","format":"standard","meta":[],"categories":[144],"tags":[],"acf":[],"_links":{"self":[{"href":"https:\/\/revistacienciaecultura.org.br\/index.php?rest_route=\/wp\/v2\/posts\/2677"}],"collection":[{"href":"https:\/\/revistacienciaecultura.org.br\/index.php?rest_route=\/wp\/v2\/posts"}],"about":[{"href":"https:\/\/revistacienciaecultura.org.br\/index.php?rest_route=\/wp\/v2\/types\/post"}],"author":[{"embeddable":true,"href":"https:\/\/revistacienciaecultura.org.br\/index.php?rest_route=\/wp\/v2\/users\/44"}],"replies":[{"embeddable":true,"href":"https:\/\/revistacienciaecultura.org.br\/index.php?rest_route=%2Fwp%2Fv2%2Fcomments&post=2677"}],"version-history":[{"count":1,"href":"https:\/\/revistacienciaecultura.org.br\/index.php?rest_route=\/wp\/v2\/posts\/2677\/revisions"}],"predecessor-version":[{"id":2678,"href":"https:\/\/revistacienciaecultura.org.br\/index.php?rest_route=\/wp\/v2\/posts\/2677\/revisions\/2678"}],"wp:attachment":[{"href":"https:\/\/revistacienciaecultura.org.br\/index.php?rest_route=%2Fwp%2Fv2%2Fmedia&parent=2677"}],"wp:term":[{"taxonomy":"category","embeddable":true,"href":"https:\/\/revistacienciaecultura.org.br\/index.php?rest_route=%2Fwp%2Fv2%2Fcategories&post=2677"},{"taxonomy":"post_tag","embeddable":true,"href":"https:\/\/revistacienciaecultura.org.br\/index.php?rest_route=%2Fwp%2Fv2%2Ftags&post=2677"}],"curies":[{"name":"wp","href":"https:\/\/api.w.org\/{rel}","templated":true}]}}