{"id":2681,"date":"2022-08-22T19:50:05","date_gmt":"2022-08-22T19:50:05","guid":{"rendered":"https:\/\/revistacienciaecultura.org.br\/?p=2681"},"modified":"2022-08-23T10:16:59","modified_gmt":"2022-08-23T10:16:59","slug":"metodos-de-observacao-de-capassi-e-soares","status":"publish","type":"post","link":"https:\/\/revistacienciaecultura.org.br\/?p=2681","title":{"rendered":"M\u00e9todos de observa\u00e7\u00e3o de Capassi e Soares"},"content":{"rendered":"<p>Em 1730 Capassi e Soares iniciaram a tarefa cartogr\u00e1fica no Rio de Janeiro. A maior parte dos mapas conhecidos realizados na miss\u00e3o dos dois mission\u00e1rios jesu\u00edtas representam o litoral. Em carta que escreveu ao monarca, Soares afirmava que o desenho da barra do Rio de Janeiro que enviava juntamente, inclu\u00eda todas as ilhas avistadas, que ele pr\u00f3prio tra\u00e7ara para utiliza\u00e7\u00e3o dos pilotos que navegassem para o Rio de Janeiro. As preocupa\u00e7\u00f5es de car\u00e1ter hidrogr\u00e1fico ficaram tamb\u00e9m expressas em mapas e plantas elaborados mais tarde, onde eram representadas a ba\u00eda do Rio de Janeiro, uma das suas ilhas e a foz do rio da Prata. Neles s\u00e3o bem vis\u00edveis as sondagens de profundidade, mais uma evidente ajuda \u00e0 navega\u00e7\u00e3o. O mapa da ba\u00eda do Rio de Janeiro, a planta de uma das suas ilhas e o mapa da embocadura do rio da Prata encontram-se, respectivamente, na <em>Biblioth\u00e8que National de France<\/em> (Paris), no Aquivo Hist\u00f3rico Ultramarino (Lisboa) e no Arquivo Hist\u00f3rico do Ex\u00e9rcito (Lisboa).<\/p>\n<p>Uma fonte que permite inferir que m\u00e9todos e instrumentos foram empregados na pr\u00e1tica cartogr\u00e1fica \u00e9 o rascunho atribu\u00eddo aos dois, onde aparecem oito latitudes com precis\u00e3o de at\u00e9 1\u201d. O rascunho cartogr\u00e1fico prova que foram registrados rumos e dist\u00e2ncias itiner\u00e1rias (estimadas em viagens). Mas, para determinar a latitude com precis\u00e3o de segundo, n\u00e3o bastavam os instrumentos mais simples, como a b\u00fassola e o astrol\u00e1bio. Eram necess\u00e1rios o sextante ou o quadrante. A ideia da utiliza\u00e7\u00e3o rotineira de instrumentos mais precisos \u00e9 corroborada pelas quase 150 latitudes registradas durante a miss\u00e3o, onde um mesmo n\u00edvel de rigor pode ser encontrado.<\/p>\n<p>O texto que aparece no rascunho cartogr\u00e1fico \u00e9 da m\u00e3o de Soares, com sua caracter\u00edstica caligrafia. A c\u00f3pia existente no Brasil foi publicada em 1882 na <em>Revista Trimestral do Instituto Historico Geographico e Ethnographico do Brasil<\/em>, Tomo XLV, 212.<\/p>\n<p>Durante a relativamente curta estadia no Brasil, antes de ser tolhido pela doen\u00e7a em 1736, Capassi correspondeu-se e procurou colaborar com Carbone numa nota que inclui 148 latitudes com precis\u00e3o de at\u00e9 1\u201d, 89 at\u00e9 1\u2019, 2 expressas em graus, e a longitude de Vila Boa, em Goi\u00e1s, calculada at\u00e9 1\u2019 em rela\u00e7\u00e3o ao meridiano da Ilha do Ferro por Soares. Todavia, em carta que escreveu em 1735 a Martinho de Mendon\u00e7a de Pina e Proen\u00e7a (<a href=\"https:\/\/pt.wikipedia.org\/wiki\/1693\">1693<\/a>&#8211;<a href=\"https:\/\/pt.wikipedia.org\/wiki\/1743\">1743<\/a>), que era um\u00a0<a href=\"https:\/\/pt.wikipedia.org\/wiki\/Fidalgo\">fidalgo<\/a>\u00a0portugu\u00eas da\u00a0<a href=\"https:\/\/pt.wikipedia.org\/wiki\/Casa_Real\">Casa Real<\/a>, que esteve em\u00a0<a href=\"https:\/\/pt.wikipedia.org\/wiki\/Minas_Gerais\">Minas Gerais<\/a>\u00a0entre 1734 e 1737 a servi\u00e7o de\u00a0<a href=\"https:\/\/pt.wikipedia.org\/wiki\/D._Jo%C3%A3o_V\">D. Jo\u00e3o V<\/a>, Capassi dizia n\u00e3o ter recebido de Carbone observa\u00e7\u00f5es dos sat\u00e9lites de J\u00fapiter realizadas na Europa que pudesse comparar com as suas e queixava-se da incompletude das tabelas que previam, para um meridiano de refer\u00eancia, os eclipses dos sat\u00e9lites (elementos essenciais na determina\u00e7\u00e3o das longitudes). Na mesma carta dizia n\u00e3o ter outras observa\u00e7\u00f5es de J\u00fapiter realizadas no Brasil, o que sugere que j\u00e1 tinha feito outras, mas revela ao mesmo tempo, dificuldades na aplica\u00e7\u00e3o dos m\u00e9todos da astronomia de precis\u00e3o. Capassi confessava ent\u00e3o a Pina e Proen\u00e7a que preferia n\u00e3o enviar a tabela de longitudes para Lisboa, a enviar afetada de erros. Esse era j\u00e1 um per\u00edodo em que outras incumb\u00eancias e ocupa\u00e7\u00f5es na corte afastavam Carbone das observa\u00e7\u00f5es astron\u00f4micas.<\/p>\n","protected":false},"excerpt":{"rendered":"Em 1730 Capassi e Soares iniciaram a tarefa cartogr\u00e1fica no Rio de&hellip;\n","protected":false},"author":44,"featured_media":0,"comment_status":"open","ping_status":"open","sticky":false,"template":"","format":"standard","meta":[],"categories":[144],"tags":[],"acf":[],"_links":{"self":[{"href":"https:\/\/revistacienciaecultura.org.br\/index.php?rest_route=\/wp\/v2\/posts\/2681"}],"collection":[{"href":"https:\/\/revistacienciaecultura.org.br\/index.php?rest_route=\/wp\/v2\/posts"}],"about":[{"href":"https:\/\/revistacienciaecultura.org.br\/index.php?rest_route=\/wp\/v2\/types\/post"}],"author":[{"embeddable":true,"href":"https:\/\/revistacienciaecultura.org.br\/index.php?rest_route=\/wp\/v2\/users\/44"}],"replies":[{"embeddable":true,"href":"https:\/\/revistacienciaecultura.org.br\/index.php?rest_route=%2Fwp%2Fv2%2Fcomments&post=2681"}],"version-history":[{"count":3,"href":"https:\/\/revistacienciaecultura.org.br\/index.php?rest_route=\/wp\/v2\/posts\/2681\/revisions"}],"predecessor-version":[{"id":2982,"href":"https:\/\/revistacienciaecultura.org.br\/index.php?rest_route=\/wp\/v2\/posts\/2681\/revisions\/2982"}],"wp:attachment":[{"href":"https:\/\/revistacienciaecultura.org.br\/index.php?rest_route=%2Fwp%2Fv2%2Fmedia&parent=2681"}],"wp:term":[{"taxonomy":"category","embeddable":true,"href":"https:\/\/revistacienciaecultura.org.br\/index.php?rest_route=%2Fwp%2Fv2%2Fcategories&post=2681"},{"taxonomy":"post_tag","embeddable":true,"href":"https:\/\/revistacienciaecultura.org.br\/index.php?rest_route=%2Fwp%2Fv2%2Ftags&post=2681"}],"curies":[{"name":"wp","href":"https:\/\/api.w.org\/{rel}","templated":true}]}}