{"id":2683,"date":"2022-08-22T19:51:45","date_gmt":"2022-08-22T19:51:45","guid":{"rendered":"https:\/\/revistacienciaecultura.org.br\/?p=2683"},"modified":"2022-08-23T10:16:48","modified_gmt":"2022-08-23T10:16:48","slug":"novo-atlas-da-america-portuguesa-1748","status":"publish","type":"post","link":"https:\/\/revistacienciaecultura.org.br\/?p=2683","title":{"rendered":"Novo Atlas da Am\u00e9rica Portuguesa (1748)"},"content":{"rendered":"<p>O trabalho de Soares e Capassi no Brasil, conclu\u00eddo em 1748, ganhou o nome \u00a0<em>Novo <\/em><em>A<\/em><em>tlas da Am\u00e9rica Portuguesa<\/em>, um conjunto de 31 mapas cobrindo toda a costa sul e sudeste at\u00e9 Cabo Frio, no litoral do Rio de Janeiro, e boa parte do interior, al\u00e9m de relatos e roteiros de sertanistas. Um dos mapas, a\u00a0<em>Carta 9\u00aa da costa do Brazil desde a barra de Santos at\u00e9 a da Marambaya<\/em>, elaborado por volta de 1737, representa pela primeira vez, a rede urbana, fluvial e vi\u00e1ria do planalto paulista e suas articula\u00e7\u00f5es com o litoral.<\/p>\n<p>O Novo Atlas ficou centrado nas regi\u00f5es sul, sudeste e sudoeste do territ\u00f3rio colonial. O projeto de construir o Atlas que abarcasse todo o territ\u00f3rio da Am\u00e9rica Portuguesa n\u00e3o saiu como pretendido por n\u00e3o ter-se conclu\u00eddo o estabelecimento dos limites entre as capitanias e os bispados do Brasil e do Estado do Maranh\u00e3o, como previsto no decreto de D. Jo\u00e3o V.<\/p>\n<p>O Novo Atlas foi usado na elabora\u00e7\u00e3o do Mapa das Cortes (ver adiante). Tamb\u00e9m encontrou lugar privilegiado nas negocia\u00e7\u00f5es das fronteiras das col\u00f4nias sul-americanas em meados do s\u00e9culo XVIII, quando dos tratados de Madri (1750) e Santo Ildefonso (1777).<\/p>\n","protected":false},"excerpt":{"rendered":"O trabalho de Soares e Capassi no Brasil, conclu\u00eddo em 1748, ganhou&hellip;\n","protected":false},"author":44,"featured_media":0,"comment_status":"open","ping_status":"open","sticky":false,"template":"","format":"standard","meta":[],"categories":[144],"tags":[],"acf":[],"_links":{"self":[{"href":"https:\/\/revistacienciaecultura.org.br\/index.php?rest_route=\/wp\/v2\/posts\/2683"}],"collection":[{"href":"https:\/\/revistacienciaecultura.org.br\/index.php?rest_route=\/wp\/v2\/posts"}],"about":[{"href":"https:\/\/revistacienciaecultura.org.br\/index.php?rest_route=\/wp\/v2\/types\/post"}],"author":[{"embeddable":true,"href":"https:\/\/revistacienciaecultura.org.br\/index.php?rest_route=\/wp\/v2\/users\/44"}],"replies":[{"embeddable":true,"href":"https:\/\/revistacienciaecultura.org.br\/index.php?rest_route=%2Fwp%2Fv2%2Fcomments&post=2683"}],"version-history":[{"count":2,"href":"https:\/\/revistacienciaecultura.org.br\/index.php?rest_route=\/wp\/v2\/posts\/2683\/revisions"}],"predecessor-version":[{"id":2983,"href":"https:\/\/revistacienciaecultura.org.br\/index.php?rest_route=\/wp\/v2\/posts\/2683\/revisions\/2983"}],"wp:attachment":[{"href":"https:\/\/revistacienciaecultura.org.br\/index.php?rest_route=%2Fwp%2Fv2%2Fmedia&parent=2683"}],"wp:term":[{"taxonomy":"category","embeddable":true,"href":"https:\/\/revistacienciaecultura.org.br\/index.php?rest_route=%2Fwp%2Fv2%2Fcategories&post=2683"},{"taxonomy":"post_tag","embeddable":true,"href":"https:\/\/revistacienciaecultura.org.br\/index.php?rest_route=%2Fwp%2Fv2%2Ftags&post=2683"}],"curies":[{"name":"wp","href":"https:\/\/api.w.org\/{rel}","templated":true}]}}