{"id":2685,"date":"2022-08-22T19:52:57","date_gmt":"2022-08-22T19:52:57","guid":{"rendered":"https:\/\/revistacienciaecultura.org.br\/?p=2685"},"modified":"2022-08-23T10:16:37","modified_gmt":"2022-08-23T10:16:37","slug":"alexandre-de-gusmao-1695-1743","status":"publish","type":"post","link":"https:\/\/revistacienciaecultura.org.br\/?p=2685","title":{"rendered":"Alexandre de Gusm\u00e3o (1695-1743)"},"content":{"rendered":"<p>Alexandre de Gusm\u00e3o era brasileiro, nascido em Santos, SP. Era irm\u00e3o mais novo de Bartolomeu Louren\u00e7o de Gusm\u00e3o, o conhecido Padre Voador, inventor da Passarola. O nome Alexandre de Gusm\u00e3o, assim como o Gusm\u00e3o de Bartolomeu foram adotados em homenagem ao preceptor de ambos, o padre jesu\u00edta Alexandre de Gusm\u00e3o (1629-1724),[1]\u00a0fundador e reitor do Semin\u00e1rio de Bel\u00e9m da Cachoeira, no Rec\u00f4ncavo Baiano. O semin\u00e1rio era para educar os meninos nos bons costumes e torn\u00e1-los bons crist\u00e3os. Al\u00e9m disso deveriam aprender a ler, escrever, fazer contas e conhecer cl\u00e1ssicos. Apesar do nome, o semin\u00e1rio aceitava tamb\u00e9m meninos que n\u00e3o pretendiam seguir carreira eclesi\u00e1stica ou que n\u00e3o viessem de fam\u00edlias abonadas. Tanto Alexandre como o irm\u00e3o Bartolomeu estudaram nesse semin\u00e1rio. Alexandre, mais novo, foi depois para Lisboa morar com Bartolomeu que j\u00e1 tinha feito sucesso na corte de D. Jo\u00e3o V, mostrando seu aer\u00f3stato.<\/p>\n<p>Frequentando a corte com o irm\u00e3o, Alexandre caiu nas gra\u00e7as de D. Jo\u00e3o V que o escolheu para ser secret\u00e1rio da Embaixada de Portugal, na corte de Lu\u00eds XV em Paris. L\u00e1 cursou Direito e voltou formado para Lisboa. Adquiriu s\u00f3lido conhecimento em hist\u00f3ria pol\u00edtica, sobre tratados e acordos internacionais. Em Madri tomou conhecimento do Tratado de Utrecht. Depois exerceu atividades de cunho diplom\u00e1tivo em v\u00e1rios lugares. De volta a Lisboa foi nomeado secret\u00e1rio particular do rei, chegando praticamente a dirigir a pol\u00edtica externa de Portugal. Para assegurar a posse na regi\u00e3o ao sul do Brasil, Gusm\u00e3o iniciou em 1746 o projeto de coloniza\u00e7\u00e3o por povoamento, trazendo casais de a\u00e7orianos. A ideia era povoar com fam\u00edlias, n\u00e3o com escravos.<\/p>\n<p>De 1746 a 1750 negociou com a Espanha o Tratado de Madri. Nessa tratativa Gusm\u00e3o utilizou o conceito de <em>fronteiras naturais<\/em>, isto \u00e9, definidos por acidentes geogr\u00e1ficos naturais, e o direito a territ\u00f3rio baseado no princ\u00edpio jur\u00eddico chamado <em>uti possidetis<\/em>, que d\u00e1 direito ao territ\u00f3rio aos que, de fato, o ocupam, uma esp\u00e9cie de usucapi\u00e3o. O Tratado de Madri anulou o Tratado de Tordesilhas e, ao mesmo tempo, os portugueses como primeiros ocupantes ganharam <em>grosso modo<\/em> a regi\u00e3o correspondente aos atuais estados de Mato Grosso do Sul, Mato Grosso, Amazonas e Par\u00e1, oferecendo como compensa\u00e7\u00e3o para a Espanha, territ\u00f3rios da \u00c1sia que a Espanha vinha disputando com Portugal h\u00e1 um bom tempo, abrindo m\u00e3o tamb\u00e9m da Col\u00f4nia do Sacramento no rio da Prata, mas reivindicando da Espanha a regi\u00e3o dos Sete Povos da Miss\u00f5es no Rio Grande do Sul, na margem oriental do rio Uruguai.<\/p>\n<p>T\u00e3o logo D. Jo\u00e3o V faleceu em 1750, ap\u00f3s ter assinado o Tratado de Madri, Alexandre de Gusm\u00e3o afastou-se da vida p\u00fablica com o advento de D. Jos\u00e9 I e seu Primeiro Ministro, Pombal, seu desafeto. Perdendo mulher e filhos num inc\u00eandio em sua resid\u00eancia, pouco depois ele tamb\u00e9m morreu em 1753 com 58 anos.<\/p>\n<hr \/>\n<h5 id=\"notas\">Notas<\/h5>\n<h6 id=\"1-toledo-cezar-de-alencar-arnaut-de-e-araujo-vanessa-freitag-de-o-pensamento-educacional-de-alexandre-de-gusmao-1629-1724-in-anais-do-iv-encontro-internacional-de-historia-colonial-jesuitas-e\">[1] Toledo, C\u00e9zar de Alencar Arnaut de e Ara\u00fajo, Vanessa Freitag de, O pensamento educacional de Alexandre de Gusm\u00e3o (1629-1724) <em>in Anais do IV Encontro Internacional de Hist\u00f3ria Colonial. Jesu\u00edtas, expans\u00e3o planet\u00e1ria e formas de cultura<\/em>, Rafael Chambouleyron e Karl Heinz Arenz (Orgs.), Vol. 4, 251-263, Bel\u00e9m, Editora A\u00e7a\u00ed, 2014.<\/h6>\n","protected":false},"excerpt":{"rendered":"Alexandre de Gusm\u00e3o era brasileiro, nascido em Santos, SP. Era irm\u00e3o mais&hellip;\n","protected":false},"author":44,"featured_media":0,"comment_status":"open","ping_status":"open","sticky":false,"template":"","format":"standard","meta":[],"categories":[144],"tags":[],"acf":[],"_links":{"self":[{"href":"https:\/\/revistacienciaecultura.org.br\/index.php?rest_route=\/wp\/v2\/posts\/2685"}],"collection":[{"href":"https:\/\/revistacienciaecultura.org.br\/index.php?rest_route=\/wp\/v2\/posts"}],"about":[{"href":"https:\/\/revistacienciaecultura.org.br\/index.php?rest_route=\/wp\/v2\/types\/post"}],"author":[{"embeddable":true,"href":"https:\/\/revistacienciaecultura.org.br\/index.php?rest_route=\/wp\/v2\/users\/44"}],"replies":[{"embeddable":true,"href":"https:\/\/revistacienciaecultura.org.br\/index.php?rest_route=%2Fwp%2Fv2%2Fcomments&post=2685"}],"version-history":[{"count":1,"href":"https:\/\/revistacienciaecultura.org.br\/index.php?rest_route=\/wp\/v2\/posts\/2685\/revisions"}],"predecessor-version":[{"id":2686,"href":"https:\/\/revistacienciaecultura.org.br\/index.php?rest_route=\/wp\/v2\/posts\/2685\/revisions\/2686"}],"wp:attachment":[{"href":"https:\/\/revistacienciaecultura.org.br\/index.php?rest_route=%2Fwp%2Fv2%2Fmedia&parent=2685"}],"wp:term":[{"taxonomy":"category","embeddable":true,"href":"https:\/\/revistacienciaecultura.org.br\/index.php?rest_route=%2Fwp%2Fv2%2Fcategories&post=2685"},{"taxonomy":"post_tag","embeddable":true,"href":"https:\/\/revistacienciaecultura.org.br\/index.php?rest_route=%2Fwp%2Fv2%2Ftags&post=2685"}],"curies":[{"name":"wp","href":"https:\/\/api.w.org\/{rel}","templated":true}]}}