{"id":2689,"date":"2022-08-22T19:55:45","date_gmt":"2022-08-22T19:55:45","guid":{"rendered":"https:\/\/revistacienciaecultura.org.br\/?p=2689"},"modified":"2022-10-07T11:31:12","modified_gmt":"2022-10-07T11:31:12","slug":"guerras-guaraniticas-1753-1756","status":"publish","type":"post","link":"https:\/\/revistacienciaecultura.org.br\/?p=2689","title":{"rendered":"Guerras Guaran\u00edticas (1753-1756)"},"content":{"rendered":"<p>As Guerras Guaran\u00edticas eclodiram em 1754 tendo, de um lado, os ind\u00edgenas liderados por Sep\u00e9 Tiaraj\u00fa e, do outro, espanh\u00f3is vindos de Montevid\u00e9u e Buenos Aires aliados aos portugueses vindos do Rio de Janeiro. Os ind\u00edgenas, que conheciam muito melhor os campos de combate, ofereceram inesperada e tenaz resist\u00eancia \u00e0s incurs\u00f5es ib\u00e9ricas mas, em 1756, Tiaraj\u00fa foi assassinado na Batalha de Caiboap\u00e9, o que causou a derrota das tropas ind\u00edgenas.<\/p>\n","protected":false},"excerpt":{"rendered":"As Guerras Guaran\u00edticas eclodiram em 1754 tendo, de um lado, os ind\u00edgenas&hellip;\n","protected":false},"author":44,"featured_media":0,"comment_status":"open","ping_status":"open","sticky":false,"template":"","format":"standard","meta":[],"categories":[144],"tags":[],"acf":[],"_links":{"self":[{"href":"https:\/\/revistacienciaecultura.org.br\/index.php?rest_route=\/wp\/v2\/posts\/2689"}],"collection":[{"href":"https:\/\/revistacienciaecultura.org.br\/index.php?rest_route=\/wp\/v2\/posts"}],"about":[{"href":"https:\/\/revistacienciaecultura.org.br\/index.php?rest_route=\/wp\/v2\/types\/post"}],"author":[{"embeddable":true,"href":"https:\/\/revistacienciaecultura.org.br\/index.php?rest_route=\/wp\/v2\/users\/44"}],"replies":[{"embeddable":true,"href":"https:\/\/revistacienciaecultura.org.br\/index.php?rest_route=%2Fwp%2Fv2%2Fcomments&post=2689"}],"version-history":[{"count":3,"href":"https:\/\/revistacienciaecultura.org.br\/index.php?rest_route=\/wp\/v2\/posts\/2689\/revisions"}],"predecessor-version":[{"id":3278,"href":"https:\/\/revistacienciaecultura.org.br\/index.php?rest_route=\/wp\/v2\/posts\/2689\/revisions\/3278"}],"wp:attachment":[{"href":"https:\/\/revistacienciaecultura.org.br\/index.php?rest_route=%2Fwp%2Fv2%2Fmedia&parent=2689"}],"wp:term":[{"taxonomy":"category","embeddable":true,"href":"https:\/\/revistacienciaecultura.org.br\/index.php?rest_route=%2Fwp%2Fv2%2Fcategories&post=2689"},{"taxonomy":"post_tag","embeddable":true,"href":"https:\/\/revistacienciaecultura.org.br\/index.php?rest_route=%2Fwp%2Fv2%2Ftags&post=2689"}],"curies":[{"name":"wp","href":"https:\/\/api.w.org\/{rel}","templated":true}]}}