{"id":2694,"date":"2022-08-22T19:58:06","date_gmt":"2022-08-22T19:58:06","guid":{"rendered":"https:\/\/revistacienciaecultura.org.br\/?p=2694"},"modified":"2022-08-23T10:15:51","modified_gmt":"2022-08-23T10:15:51","slug":"mendonca-furtado","status":"publish","type":"post","link":"https:\/\/revistacienciaecultura.org.br\/?p=2694","title":{"rendered":"Mendon\u00e7a Furtado"},"content":{"rendered":"<p>T\u00e3o logo se tornou primeiro ministro de D. Jos\u00e9 I, o Marqu\u00eas de Pombal que j\u00e1 tinha sido encarregado de comandar o lado portugu\u00eas da comiss\u00e3o demarcadora das fronteiras na regi\u00e3o norte do Brasil, transferiu essa fun\u00e7\u00e3o ao seu meio-irm\u00e3o Francisco Xavier de Mendon\u00e7a Furtado por ser de sua total confian\u00e7a. Aproveitou-se tamb\u00e9m para nome\u00e1-lo governador da prov\u00edncia do Gr\u00e3o-Par\u00e1 e Maranh\u00e3o em 1751. Nessa \u00e9poca a capital dessa prov\u00edncia tinha mudado de S\u00e3o Lu\u00eds para Bel\u00e9m. Mendon\u00e7a chamou literalmente a prov\u00edncia que recebeu para governar de \u201ccad\u00e1ver\u201d que precisava ser ressuscitado.<\/p>\n<p>Pombal aspirava revitalizar e reordenar administrativamente a regi\u00e3o amaz\u00f4nica e, por isso engajou seu meio-irm\u00e3o nesse projeto, no qual desempenharia papel determinante. Deu-lhe poderes ampl\u00edssimos e ilimitados. Mas Furtado era col\u00e9rico e intempestivo; mais causava problemas, como veremos, do que os resolvia.<\/p>\n","protected":false},"excerpt":{"rendered":"T\u00e3o logo se tornou primeiro ministro de D. Jos\u00e9 I, o Marqu\u00eas&hellip;\n","protected":false},"author":44,"featured_media":0,"comment_status":"open","ping_status":"open","sticky":false,"template":"","format":"standard","meta":[],"categories":[144],"tags":[],"acf":[],"_links":{"self":[{"href":"https:\/\/revistacienciaecultura.org.br\/index.php?rest_route=\/wp\/v2\/posts\/2694"}],"collection":[{"href":"https:\/\/revistacienciaecultura.org.br\/index.php?rest_route=\/wp\/v2\/posts"}],"about":[{"href":"https:\/\/revistacienciaecultura.org.br\/index.php?rest_route=\/wp\/v2\/types\/post"}],"author":[{"embeddable":true,"href":"https:\/\/revistacienciaecultura.org.br\/index.php?rest_route=\/wp\/v2\/users\/44"}],"replies":[{"embeddable":true,"href":"https:\/\/revistacienciaecultura.org.br\/index.php?rest_route=%2Fwp%2Fv2%2Fcomments&post=2694"}],"version-history":[{"count":1,"href":"https:\/\/revistacienciaecultura.org.br\/index.php?rest_route=\/wp\/v2\/posts\/2694\/revisions"}],"predecessor-version":[{"id":2695,"href":"https:\/\/revistacienciaecultura.org.br\/index.php?rest_route=\/wp\/v2\/posts\/2694\/revisions\/2695"}],"wp:attachment":[{"href":"https:\/\/revistacienciaecultura.org.br\/index.php?rest_route=%2Fwp%2Fv2%2Fmedia&parent=2694"}],"wp:term":[{"taxonomy":"category","embeddable":true,"href":"https:\/\/revistacienciaecultura.org.br\/index.php?rest_route=%2Fwp%2Fv2%2Fcategories&post=2694"},{"taxonomy":"post_tag","embeddable":true,"href":"https:\/\/revistacienciaecultura.org.br\/index.php?rest_route=%2Fwp%2Fv2%2Ftags&post=2694"}],"curies":[{"name":"wp","href":"https:\/\/api.w.org\/{rel}","templated":true}]}}