{"id":2698,"date":"2022-08-22T20:01:36","date_gmt":"2022-08-22T20:01:36","guid":{"rendered":"https:\/\/revistacienciaecultura.org.br\/?p=2698"},"modified":"2022-10-07T11:32:15","modified_gmt":"2022-10-07T11:32:15","slug":"a-expulsao-dos-jesuitas-1759","status":"publish","type":"post","link":"https:\/\/revistacienciaecultura.org.br\/?p=2698","title":{"rendered":"A expuls\u00e3o dos jesu\u00edtas (1759)"},"content":{"rendered":"<p>Movido por um Iluminismo anticlerical raivoso, em 1759 Pombal promoveu a expuls\u00e3o desses mission\u00e1rios de todos os territ\u00f3rios portugueses. Motivo: conspira\u00e7\u00e3o contra a Coroa. Seguindo esse exemplo, Carlos III da Espanha tamb\u00e9m expulsou os jesu\u00edtas de todas as terras espanholas em 1767.<\/p>\n<p>Com a expuls\u00e3o em Portugal, foi fechado em Lisboa o Col\u00e9gio de Santo Ant\u00e3o, a institui\u00e7\u00e3o formadora dos mission\u00e1rios na Matem\u00e1tica e Astronomia. Um ano antes da expuls\u00e3o, em 1758 foi publicado \u201cO Planetario Lusitano\u201d,[1]\u00a0as primeiras efem\u00e9rides portuguesas de autoria do jesu\u00edta Eusebio da Veiga (1718-1798), \u00faltimo mestre das Aulas da Esfera em Santo Ant\u00e3o. S\u00f3 trinta anos mais tarde a Academia Real de Ci\u00eancias de Lisboa organizou uma comiss\u00e3o para a publica\u00e7\u00e3o das \u201cEfemerides Nauticas\u201d. Os instrumentos astron\u00f4micos de Santo Ant\u00e3o, salvos no terremoto de Lisboa de 1755 foram entregues ao Col\u00e9gio dos Nobres, fundado em 1761. Esse col\u00e9gio fez parte do projeto pombalino. Era para a educa\u00e7\u00e3o de fidalgos pretendentes \u00e0 carreira militar e, portanto, precisavam de forma\u00e7\u00e3o cient\u00edfica. Mas esse projeto tamb\u00e9m n\u00e3o teve sucesso e foi ef\u00eamero.<\/p>\n<p>No Brasil, a expuls\u00e3o desarticulou a educa\u00e7\u00e3o brasileira, pois o sistema substitutivo das \u201cAulas R\u00e9gias\u201d que Pombal havia concebido n\u00e3o funcionou. As redu\u00e7\u00f5es jesu\u00edticas entraram em decl\u00ednio, at\u00e9 que desapareceram. No s\u00e9culo 19 houve a repovoa\u00e7\u00e3o das \u00e1reas dos Sete Povos com imigrantes alem\u00e3es, italianos e poloneses.<\/p>\n<hr \/>\n<h5 id=\"notas\">Notas<\/h5>\n<h6 id=\"1-alves-jefferson-dos-santos-o-planetario-lusitano-de-eusebio-da-veiga-e-a-astronomia-em-portugal-no-seculo-xviii-dissertacao-de-mestrado-em-historia-rio-de-janeiro-universidade-federal-do-esta\">[1] Alves, Jefferson dos Santos, <em>O Planet\u00e1rio Lusitano de Eus\u00e9bio da Veiga e a Astronomia em Portugal no s\u00e9culo XVIII<\/em>, Disserta\u00e7\u00e3o de Mestrado em Hist\u00f3ria, Rio de Janeiro, Universidade Federal do Estado do Rio de Janeiro, 2013.<\/h6>\n<h6 id=\"chrome-extension-efaidnbmnnnibpcajpcglclefindmkaj-http-www-unirio-br-cchs-ppgh-producao-academica-dissertacoes-de-mestrado-e-egressos-pasta-arquivos-jeffersondossantosalvesppghuniriod-pdf\">chrome-extension:\/\/efaidnbmnnnibpcajpcglclefindmkaj\/http:\/\/www.unirio.br\/cchs\/ppgh\/producao-academica\/dissertacoes-de-mestrado-e-egressos-pasta\/arquivos\/JEFFERSONDOSSANTOSALVESPPGHUNIRIOD.pdf<\/h6>\n","protected":false},"excerpt":{"rendered":"Movido por um Iluminismo anticlerical raivoso, em 1759 Pombal promoveu a expuls\u00e3o&hellip;\n","protected":false},"author":44,"featured_media":0,"comment_status":"open","ping_status":"open","sticky":false,"template":"","format":"standard","meta":[],"categories":[144],"tags":[],"acf":[],"_links":{"self":[{"href":"https:\/\/revistacienciaecultura.org.br\/index.php?rest_route=\/wp\/v2\/posts\/2698"}],"collection":[{"href":"https:\/\/revistacienciaecultura.org.br\/index.php?rest_route=\/wp\/v2\/posts"}],"about":[{"href":"https:\/\/revistacienciaecultura.org.br\/index.php?rest_route=\/wp\/v2\/types\/post"}],"author":[{"embeddable":true,"href":"https:\/\/revistacienciaecultura.org.br\/index.php?rest_route=\/wp\/v2\/users\/44"}],"replies":[{"embeddable":true,"href":"https:\/\/revistacienciaecultura.org.br\/index.php?rest_route=%2Fwp%2Fv2%2Fcomments&post=2698"}],"version-history":[{"count":2,"href":"https:\/\/revistacienciaecultura.org.br\/index.php?rest_route=\/wp\/v2\/posts\/2698\/revisions"}],"predecessor-version":[{"id":3279,"href":"https:\/\/revistacienciaecultura.org.br\/index.php?rest_route=\/wp\/v2\/posts\/2698\/revisions\/3279"}],"wp:attachment":[{"href":"https:\/\/revistacienciaecultura.org.br\/index.php?rest_route=%2Fwp%2Fv2%2Fmedia&parent=2698"}],"wp:term":[{"taxonomy":"category","embeddable":true,"href":"https:\/\/revistacienciaecultura.org.br\/index.php?rest_route=%2Fwp%2Fv2%2Fcategories&post=2698"},{"taxonomy":"post_tag","embeddable":true,"href":"https:\/\/revistacienciaecultura.org.br\/index.php?rest_route=%2Fwp%2Fv2%2Ftags&post=2698"}],"curies":[{"name":"wp","href":"https:\/\/api.w.org\/{rel}","templated":true}]}}