{"id":2702,"date":"2022-08-22T20:04:27","date_gmt":"2022-08-22T20:04:27","guid":{"rendered":"https:\/\/revistacienciaecultura.org.br\/?p=2702"},"modified":"2022-08-23T10:14:54","modified_gmt":"2022-08-23T10:14:54","slug":"reforma-da-universidade-de-coimbra-e-influencia-nos-estudantes-brasileiros","status":"publish","type":"post","link":"https:\/\/revistacienciaecultura.org.br\/?p=2702","title":{"rendered":"Reforma da Universidade de Coimbra e influ\u00eancia nos estudantes brasileiros"},"content":{"rendered":"<p>Em 1772, D. Jos\u00e9 I ratificou os novos estatutos da Universidade de Coimbra. Nesse mesmo ano, foram criados o Museu Universit\u00e1rio, o Jardim Bot\u00e2nico, o Gabinete de F\u00edsica Experimental e o Laborat\u00f3rio de Qu\u00edmica Pr\u00e1tica, antes inexistentes. Essa \u201creforma da instru\u00e7\u00e3o\u201d foi respons\u00e1vel pela institui\u00e7\u00e3o do ensino das ci\u00eancias naturais (Mineralogia, Qu\u00edmica, Matem\u00e1tica) na Universidade de Coimbra. Como n\u00e3o havia no pa\u00eds professores suficientes que dominassem as ci\u00eancias naturais, optou-se por busc\u00e1-los na It\u00e1lia. Nos 20 anos posteriores \u00e0 reforma, cerca de 430 brasileiros a\u00ed se formaram em Ci\u00eancias, tamb\u00e9m em Medicina e Direito. Dentre eles encontram-se os primeiros que, voltando ao Brasil, iniciaram os estudos da flora, fauna, minerais e popula\u00e7\u00f5es primitivas. Mais tarde, j\u00e1 com a reforma consolidada, a universidade passou a contar com quadros pr\u00f3prios. Nesse per\u00edodo, nas \u00faltimas d\u00e9cadas do s\u00e9culo 18, alguns brasileiros como Jos\u00e9 Bonif\u00e1cio de Andrada e Silva se tornaram professores de Coimbra, e n\u00e3o mais apenas aprendizes. Jos\u00e9 Bonif\u00e1cio regeu a c\u00e1tedra de Metalurgia, especialmente criada para ele. Tornou-se cientista de prest\u00edgio internacional, membro das principais sociedades cient\u00edficas da Europa, certamente o maior expoente da gera\u00e7\u00e3o de brasileiros que frequentou Coimbra. Al\u00e9m da Metalurgia, dominava as \u00e1reas de Mineralogia, Geologia, Qu\u00edmica, Climatologia, Bot\u00e2nica, Silvicultura, Hidr\u00e1ulica e Obras P\u00fablicas.<\/p>\n<p>Antes de Pombal, Portugal era um estado eclesi\u00e1stico, devendo obedi\u00eancia ao poder da Igreja. Com Pombal, estabelece-se o poder absoluto do rei. Sob o efeito dessa mudan\u00e7a, os brasileiros que se graduavam nessa universidade reformada, quando voltavam, j\u00e1 traziam para o Brasil a nova mentalidade de cultura secular e de soberania do poder temporal dos reis, disseminando por aqui os germes da independ\u00eancia.<\/p>\n<p>Os primeiros astr\u00f4nomos e ge\u00f3grafos brasileiros bacharelados em Coimbra e que fizeram pesquisas na col\u00f4nia foram Francisco Jos\u00e9 de Lacerda e Almeida e Ant\u00f4nio Pires da Silva Pontes. Deles falaremos adiante.<\/p>\n","protected":false},"excerpt":{"rendered":"Em 1772, D. Jos\u00e9 I ratificou os novos estatutos da Universidade de&hellip;\n","protected":false},"author":44,"featured_media":0,"comment_status":"open","ping_status":"open","sticky":false,"template":"","format":"standard","meta":[],"categories":[144],"tags":[],"acf":[],"_links":{"self":[{"href":"https:\/\/revistacienciaecultura.org.br\/index.php?rest_route=\/wp\/v2\/posts\/2702"}],"collection":[{"href":"https:\/\/revistacienciaecultura.org.br\/index.php?rest_route=\/wp\/v2\/posts"}],"about":[{"href":"https:\/\/revistacienciaecultura.org.br\/index.php?rest_route=\/wp\/v2\/types\/post"}],"author":[{"embeddable":true,"href":"https:\/\/revistacienciaecultura.org.br\/index.php?rest_route=\/wp\/v2\/users\/44"}],"replies":[{"embeddable":true,"href":"https:\/\/revistacienciaecultura.org.br\/index.php?rest_route=%2Fwp%2Fv2%2Fcomments&post=2702"}],"version-history":[{"count":2,"href":"https:\/\/revistacienciaecultura.org.br\/index.php?rest_route=\/wp\/v2\/posts\/2702\/revisions"}],"predecessor-version":[{"id":2986,"href":"https:\/\/revistacienciaecultura.org.br\/index.php?rest_route=\/wp\/v2\/posts\/2702\/revisions\/2986"}],"wp:attachment":[{"href":"https:\/\/revistacienciaecultura.org.br\/index.php?rest_route=%2Fwp%2Fv2%2Fmedia&parent=2702"}],"wp:term":[{"taxonomy":"category","embeddable":true,"href":"https:\/\/revistacienciaecultura.org.br\/index.php?rest_route=%2Fwp%2Fv2%2Fcategories&post=2702"},{"taxonomy":"post_tag","embeddable":true,"href":"https:\/\/revistacienciaecultura.org.br\/index.php?rest_route=%2Fwp%2Fv2%2Ftags&post=2702"}],"curies":[{"name":"wp","href":"https:\/\/api.w.org\/{rel}","templated":true}]}}