{"id":2709,"date":"2022-08-22T20:08:48","date_gmt":"2022-08-22T20:08:48","guid":{"rendered":"https:\/\/revistacienciaecultura.org.br\/?p=2709"},"modified":"2022-08-23T10:14:04","modified_gmt":"2022-08-23T10:14:04","slug":"tratado-de-santo-ildefonso","status":"publish","type":"post","link":"https:\/\/revistacienciaecultura.org.br\/?p=2709","title":{"rendered":"Tratado de Santo Ildefonso"},"content":{"rendered":"<p>Em 1777 D. Maria I, rainha de Portugal, e o rei da Espanha, Carlos III assinaram o Tratado de Santo Ildefonso na cidade espanhola de mesmo nome, na prov\u00edncia de Seg\u00f3via. O objetivo deste novo tratado era p\u00f4r fim \u00e0s disputas entre Portugal e Espanha\u00a0que, h\u00e1 tr\u00eas s\u00e9culos, lutavam pela posse de col\u00f4nias em v\u00e1rias partes do mundo, mas sobretudo da col\u00f4nia sul-americana do Sacramento, situa\u00e7\u00e3o que se prolongava desde o Tratado de Utrecht (1715), anterior ao Tratado de Madri (1750),\u00a0que devolvia Sacramento aos portugueses. \u00c9 bom lembrar que a Col\u00f4nia do Sacramento foi fundada em 1680 sob o comando do governador do Rio de Janeiro, Manuel Lobo, atendendo ordem de D. Pedro II de Portugal.<\/p>\n<p>Durante a assinatura do Tratado de Madri ocorriam os conflitos armados das Guerras Luso-Espanholas de 1735-1737 e de 1776-1777 que confundiam quem detinha o direito de posse de territ\u00f3rios do sul do Brasil. A Col\u00f4nia do Sacramento ora se tornava espanhola, ora portuguesa.[1]\u00a0O tratado teve a media\u00e7\u00e3o da Inglaterra e Fran\u00e7a, que tinham interesses pol\u00edticos internacionais na pacifica\u00e7\u00e3o das rela\u00e7\u00f5es entre Portugal e Espanha. Oficialmente, o tratado chamou-se\u00a0Tratado Preliminar de Paz e Limites<strong>,<\/strong>\u00a0que tamb\u00e9m visava solucionar conflitos em col\u00f4nias asi\u00e1ticas. Mas em 1777 ficou estabelecido que Portugal devolveria Sacramento, a Banda Oriental (correspondente ao atual Uruguai) e a regi\u00e3o dos Sete Povos para a Espanha. Esta, por sua vez, devolveria para Portugal a ilha de Santa Catarina e o Rio Grande de S\u00e3o Pedro (atual RS). Por\u00e9m, em 1801 seria assinado o Tratado de Badaj\u00f3s (cidade espanhola) quando a Espanha cederia a regi\u00e3o dos Sete Povos a Portugal, permitindo a expans\u00e3o da ocupa\u00e7\u00e3o portuguesa. Esta configura\u00e7\u00e3o praticamente restituiu a situa\u00e7\u00e3o do Tratado de Madri.<\/p>\n<hr \/>\n<h5 id=\"notas\">Notas<\/h5>\n<h6 id=\"1-essa-complicada-alternancia-de-posse-da-colonia-de-sacramento-e-dos-sete-povos-da-missoes-e-bem-descrita-por-pontes-beatriz-maria-soares-as-bases-geopoliticas-dos-sete-povos-das-missoes-revista\">[1] Essa complicada altern\u00e2ncia de posse da Col\u00f4nia de Sacramento e dos Sete Povos da Miss\u00f5es \u00e9 bem descrita por Pontes, Beatriz Maria Soares, As bases geopol\u00edticas dos Sete Povos das Miss\u00f5es, <em>Revista de Geopol\u00edtica<\/em>, 1, 2, 57-71, Ponta Grossa, PR, 2010.<\/h6>\n<h6 id=\"chrome-extension-efaidnbmnnnibpcajpcglclefindmkaj-http-revistageopolitica-com-br-index-php-revistageopolitica-article-viewfile-13-13\">chrome-extension:\/\/efaidnbmnnnibpcajpcglclefindmkaj\/http:\/\/revistageopolitica.com.br\/index.php\/revistageopolitica\/article\/viewFile\/13\/13<\/h6>\n","protected":false},"excerpt":{"rendered":"Em 1777 D. Maria I, rainha de Portugal, e o rei da&hellip;\n","protected":false},"author":44,"featured_media":0,"comment_status":"open","ping_status":"open","sticky":false,"template":"","format":"standard","meta":[],"categories":[144],"tags":[],"acf":[],"_links":{"self":[{"href":"https:\/\/revistacienciaecultura.org.br\/index.php?rest_route=\/wp\/v2\/posts\/2709"}],"collection":[{"href":"https:\/\/revistacienciaecultura.org.br\/index.php?rest_route=\/wp\/v2\/posts"}],"about":[{"href":"https:\/\/revistacienciaecultura.org.br\/index.php?rest_route=\/wp\/v2\/types\/post"}],"author":[{"embeddable":true,"href":"https:\/\/revistacienciaecultura.org.br\/index.php?rest_route=\/wp\/v2\/users\/44"}],"replies":[{"embeddable":true,"href":"https:\/\/revistacienciaecultura.org.br\/index.php?rest_route=%2Fwp%2Fv2%2Fcomments&post=2709"}],"version-history":[{"count":1,"href":"https:\/\/revistacienciaecultura.org.br\/index.php?rest_route=\/wp\/v2\/posts\/2709\/revisions"}],"predecessor-version":[{"id":2710,"href":"https:\/\/revistacienciaecultura.org.br\/index.php?rest_route=\/wp\/v2\/posts\/2709\/revisions\/2710"}],"wp:attachment":[{"href":"https:\/\/revistacienciaecultura.org.br\/index.php?rest_route=%2Fwp%2Fv2%2Fmedia&parent=2709"}],"wp:term":[{"taxonomy":"category","embeddable":true,"href":"https:\/\/revistacienciaecultura.org.br\/index.php?rest_route=%2Fwp%2Fv2%2Fcategories&post=2709"},{"taxonomy":"post_tag","embeddable":true,"href":"https:\/\/revistacienciaecultura.org.br\/index.php?rest_route=%2Fwp%2Fv2%2Ftags&post=2709"}],"curies":[{"name":"wp","href":"https:\/\/api.w.org\/{rel}","templated":true}]}}