{"id":2713,"date":"2022-08-22T20:12:37","date_gmt":"2022-08-22T20:12:37","guid":{"rendered":"https:\/\/revistacienciaecultura.org.br\/?p=2713"},"modified":"2022-08-23T10:13:35","modified_gmt":"2022-08-23T10:13:35","slug":"brasileiros-conimbricenses-demarcando-fronteiras","status":"publish","type":"post","link":"https:\/\/revistacienciaecultura.org.br\/?p=2713","title":{"rendered":"Brasileiros conimbricenses demarcando fronteiras"},"content":{"rendered":"<p>Um dos primeiros estudantes brasileiros formados na reformada Universidade de Coimbra, foi o paulistano Francisco Jos\u00e9 de Lacerda e Almeida (1753-1798). Conclu\u00eddo o curso de Matem\u00e1tica e tendo recebido o grau de doutor em Matem\u00e1tica em 1777, serviu a coroa como Matem\u00e1tico e Cart\u00f3grafo em expedi\u00e7\u00f5es no Brasil e no continente africano. Regressando ao Brasil, de 1780 a 1790 fez parte de uma comiss\u00e3o para a determina\u00e7\u00e3o dos limites das fronteiras, j\u00e1 na vig\u00eancia do Tratado de Santo Ildefonso, percorrendo as capitanias do Par\u00e1, Rio Negro, Mato Grosso, Cuiab\u00e1 e S\u00e3o Paulo, retornando a Portugal em 1791.<\/p>\n<p>Em 1798 participou de um grande projeto de travessia da costa oriental da \u00c1frica \u00e0 costa ocidental de Angola, mas faleceu nesse ano, trabalhando nessa expedi\u00e7\u00e3o.\u00a0No interior africano Lacerda e Almeida tinha por objetivo descobrir uma rede fluvial que permitisse a liga\u00e7\u00e3o continental entre as costas oriental e ocidental, ligando Mo\u00e7ambique a Angola. Realizou observa\u00e7\u00f5es astron\u00f4micas na \u00c1frica Central, incluindo cuidadosas determina\u00e7\u00f5es de longitude pela oculta\u00e7\u00e3o dos sat\u00e9lites de J\u00fapiter.<\/p>\n<p>Outro conimbricense brasileiro nascido em Mariana, MG, Antonio Pires da Silva Pontes Leme (1750-1805) iniciou seus estudos em Coimbra por volta de 1772. Formou-se em Matem\u00e1tica e obteve o grau de doutor em Matem\u00e1tica em 1778. Nos dez anos seguintes, a sua atividade de matem\u00e1tico e astr\u00f4nomo a servi\u00e7o do Reino esteve ligada \u00e0 de Lacerda e Almeida. Foram ambos nomeados matem\u00e1ticos astr\u00f4nomos da Terceira Partida de Demarca\u00e7\u00e3o de Limites do Brasil, organizada na sequ\u00eancia do Tratado de Santo Ildefonso. Os dois matem\u00e1ticos compunham o corpo expedicion\u00e1rio que partiu do porto de Lisboa em janeiro de 1780, em dire\u00e7\u00e3o ao Par\u00e1. Tendo percorrido os principais rios e explorado os limites ocidentais da Amaz\u00f4nia, estabeleceram as novas coordenadas geogr\u00e1ficas que corrigiam os mapas existentes. Silva Pontes partiu depois em expedi\u00e7\u00e3o para o Mato Grosso. Tendo regressado a Portugal, continuaria a trabalhar com Lacerda e Almeida como professores na Academia de Marinha. Em 1801 regressou ao Brasil, assumindo o governo do estado do Esp\u00edrito Santo.<\/p>\n","protected":false},"excerpt":{"rendered":"Um dos primeiros estudantes brasileiros formados na reformada Universidade de Coimbra, foi&hellip;\n","protected":false},"author":44,"featured_media":0,"comment_status":"open","ping_status":"open","sticky":false,"template":"","format":"standard","meta":[],"categories":[144],"tags":[],"acf":[],"_links":{"self":[{"href":"https:\/\/revistacienciaecultura.org.br\/index.php?rest_route=\/wp\/v2\/posts\/2713"}],"collection":[{"href":"https:\/\/revistacienciaecultura.org.br\/index.php?rest_route=\/wp\/v2\/posts"}],"about":[{"href":"https:\/\/revistacienciaecultura.org.br\/index.php?rest_route=\/wp\/v2\/types\/post"}],"author":[{"embeddable":true,"href":"https:\/\/revistacienciaecultura.org.br\/index.php?rest_route=\/wp\/v2\/users\/44"}],"replies":[{"embeddable":true,"href":"https:\/\/revistacienciaecultura.org.br\/index.php?rest_route=%2Fwp%2Fv2%2Fcomments&post=2713"}],"version-history":[{"count":1,"href":"https:\/\/revistacienciaecultura.org.br\/index.php?rest_route=\/wp\/v2\/posts\/2713\/revisions"}],"predecessor-version":[{"id":2714,"href":"https:\/\/revistacienciaecultura.org.br\/index.php?rest_route=\/wp\/v2\/posts\/2713\/revisions\/2714"}],"wp:attachment":[{"href":"https:\/\/revistacienciaecultura.org.br\/index.php?rest_route=%2Fwp%2Fv2%2Fmedia&parent=2713"}],"wp:term":[{"taxonomy":"category","embeddable":true,"href":"https:\/\/revistacienciaecultura.org.br\/index.php?rest_route=%2Fwp%2Fv2%2Fcategories&post=2713"},{"taxonomy":"post_tag","embeddable":true,"href":"https:\/\/revistacienciaecultura.org.br\/index.php?rest_route=%2Fwp%2Fv2%2Ftags&post=2713"}],"curies":[{"name":"wp","href":"https:\/\/api.w.org\/{rel}","templated":true}]}}