{"id":2766,"date":"2022-07-05T10:59:41","date_gmt":"2022-07-05T10:59:41","guid":{"rendered":"https:\/\/revistacienciaecultura.org.br\/?p=2766"},"modified":"2022-07-05T11:00:53","modified_gmt":"2022-07-05T11:00:53","slug":"videosaude-e-unb-organizam-mostra-de-filmes-da-74o-reuniao-anual-da-sbpc","status":"publish","type":"post","link":"https:\/\/revistacienciaecultura.org.br\/?p=2766","title":{"rendered":"VideoSa\u00fade e UnB organizam mostra de filmes da 74\u00ba Reuni\u00e3o Anual da SBPC"},"content":{"rendered":"<h3 id=\"a-atividade-integra-a-sbpc-cultural-que-faz-parte-da-programacao-do-evento-que-sera-realizado-na-universidade-de-brasilia-de-24-a-30-de-julho\"><span style=\"color: #808080;\">A atividade\u00a0integra a SBPC Cultural que faz parte da programa\u00e7\u00e3o do evento, que ser\u00e1 realizado na Universidade de Bras\u00edlia de 24 a 30 de julho<\/span><\/h3>\n<p>A VideoSa\u00fade fechou parceria com a Universidade de Bras\u00edlia (UnB) para participar da mostra\u00a0<em>Cinema e ci\u00eancia<\/em>, que traz obras cinematogr\u00e1ficas sobre v\u00e1rios temas que envolvem a pesquisa cient\u00edfica, sa\u00fade p\u00fablica, democracia, representatividade e nomes importantes da ci\u00eancia brasileira.<\/p>\n<p>O objetivo da mostra \u00e9 conectar as pessoas ao conhecimento cient\u00edfico dentro de um espa\u00e7o cultural, por meio da criatividade e pot\u00eancia da linguagem audiovisual. O evento integra a SBPC Cultural, realizada na UnB, durante a 74\u00aa Reuni\u00e3o Anual da Sociedade Brasileira para o Progresso da Ci\u00eancia (SBPC), que acontece na Universidade, de 24 a 30 de julho, e tem como tema\u00a0<em>Ci\u00eancia, independ\u00eancia e soberania nacional.<\/em><\/p>\n<p>O conte\u00fado da mostra \u00e9 da\u00a0<span style=\"color: #800000;\"><a style=\"color: #800000;\" href=\"https:\/\/videosaude.icict.fiocruz.br\/\" target=\"_blank\" rel=\"noopener\">Plataforma de Filmes em Acesso Aberto da VideoSa\u00fade<\/a><\/span>, da UnBTV e v\u00eddeos institucionais curtos antes de cada sess\u00e3o. Os document\u00e1rios poder\u00e3o ser assistidos tamb\u00e9m no site da UnBTV e no canal 15 da Net\/Claro, do Distrito Federal.<\/p>\n<p>Veja a programa\u00e7\u00e3o completa no\u00a0<span style=\"color: #800000;\"><a style=\"color: #800000;\" href=\"https:\/\/www.icict.fiocruz.br\/content\/videosaude-fecha-parceria-com-unb-para-exibicao-de-documentarios-na-mostra-cinema-e-ciencia\" target=\"_blank\" rel=\"noopener\">site do Icict\/Fiocruz<\/a><\/span>.<\/p>\n<p><span style=\"color: #800000;\"><em><a style=\"color: #800000;\" href=\"https:\/\/portal.fiocruz.br\/noticia\/videosaude-e-unb-organizam-mostra-de-filmes-da-74o-reuniao-anual-da-sbpc\" target=\"_blank\" rel=\"noopener\">Portal Fiocruz<\/a><\/em><\/span><\/p>\n","protected":false},"excerpt":{"rendered":"A atividade\u00a0integra a SBPC Cultural que faz parte da programa\u00e7\u00e3o do evento,&hellip;\n","protected":false},"author":19,"featured_media":2012,"comment_status":"open","ping_status":"open","sticky":false,"template":"","format":"standard","meta":[],"categories":[1,2],"tags":[],"acf":[],"_links":{"self":[{"href":"https:\/\/revistacienciaecultura.org.br\/index.php?rest_route=\/wp\/v2\/posts\/2766"}],"collection":[{"href":"https:\/\/revistacienciaecultura.org.br\/index.php?rest_route=\/wp\/v2\/posts"}],"about":[{"href":"https:\/\/revistacienciaecultura.org.br\/index.php?rest_route=\/wp\/v2\/types\/post"}],"author":[{"embeddable":true,"href":"https:\/\/revistacienciaecultura.org.br\/index.php?rest_route=\/wp\/v2\/users\/19"}],"replies":[{"embeddable":true,"href":"https:\/\/revistacienciaecultura.org.br\/index.php?rest_route=%2Fwp%2Fv2%2Fcomments&post=2766"}],"version-history":[{"count":3,"href":"https:\/\/revistacienciaecultura.org.br\/index.php?rest_route=\/wp\/v2\/posts\/2766\/revisions"}],"predecessor-version":[{"id":2769,"href":"https:\/\/revistacienciaecultura.org.br\/index.php?rest_route=\/wp\/v2\/posts\/2766\/revisions\/2769"}],"wp:featuredmedia":[{"embeddable":true,"href":"https:\/\/revistacienciaecultura.org.br\/index.php?rest_route=\/wp\/v2\/media\/2012"}],"wp:attachment":[{"href":"https:\/\/revistacienciaecultura.org.br\/index.php?rest_route=%2Fwp%2Fv2%2Fmedia&parent=2766"}],"wp:term":[{"taxonomy":"category","embeddable":true,"href":"https:\/\/revistacienciaecultura.org.br\/index.php?rest_route=%2Fwp%2Fv2%2Fcategories&post=2766"},{"taxonomy":"post_tag","embeddable":true,"href":"https:\/\/revistacienciaecultura.org.br\/index.php?rest_route=%2Fwp%2Fv2%2Ftags&post=2766"}],"curies":[{"name":"wp","href":"https:\/\/api.w.org\/{rel}","templated":true}]}}