{"id":2777,"date":"2022-07-06T13:06:14","date_gmt":"2022-07-06T13:06:14","guid":{"rendered":"https:\/\/revistacienciaecultura.org.br\/?p=2777"},"modified":"2022-07-06T13:06:14","modified_gmt":"2022-07-06T13:06:14","slug":"sbpc-celebra-dia-nacional-da-ciencia-com-mesa-redonda-sobre-impactos-das-diferentes-ciencias-para-o-pais","status":"publish","type":"post","link":"https:\/\/revistacienciaecultura.org.br\/?p=2777","title":{"rendered":"SBPC celebra Dia Nacional da Ci\u00eancia com mesa-redonda sobre impactos das diferentes ci\u00eancias para o Pa\u00eds"},"content":{"rendered":"<h4 id=\"o-evento-sera-transmitido-nesta-sexta-feira-8-de-julho-as-10h-pelo-canal-da-sbpc-no-youtube-alem-do-painel-a-sbpc-divulga-os-eventos-realizados-pelas-secretarias-regionais-da-entidade-por-s\"><span style=\"color: #808080;\">O evento ser\u00e1 transmitido nesta sexta-feira, 8 de julho, \u00e0s 10h, pelo canal da SBPC no YouTube.\u00a0Al\u00e9m do painel, a SBPC divulga os eventos realizados pelas Secretarias Regionais da entidade, por Sociedades Cient\u00edficas afiliadas, universidades e demais institui\u00e7\u00f5es e organiza\u00e7\u00f5es<\/span><\/h4>\n<p>A Sociedade Brasileira para o Progresso da Ci\u00eancia (SBPC) celebrar\u00e1 no dia 8 de julho o Dia Nacional da Ci\u00eancia e o Dia Nacional do Pesquisador com a realiza\u00e7\u00e3o da mesa-redonda online\u00a0<strong>\u201cCi\u00eancia para todos: impactos das diferentes ci\u00eancias para o nosso pa\u00eds\u201d<\/strong>. O evento ser\u00e1 transmitido pelo\u00a0<span style=\"color: #800000;\"><a style=\"color: #800000;\" href=\"https:\/\/www.youtube.com\/user\/canalsbpc\">canal da SBPC no YouTube<\/a>,<\/span> a partir das 10h.<\/p>\n<p>Renato Janine Ribeiro, presidente da SBPC, aponta para a relev\u00e2ncia do tema do painel, que enfatiza o quanto a ci\u00eancia est\u00e1 diretamente relacionada ao desenvolvimento econ\u00f4mico e social de um pa\u00eds. \u201cFalta ainda no Brasil a consci\u00eancia do papel decisivo que a ci\u00eancia tem para seu progresso. Hoje n\u00e3o h\u00e1 mais desenvolvimento econ\u00f4mico sem ci\u00eancia embutida. \u00c9 importante lembrar que foi a ci\u00eancia, por exemplo, que permitiu o desenvolvimento r\u00e1pido de vacinas contra covid-19. Temos hoje diversos imunizantes para combater a doen\u00e7a e \u00e9 percept\u00edvel a queda do n\u00famero de mortes com o avan\u00e7o da vacina\u00e7\u00e3o. Ou seja, as vacinas s\u00e3o um grande exemplo de como a ci\u00eancia melhora a vida das pessoas\u201d, comenta.<\/p>\n<p>Janine Ribeiro lamenta, no entanto, o desfavorecimento que o conhecimento vem tendo nos \u00faltimos anos, com cortes profundos de financiamento e falta de incentivo pol\u00edtico. \u201cN\u00f3s est\u00e1vamos em um avan\u00e7o muito grande em termos de redu\u00e7\u00e3o da fome, de redu\u00e7\u00e3o das desigualdades, de melhorias na educa\u00e7\u00e3o e na sa\u00fade, gra\u00e7as \u00e0 ci\u00eancia. E, de uns poucos anos para c\u00e1, est\u00e1 tendo um retrocesso nisso tudo. Sem ci\u00eancia, o Brasil est\u00e1 fadado ao atraso\u201d, diz.<\/p>\n<p>Coordenado pelo presidente da SBPC, o evento contar\u00e1 com a participa\u00e7\u00e3o de Antonio Jos\u00e9 Roque da Silva, professor titular da Universidade de S\u00e3o Paulo (USP) e diretor geral do Centro Nacional de Pesquisa em Energia e Materiais (CNPEM), Josefa Salete Barbosa Cavalcanti, professora titular do Departamento de Sociologia do Centro de Filosofia e Ci\u00eancias e dos Programas de P\u00f3s-Gradua\u00e7\u00e3o em Sociologia e em Antropologia da Universidade Federal de Pernambuco (UFPE), Santuza Maria Ribeiro Teixeira, professora titular do Departamento de Bioqu\u00edmica e Imunologia da Universidade Federal de Minas Gerais (UFMG), e Segen Farid Estefen, professor titular de Estruturas Oce\u00e2nicas e Engenharia Submarina do Instituto Alberto Luiz Coimbra de P\u00f3s-Gradua\u00e7\u00e3o e Pesquisa de Engenharia, da Universidade Federal do Rio de Janeiro (Coppe\/UFRJ).<\/p>\n<p>A cria\u00e7\u00e3o das leis que celebram o Dia Nacional da Ci\u00eancia (Lei n\u00ba 10.221, de 18 de abril de 2001) e o Dia Nacional do Pesquisador (Lei n\u00ba 11.807, de 13 de novembro de 2008) s\u00e3o homenagens \u00e0 data em que a SBPC foi fundada, 8 de julho de 1948, em S\u00e3o Paulo.<\/p>\n<p>Al\u00e9m do painel, a SBPC concentrar\u00e1 os eventos relacionados \u00e0s celebra\u00e7\u00f5es realizados pelas Secretarias Regionais da entidade, por Sociedades Cient\u00edficas afiliadas, universidades e demais institui\u00e7\u00f5es e organiza\u00e7\u00f5es numa p\u00e1gina no site da entidade.\u00a0<a href=\"http:\/\/portal.sbpcnet.org.br\/dia-nacional-ciencia\/\" target=\"_blank\" rel=\"noopener\"><span style=\"color: #800000;\">Veja aqui toda a programa\u00e7\u00e3o<\/span><\/a>.<\/p>\n<p><strong>Servi\u00e7o<\/strong><\/p>\n<p><strong>Painel:<\/strong>\u00a0\u201cCi\u00eancia para todos: impactos das diferentes ci\u00eancias para o nosso pa\u00eds\u201d<\/p>\n<p><strong>Data:<\/strong>\u00a008\/07\/2022<\/p>\n<p><strong>Hor\u00e1rio:<\/strong>\u00a010h<\/p>\n<p><strong>Local:<\/strong>\u00a0<span style=\"color: #800000;\"><a style=\"color: #800000;\" href=\"https:\/\/www.youtube.com\/user\/canalsbpc\" target=\"_blank\" rel=\"noopener\">Canal da SBPC no YouTube<\/a><\/span><\/p>\n<p><span style=\"color: #800000;\"><a style=\"color: #800000;\" href=\"http:\/\/www.jornaldaciencia.org.br\/\"><em>Jornal da Ci\u00eancia<\/em><\/a><\/span><\/p>\n","protected":false},"excerpt":{"rendered":"O evento ser\u00e1 transmitido nesta sexta-feira, 8 de julho, \u00e0s 10h, pelo&hellip;\n","protected":false},"author":19,"featured_media":2778,"comment_status":"open","ping_status":"open","sticky":false,"template":"","format":"standard","meta":[],"categories":[1,2],"tags":[],"acf":[],"_links":{"self":[{"href":"https:\/\/revistacienciaecultura.org.br\/index.php?rest_route=\/wp\/v2\/posts\/2777"}],"collection":[{"href":"https:\/\/revistacienciaecultura.org.br\/index.php?rest_route=\/wp\/v2\/posts"}],"about":[{"href":"https:\/\/revistacienciaecultura.org.br\/index.php?rest_route=\/wp\/v2\/types\/post"}],"author":[{"embeddable":true,"href":"https:\/\/revistacienciaecultura.org.br\/index.php?rest_route=\/wp\/v2\/users\/19"}],"replies":[{"embeddable":true,"href":"https:\/\/revistacienciaecultura.org.br\/index.php?rest_route=%2Fwp%2Fv2%2Fcomments&post=2777"}],"version-history":[{"count":1,"href":"https:\/\/revistacienciaecultura.org.br\/index.php?rest_route=\/wp\/v2\/posts\/2777\/revisions"}],"predecessor-version":[{"id":2779,"href":"https:\/\/revistacienciaecultura.org.br\/index.php?rest_route=\/wp\/v2\/posts\/2777\/revisions\/2779"}],"wp:featuredmedia":[{"embeddable":true,"href":"https:\/\/revistacienciaecultura.org.br\/index.php?rest_route=\/wp\/v2\/media\/2778"}],"wp:attachment":[{"href":"https:\/\/revistacienciaecultura.org.br\/index.php?rest_route=%2Fwp%2Fv2%2Fmedia&parent=2777"}],"wp:term":[{"taxonomy":"category","embeddable":true,"href":"https:\/\/revistacienciaecultura.org.br\/index.php?rest_route=%2Fwp%2Fv2%2Fcategories&post=2777"},{"taxonomy":"post_tag","embeddable":true,"href":"https:\/\/revistacienciaecultura.org.br\/index.php?rest_route=%2Fwp%2Fv2%2Ftags&post=2777"}],"curies":[{"name":"wp","href":"https:\/\/api.w.org\/{rel}","templated":true}]}}