{"id":2780,"date":"2022-07-07T10:55:50","date_gmt":"2022-07-07T10:55:50","guid":{"rendered":"https:\/\/revistacienciaecultura.org.br\/?p=2780"},"modified":"2022-07-07T10:55:50","modified_gmt":"2022-07-07T10:55:50","slug":"entidades-cientificas-e-academicas-celebram-dia-nacional-da-ciencia-nesta-sexta-feira","status":"publish","type":"post","link":"https:\/\/revistacienciaecultura.org.br\/?p=2780","title":{"rendered":"Entidades cient\u00edficas e acad\u00eamicas celebram Dia Nacional da Ci\u00eancia nesta sexta-feira"},"content":{"rendered":"<h4 id=\"serao-mais-de-10-atividades-virtuais-ao-longo-do-dia-e-uma-marcha-pela-ciencia-na-avenida-paulista-em-sao-paulo-confira-a-programacao-e-participe\"><span style=\"color: #808080;\">Ser\u00e3o mais de 10 atividades virtuais ao longo do dia e uma Marcha pela Ci\u00eancia na Avenida Paulista, em S\u00e3o Paulo. Confira a programa\u00e7\u00e3o e participe<\/span><\/h4>\n<p>Cerca de 11 entidades cient\u00edficas e acad\u00eamicas realizam nesta sexta-feira (08)\u00a0 atividades para celebrar o Dia Nacional da Ci\u00eancia. Este ano o tema ser\u00e1 \u2018Ci\u00eancia para Todos\u2019, com o foco em enfatizar o quanto a ci\u00eancia est\u00e1 diretamente relacionada ao desenvolvimento econ\u00f4mico e social de um pa\u00eds.<\/p>\n<p>O dia come\u00e7ar\u00e1, \u00e0s 9h com o debate\u00a0<strong>\u201cQual a import\u00e2ncia das Ci\u00eancias da Comunica\u00e7\u00e3o no e para o cotidiano das pessoas?\u201d<\/strong>, promovida pela Federa\u00e7\u00e3o Brasileira de Associa\u00e7\u00f5es Cient\u00edficas e Acad\u00e9micas de Comunica\u00e7\u00e3o (Socicom).\u00a0 O evento contar\u00e1 com a participa\u00e7\u00e3o de Juremir Machado da Silva, professor titular da Pontif\u00edcia Universidade Cat\u00f3lica do Rio Grande do Sul (PUCRS), Ana Regina R\u00eago, da Universidade Federal do Piau\u00ed (UFPI), Edson Dal Monte, da Universidade Federal da Bahia (UFBA), e Giovandro Ferreira, da Intercom. O debate ser\u00e1 transmitido pelo canal\u00a0<span style=\"color: #800000;\"><a style=\"color: #800000;\" href=\"https:\/\/www.youtube.com\/c\/Abralin\" target=\"_blank\" rel=\"noopener\">da Abralin no YouTube<\/a><\/span>.<\/p>\n<p>Em seguida, \u00e0s 10h, a\u00a0<strong>Sociedade Brasileira para o Progresso da Ci\u00eancia (SBPC) realiza a\u00a0mesa-redonda online<\/strong>\u00a0<strong>\u201cCi\u00eancia para todos: impactos das diferentes ci\u00eancias para o nosso pa\u00eds\u201d<\/strong>. Coordenado pelo presidente da SBPC, o evento contar\u00e1 com a participa\u00e7\u00e3o de Antonio Jos\u00e9 Roque da Silva, professor titular da Universidade de S\u00e3o Paulo (USP) e diretor geral do Centro Nacional de Pesquisa em Energia e Materiais (CNPEM), Josefa Salete Barbosa Cavalcanti, professora titular do Departamento de Sociologia do Centro de Filosofia e Ci\u00eancias e dos Programas de P\u00f3s-Gradua\u00e7\u00e3o em Sociologia e em Antropologia da Universidade Federal de Pernambuco (UFPE), Santuza Maria Ribeiro Teixeira, professora titular do Departamento de Bioqu\u00edmica e Imunologia da Universidade Federal de Minas Gerais (UFMG), e Segen Farid Estefen, professor titular de Estruturas Oce\u00e2nicas e Engenharia Submarina do Instituto Alberto Luiz Coimbra de P\u00f3s-Gradua\u00e7\u00e3o e Pesquisa de Engenharia, da Universidade Federal do Rio de Janeiro (Coppe\/UFRJ). \u00a0O evento ser\u00e1 transmitido pelo\u00a0<a href=\"https:\/\/www.youtube.com\/user\/canalsbpc\" target=\"_blank\" rel=\"noopener\"><span style=\"color: #800000;\">canal da SBPC no YouTube<\/span><\/a>.<\/p>\n<p>\u00c0s 13h vai ser promovida uma aula p\u00fablica com o tema\u00a0<strong>\u201cCi\u00eancia para Todos: N\u00c3O aos cortes! FNDCT e ICMS ficam!\u201d<\/strong>, promovida pelas Secretarias Regionais da SBPC em SP, Academia de Ci\u00eancias do Estado de S\u00e3o Paulo (Aciesp), Associa\u00e7\u00e3o dos Pesquisadores Cient\u00edficos do Estado de S\u00e3o Paulo (APqC), Associa\u00e7\u00e3o Nacional dos P\u00f3s-Graduandos (ANPG), Cientistas Engajados, EngD, Sou_Ci\u00eancia, Uni\u00e3o Municipal dos Estudantes Secundaristas (UMES) e Via Saber. O evento contar\u00e1 com a participa\u00e7\u00e3o de Renato Janine Ribeiro, presidente da SBPC, e Soraya Smaili, coordenadora geral do SOU_Ci\u00eancia.<\/p>\n<p>Em seguida, \u00e0s 16h horas, ser\u00e1 organizada uma<strong>\u00a0Marcha Pela Ci\u00eancia, na Avenida Paulista, partindo do Masp.<\/strong><\/p>\n<p>O dia ser\u00e1 finalizado \u00e0s 16h30 com o painel\u00a0<strong>\u201cMateriais para um mundo mais sustent\u00e1vel\u201d<\/strong>\u00a0promovido pela Sociedade Brasileira de Pesquisa em Materiais (SBPMat). Moderado pelas professoras M\u00f4nica Alonso Cotta, da Universidade Estadual de Campinas (Unicamp), e I\u00eada Maria Garcia dos Santos, da Universidade Federal da Para\u00edba (UFPB), o evento contar\u00e1 com a participa\u00e7\u00e3o de Cau\u00ea Ribeiro de Oliveira, pesquisador da Empresa Brasileira de Pesquisa Agropecu\u00e1ria (Embrapa), Hidembergue Ordozgoith da Frota, da Universidade Federal do Amazonas (Ufam),e Simoni Margareti Plentz Meneghetti, professora associada da Universidade Federal de Alagoas (Ufal).<\/p>\n<p>A\u00a0<a href=\"http:\/\/portal.sbpcnet.org.br\/dia-nacional-ciencia\/\" target=\"_blank\" rel=\"noopener\"><span style=\"color: #800000;\">programa\u00e7\u00e3o completa est\u00e1 disponibilizada no site da SBPC<\/span><\/a>\u00a0e ser\u00e1 divulgada ao longo do dia nas redes sociais da entidade (@SBPCnet). Confira e fa\u00e7a parte desta mobiliza\u00e7\u00e3o!<\/p>\n<p><strong>Confira a programa\u00e7\u00e3o:<\/strong><\/p>\n<p>9h \u2013 \u201c<strong>Qual a import\u00e2ncia das Ci\u00eancias da Comunica\u00e7\u00e3o no e para o cotidiano das pessoas?<\/strong>\u201d (Socicom). Participantes: Juremir Machado da Silva (PUC-RS), Ana Regina R\u00eago (UFPI), Edson Dal Monte (UFBA) e Giovandro Ferreira (Intercom).\u00a0<a href=\"https:\/\/www.youtube.com\/c\/Abralin\" target=\"_blank\" rel=\"noopener\"><span style=\"color: #800000;\">Assista aqui<\/span><\/a>.<\/p>\n<p><strong>10h \u2013 Mesa-redonda central\u00a0\u201cCi\u00eancia para todos: impactos das diferentes ci\u00eancias para o nosso pa\u00eds\u201d. Coordena\u00e7\u00e3o:\u00a0<\/strong>Renato Janine Ribeiro\u00a0(SBPC)<strong>. Participantes:\u00a0<\/strong>Antonio Jos\u00e9 Roque da Silva (CNPEM), Josefa Salete Barbosa Cavalcanti (UFPE), Santuza Maria Ribeiro Teixeira (UFMG), e Segen Farid Estefen (Coppe\/UFRJ)<strong>. <\/strong><span style=\"color: #800000;\"><a style=\"color: #800000;\" href=\"https:\/\/www.youtube.com\/canalsbpc\" target=\"_blank\" rel=\"noopener\">Assista aqui<\/a><\/span><\/p>\n<p>13h \u2013\u00a0<strong>\u201cCi\u00eancia para Todos: N\u00c3O aos cortes! FNDCT e ICMS ficam!\u201d\u00a0<\/strong>(SBPC-SP, Aciesp, APQC, ANPG, Cientistas Engajados, EngD, Sou_Ci\u00eancia, UMES, Via Saber).<\/p>\n<p>14h \u2013 Mesa Virtual \u201c<strong>Ci\u00eancia: como torn\u00e1-la mais acess\u00edvel a todos!<\/strong>\u201d (SBPC-GO).\u00a0<strong>Abertura<\/strong>: Ros\u00e1lia Jesu\u00edno (SBPC-GO);\u00a0<strong>Media\u00e7\u00e3o<\/strong>: Gustavo Rodrigues Pedrino (UFG).\u00a0\u00a0<strong>Debatedores<\/strong>: Jos\u00e9 Alexandre Felizola Diniz Filho (UFG), Rog\u00e9rio Pereira Bastos (UFG) e Diego Basile Colugnati (UFG).<span style=\"color: #800000;\">\u00a0<a style=\"color: #800000;\" href=\"https:\/\/www.youtube.com\/channel\/UCDnxh1_fEAwsNe1B56or4eA\" target=\"_blank\" rel=\"noopener\">Assista aqui<\/a>.<\/span><\/p>\n<p>14h \u2013 \u201c<strong>Ci\u00eancia para Todos<\/strong>\u201d (SBPC-SC).\u00a0<strong>Coordena\u00e7\u00e3o<\/strong>: Luiz Claudio Miletti (SBPC-SC).\u00a0<strong>Participantes<\/strong>: Daniele Nicolodelli (UFFS), Tha\u00eds de Souza Lapa (UFSC) e Paulo C\u00e9sar de Azevedo Sim\u00f5es Lopes (UFSC). <span style=\"color: #800000;\">\u00a0<a style=\"color: #800000;\" href=\"https:\/\/www.youtube.com\/channel\/UCLKE2BHfHGNqFHOh5XAZIEw\" target=\"_blank\" rel=\"noopener\">Assista aqui<\/a>.<\/span><\/p>\n<p>14h \u2013 \u201c<strong>Mulheres nas Ci\u00eancias<\/strong>\u201d (SBFgnosia).\u00a0<strong>Participantes<\/strong>:\u00a0Denise Brentan (UFMS), Denise Endringer (UVV) e Kariane Mendes Nunes (UFOPA).<span style=\"color: #800000;\">\u00a0<a style=\"color: #800000;\" href=\"https:\/\/www.youtube.com\/channel\/UCk8e0JsmbCgLMllM1_yK-Ug\" target=\"_blank\" rel=\"noopener\">Assista aqui<\/a>.<\/span><\/p>\n<p>16h \u2013 Manifesta\u00e7\u00e3o presencial SP \u201c<strong>Ci\u00eancia para Todos: N\u00c3O aos cortes! FNDCT e ICMS ficam!\u201d\u00a0<\/strong>(SBPC-SP, Aciesp, APQC, ANPG, Cientistas Engajados, EngD, Sou_Ci\u00eancia, UMES, Via Saber).\u00a0<strong>Local<\/strong>: MASP (Av. Paulista, 1578 \u2013 Bela Vista, S\u00e3o Paulo \u2013 SP).<\/p>\n<p>16h \u2013 \u201c<strong>Impacto dos cortes or\u00e7ament\u00e1rios para a Ci\u00eancia e a Educa\u00e7\u00e3o em Minas Gerais<\/strong>\u201d (SBPC-MG).\u00a0<strong>Modera\u00e7\u00e3o<\/strong>: Andrea Mara Macedo (SBPC). Participantes: Sandra Goulart (UFMG), Marcelo Andrade (UFSJ\/Foripes) e Aur\u00e9lio Ferreira (IFMG\/Intelig\u00eancia Coletiva).\u00a0<span style=\"color: #800000;\"><a style=\"color: #800000;\" href=\"https:\/\/youtu.be\/hoHdwBGabEM\" target=\"_blank\" rel=\"noopener\">Assista aqui<\/a>.<\/span><\/p>\n<p>16h \u2013 \u201c<strong>Divulga\u00e7\u00e3o Cient\u00edfica em Lingu\u00edstica<\/strong>\u201d (Abralin).\u00a0<strong>Participantes<\/strong>: Vitor Hochsprung (Doutorando-UFSC) e Lou-Ann Kleppa (UNIR).\u00a0<span style=\"color: #800000;\"><a style=\"color: #800000;\" href=\"https:\/\/www.youtube.com\/c\/Abralin\">Assista aqui<\/a>.<\/span><\/p>\n<p>16h \u2013 Painel \u201c<strong>Interseccionalidade e defici\u00eancia<\/strong>\u201d (ABPEE).\u00a0<strong>Participantes<\/strong>: Geiza Let\u00edcia Kempfer B\u00f6ck (UDESC) e M\u00e1rcia Morais (UFF).\u00a0<strong><a href=\"https:\/\/www.youtube.com\/c\/AbpeeBrasil\" target=\"_blank\" rel=\"noopener\">Assista aqui<\/a>.<\/strong><\/p>\n<p>16h30 \u2013 Painel \u201c<strong>Materiais para um mundo mais sustent\u00e1vel<\/strong>\u201d (SBPMat).\u00a0<strong>Moderadoras<\/strong>: M\u00f4nica Alonso Cotta (UNICAMP) e I\u00eada Maria Garcia dos Santos (UFPB). Participantes: Cau\u00ea Ribeiro de Oliveira (EMBRAPA), Hidembergue Ordozgoith da Frota (UFAM) e Simoni Margareti Plentz Meneghetti (Ufal).\u00a0<span style=\"color: #800000;\"><a style=\"color: #800000;\" href=\"https:\/\/www.youtube.com\/watch?v=Kndnfxk79ZA\" target=\"_blank\" rel=\"noopener\">Assista aqui<\/a>.<\/span><\/p>\n<p><span style=\"color: #800000;\"><a style=\"color: #800000;\" href=\"http:\/\/www.jornaldaciencia.org.br\/\"><em>Jornal da Ci\u00eancia<\/em><\/a><\/span><\/p>\n","protected":false},"excerpt":{"rendered":"Ser\u00e3o mais de 10 atividades virtuais ao longo do dia e uma&hellip;\n","protected":false},"author":19,"featured_media":2781,"comment_status":"open","ping_status":"open","sticky":false,"template":"","format":"standard","meta":[],"categories":[1,2],"tags":[],"acf":[],"_links":{"self":[{"href":"https:\/\/revistacienciaecultura.org.br\/index.php?rest_route=\/wp\/v2\/posts\/2780"}],"collection":[{"href":"https:\/\/revistacienciaecultura.org.br\/index.php?rest_route=\/wp\/v2\/posts"}],"about":[{"href":"https:\/\/revistacienciaecultura.org.br\/index.php?rest_route=\/wp\/v2\/types\/post"}],"author":[{"embeddable":true,"href":"https:\/\/revistacienciaecultura.org.br\/index.php?rest_route=\/wp\/v2\/users\/19"}],"replies":[{"embeddable":true,"href":"https:\/\/revistacienciaecultura.org.br\/index.php?rest_route=%2Fwp%2Fv2%2Fcomments&post=2780"}],"version-history":[{"count":1,"href":"https:\/\/revistacienciaecultura.org.br\/index.php?rest_route=\/wp\/v2\/posts\/2780\/revisions"}],"predecessor-version":[{"id":2782,"href":"https:\/\/revistacienciaecultura.org.br\/index.php?rest_route=\/wp\/v2\/posts\/2780\/revisions\/2782"}],"wp:featuredmedia":[{"embeddable":true,"href":"https:\/\/revistacienciaecultura.org.br\/index.php?rest_route=\/wp\/v2\/media\/2781"}],"wp:attachment":[{"href":"https:\/\/revistacienciaecultura.org.br\/index.php?rest_route=%2Fwp%2Fv2%2Fmedia&parent=2780"}],"wp:term":[{"taxonomy":"category","embeddable":true,"href":"https:\/\/revistacienciaecultura.org.br\/index.php?rest_route=%2Fwp%2Fv2%2Fcategories&post=2780"},{"taxonomy":"post_tag","embeddable":true,"href":"https:\/\/revistacienciaecultura.org.br\/index.php?rest_route=%2Fwp%2Fv2%2Ftags&post=2780"}],"curies":[{"name":"wp","href":"https:\/\/api.w.org\/{rel}","templated":true}]}}