{"id":2806,"date":"2022-07-12T11:33:24","date_gmt":"2022-07-12T11:33:24","guid":{"rendered":"https:\/\/revistacienciaecultura.org.br\/?p=2806"},"modified":"2022-07-12T11:34:38","modified_gmt":"2022-07-12T11:34:38","slug":"reuniao-anual-da-sbpc-oferece-14-webminicursos-com-direito-a-certificado-de-frequencia","status":"publish","type":"post","link":"https:\/\/revistacienciaecultura.org.br\/?p=2806","title":{"rendered":"Reuni\u00e3o Anual da SBPC oferece 14 webminicursos com direito a certificado de frequ\u00eancia"},"content":{"rendered":"<h4 id=\"matriculas-vao-ate-o-dia-21-de-julho\"><span style=\"color: #808080;\">Matr\u00edculas v\u00e3o at\u00e9 o dia 21 de julho<\/span><\/h4>\n<p>&nbsp;<\/p>\n<p>Est\u00e3o abertas at\u00e9 21 de julho as matr\u00edculas para os 14 webminicursos da 74\u00aa Reuni\u00e3o Anual da Sociedade Brasileira para o Progresso da Ci\u00eancia (SBPC). Com o tema \u201cCi\u00eancia, independ\u00eancia e soberania nacional\u201d, em alus\u00e3o ao ano que marca o bicenten\u00e1rio da Independ\u00eancia do Brasil, o evento acontecer\u00e1 de forma h\u00edbrida, com atividades virtuais e presenciais, nos quatro campi da Universidade de Bras\u00edlia (UnB): Darcy Ribeiro, Ceil\u00e2ndia, Gama e Planaltina.<\/p>\n<p>Os webminicursos abrangem v\u00e1rias \u00e1reas do conhecimento e s\u00e3o realizados inteiramente online, com 4 ou 6 horas de aulas gravadas e uma aula que ser\u00e1 ao vivo com videoaula, totalizando entre seis e oito horas de carga hor\u00e1ria, com direito a certificado de frequ\u00eancia para quem assistir a todas as aulas.<\/p>\n<p>A taxa de matr\u00edcula em cada webminicurso \u00e9 de R$ 30 para S\u00f3cios da SBPC e R$ 50 para N\u00e3o S\u00f3cios, com desconto quando houver matr\u00edculas em mais de um webminicurso. Os interessados poder\u00e3o se inscrever em at\u00e9 cinco minicursos. <span style=\"color: #800000;\">\u00a0<a style=\"color: #800000;\" href=\"https:\/\/reunioes.sbpcnet.org.br\/74RA\/lista_mc.php\" target=\"_blank\" rel=\"noopener\">Veja aqui a lista completa dos WEBMinicursos.<\/a><\/span><\/p>\n<p>Os webminicursos foram propostos pela SBPC, UnB e por v\u00e1rias Sociedades Cient\u00edficas afiliadas \u00e0 SBPC, entre elas: Associa\u00e7\u00e3o Brasileira de Antropologia (ABA), Associa\u00e7\u00e3o Brasileira de Estudos Populacionais (ABEP), Associa\u00e7\u00e3o Brasileira de Sa\u00fade Coletiva (Abrasco), Sociedade Brasileira de Economia Ecol\u00f3gica (ECOECO), Sociedade Brasileira de Estudos Interdisciplinares da Comunica\u00e7\u00e3o (Intercom), Sociedade Brasileira de F\u00edsica (SBF), Sociedade Brasileira de Microeletr\u00f4nica (SBMicro), Federa\u00e7\u00e3o Brasileira das Associa\u00e7\u00f5es Cient\u00edficas e Acad\u00eamicas de Comunica\u00e7\u00e3o.<\/p>\n<p><strong>Veja a rela\u00e7\u00e3o dos webminicursos oferecidos:\u00a0<\/strong><\/p>\n<p><strong>WMC-01:\u00a0PRINC\u00cdPIOS B\u00c1SICOS DA LINGUAGEM DE PROGRAMA\u00c7\u00c3O R E SEU USO NA \u00c1REA DE SA\u00daDE<\/strong><b><br \/>\n<strong>Proponente:<\/strong><\/b>\u00a0UnB<br \/>\n<strong>Ministrantes:<\/strong>\u00a0Calliandra Maria de Souza Silva (UnB) e\u00a0Izabel Cristina Rodrigues da Silva (UnB)<\/p>\n<p><strong>WMC-02: F\u00cdSICA PARA POETAS \u2013 UMA MANEIRA DIFERENTE DE CONHECERMOS A F\u00cdSICA<\/strong><b><br \/>\n<strong>Proponente:\u00a0<\/strong><\/b>SBF<br \/>\n<strong>Ministrante:<\/strong>\u00a0Adilson Jesus Aparecido de Oliveira (UFSCar)<\/p>\n<p><strong>WMC-03: AN\u00c1LISE DE VARIANTES GEN\u00c9TICAS E T\u00c9CNICAS EM PATOLOGIA MOLECULAR<\/strong><b><br \/>\n<strong>Proponente:<\/strong><\/b>\u00a0UnB<br \/>\n<strong>Ministrantes:<\/strong>\u00a0Caroline Ferreira Fratelli (UnB), Ligia Canongia de Abreu Cardoso Duarte (UnB) e Izabel Cristina Rodrigues da Silva (UnB)<\/p>\n<p><strong>WMC-04: SEMICONDUTORES E APLICA\u00c7\u00d5ES<\/strong><b><br \/>\n<strong>Proponente:\u00a0<\/strong><\/b>SBMicro<br \/>\n<strong>Ministrantes:<\/strong>\u00a0Jacobus Willibrordus Swart (UNICAMP), Roberto Ricardo Panepucci (MCTI) e Sergio Bampi (UFRGS)<\/p>\n<p><strong>WMC-05: ENFRENTAMENTO DAS DESIGUALDADES E INTERSECCIONALIDADES: CONTRIBUI\u00c7\u00d5ES DA SA\u00daDE COLETIVA PARA REPENSAR O BRASIL<\/strong><b><br \/>\n<strong>Proponente:\u00a0<\/strong><\/b>Abrasco<br \/>\n<strong>Ministrantes:\u00a0<\/strong>Rosana Onocko-Campos (UNICAMP), Tatiana Engel Gerhardt (UFRGS) e Diana Anuncia\u00e7\u00e3o Santos (UFRB)<\/p>\n<p><strong>WMC-06: VIGIL\u00c2NCIA SANIT\u00c1RIA EM TEMPOS DE PANDEMIA<\/strong><b><br \/>\n<strong>Proponente:<\/strong><\/b>\u00a0UnB<br \/>\n<strong>Ministrantes:<\/strong>\u00a0Izabel Cristina Rodrigues da Silva (UnB) e Ruth da Concei\u00e7\u00e3o Costa e Silva Sacco (FIOCRUZ)<\/p>\n<p><strong>WMC-07: LIMITES BIOF\u00cdSICOS AO CRESCIMENTO ECON\u00d4MICO: A VIS\u00c3O DA ECONOMIA ECOL\u00d3GICA<\/strong><b><br \/>\n<strong>Proponente:\u00a0<\/strong><\/b>ECOECO<br \/>\n<strong>Ministrantes:<\/strong>\u00a0Andrei Domingues Cechin (UnB), Lucas Ferreira Lima (UNICAMP) e Beatriz Macchione Saes (UNIFESP)<\/p>\n<p><strong>WMC-08: GEOTECNOLOGIAS APLICADAS AOS ESTUDOS DEMOGR\u00c1FICOS<\/strong><b><br \/>\n<strong>Proponente:<\/strong><\/b>\u00a0ABEP<br \/>\n<strong>Ministrantes:<\/strong>\u00a0Jarvis Campos (UFRN), Tathiane Mayumi Anazawa (INPE) e Ana Paula Dal\u2019Asta (INPE)<\/p>\n<p><strong>WMC-09: COMUNICA\u00c7\u00c3O, ANTIRRACISMO E PENSAMENTO AFRODIASP\u00d3RICO<\/strong><b><br \/>\n<strong>Proponente:\u00a0<\/strong><\/b>INTERCOM<br \/>\n<strong>Ministrantes:<\/strong>\u00a0T\u00e2mara Caroline Almeida Terso (UFBA), Tarc\u00edzio Roberto da Silva (UFABC) e M\u00e1rcia Guena dos Santos (UNEB)<\/p>\n<p><strong>WMC-10: EDUCOMUNICA\u00c7\u00c3O E COMUNICA\u00c7\u00c3O P\u00daBLICA DA CI\u00caNCIA<\/strong><b><br \/>\n<strong>Proponente:\u00a0<\/strong><\/b>SOCICOM<br \/>\n<strong>Ministrantes:<\/strong>\u00a0Diogo Lopes de Oliveira (UFCG), Graciele Almeida de Oliveira (FCC) e Rafael Gu\u00e9 Martini (UDESC)<\/p>\n<p><strong>WMC-11: DIVULGA\u00c7\u00c3O CIENT\u00cdFICA, HUMANIDADES E TECNOLOGIAS: POSSIBILIDADES E DESAFIOS DO USO DOS PODCASTS<\/strong><b><br \/>\n<strong>Proponente:\u00a0<\/strong><\/b>ABA<br \/>\n<strong>Ministrantes:<\/strong>\u00a0Carolina Parreiras Silva (UNICAMP), Soraya Fleischer (UnB) e Patr\u00edcia Pinheiro (UFPB)<\/p>\n<p><strong>WMC-12: INTERA\u00c7\u00c3O E DI\u00c1LOGO COM O PROFESSOR CONTADOR DE HIST\u00d3RIAS<\/strong><b><br \/>\n<strong>Proponente:\u00a0<\/strong><\/b>UnB<br \/>\n<strong>Ministrante:<\/strong>\u00a0\u00c2ngela Barcellos Caf\u00e9 (UnB)<\/p>\n<p><strong>WMC-13: CLUBES DE CI\u00caNCIAS NAS ESCOLAS: FORMATOS, METODOLOGIAS, PROJETOS E PR\u00c1TICAS<\/strong><b><br \/>\n<strong>Proponente: SBPC<\/strong><br \/>\n<strong>Ministrantes:<\/strong><\/b>\u00a0Daniela Tomio (FURB), Luciene Santana Ferreira (COC Imperatriz) e Patrick de Oliveira (SEEDUC\/RJ)<\/p>\n<p><strong>WMC-14: ARTE E EDUCA\u00c7\u00c3O EST\u00c9TICA NA FORMA\u00c7\u00c3O DE PROFESSORES<\/strong><b><br \/>\n<strong>Proponente:<\/strong><\/b>\u00a0UnB<br \/>\n<strong>Ministrantes:<\/strong>\u00a0Rosana de Castro (UnB), Ana Paula Aparecida Caixeta (UnB) e L\u00edgia Lib\u00e2neo (UNIALFA)<\/p>\n<p>Todas as informa\u00e7\u00f5es sobre as inscri\u00e7\u00f5es est\u00e3o dispon\u00edveis no site da Reuni\u00e3o Anual:\u00a0<span style=\"color: #800000;\">\u00a0<a style=\"color: #800000;\" href=\"https:\/\/ra.sbpcnet.org.br\/74RA\/\" target=\"_blank\" rel=\"noopener\">https:\/\/ra.sbpcnet.org.br\/74RA\/<\/a>.<em>\u00a0<\/em><\/span><\/p>\n<p><span style=\"color: #800000;\"><a style=\"color: #800000;\" href=\"http:\/\/www.jornaldaciencia.org.br\/\"><em>Jornal da Ci\u00eancia<\/em><\/a><\/span><\/p>\n<p>&nbsp;<\/p>\n<h6 id=\"imagem-de-capa-the-climate-reality-project-unaplash-com\">Imagem de capa: <a class=\"N2odk RZQOk Vk1a0 AsGGe pgmwB KHq0c\" href=\"https:\/\/unsplash.com\/@climatereality\">The Climate Reality Project<\/a>\/ <a href=\"https:\/\/unsplash.com\/\">Unaplash.com<\/a><\/h6>\n","protected":false},"excerpt":{"rendered":"Matr\u00edculas v\u00e3o at\u00e9 o dia 21 de julho &nbsp; Est\u00e3o abertas at\u00e9&hellip;\n","protected":false},"author":19,"featured_media":2807,"comment_status":"open","ping_status":"open","sticky":false,"template":"","format":"standard","meta":[],"categories":[1,2],"tags":[],"acf":[],"_links":{"self":[{"href":"https:\/\/revistacienciaecultura.org.br\/index.php?rest_route=\/wp\/v2\/posts\/2806"}],"collection":[{"href":"https:\/\/revistacienciaecultura.org.br\/index.php?rest_route=\/wp\/v2\/posts"}],"about":[{"href":"https:\/\/revistacienciaecultura.org.br\/index.php?rest_route=\/wp\/v2\/types\/post"}],"author":[{"embeddable":true,"href":"https:\/\/revistacienciaecultura.org.br\/index.php?rest_route=\/wp\/v2\/users\/19"}],"replies":[{"embeddable":true,"href":"https:\/\/revistacienciaecultura.org.br\/index.php?rest_route=%2Fwp%2Fv2%2Fcomments&post=2806"}],"version-history":[{"count":3,"href":"https:\/\/revistacienciaecultura.org.br\/index.php?rest_route=\/wp\/v2\/posts\/2806\/revisions"}],"predecessor-version":[{"id":2810,"href":"https:\/\/revistacienciaecultura.org.br\/index.php?rest_route=\/wp\/v2\/posts\/2806\/revisions\/2810"}],"wp:featuredmedia":[{"embeddable":true,"href":"https:\/\/revistacienciaecultura.org.br\/index.php?rest_route=\/wp\/v2\/media\/2807"}],"wp:attachment":[{"href":"https:\/\/revistacienciaecultura.org.br\/index.php?rest_route=%2Fwp%2Fv2%2Fmedia&parent=2806"}],"wp:term":[{"taxonomy":"category","embeddable":true,"href":"https:\/\/revistacienciaecultura.org.br\/index.php?rest_route=%2Fwp%2Fv2%2Fcategories&post=2806"},{"taxonomy":"post_tag","embeddable":true,"href":"https:\/\/revistacienciaecultura.org.br\/index.php?rest_route=%2Fwp%2Fv2%2Ftags&post=2806"}],"curies":[{"name":"wp","href":"https:\/\/api.w.org\/{rel}","templated":true}]}}