{"id":2811,"date":"2022-07-13T10:34:20","date_gmt":"2022-07-13T10:34:20","guid":{"rendered":"https:\/\/revistacienciaecultura.org.br\/?p=2811"},"modified":"2022-07-13T10:34:57","modified_gmt":"2022-07-13T10:34:57","slug":"sbpc-jovem-ciencia-mao-na-massa","status":"publish","type":"post","link":"https:\/\/revistacienciaecultura.org.br\/?p=2811","title":{"rendered":"SBPC Jovem: Ci\u00eancia m\u00e3o na massa"},"content":{"rendered":"<h4 id=\"sbpc-jovem-funcionara-de-25-a-30-de-julho-no-campus-darcy-ribeiro-da-unb-a-atividade-da-74a-reuniao-anual-e-aberta-para-todos-e-o-melhor-as-atracoes-sao-gratuitas\"><span style=\"color: #808080;\">SBPC Jovem funcionar\u00e1 de 25 a 30 de julho no campus Darcy Ribeiro da UnB. A atividade da 74\u00aa Reuni\u00e3o Anual \u00e9 aberta para todos \u2013 e o melhor: as atra\u00e7\u00f5es s\u00e3o gratuitas<\/span><\/h4>\n<p>Paralelamente \u00e0 programa\u00e7\u00e3o cient\u00edfica, a 74\u00aa Reuni\u00e3o Anual da SBPC, a Sociedade Brasileira para o Progresso da Ci\u00eancia e a Universidade de Bras\u00edlia (UnB) realizam a j\u00e1 tradicional SBPC Jovem. Com uma programa\u00e7\u00e3o voltada para estudantes do ensino b\u00e1sico e p\u00fablico em geral, a atividade contar\u00e1 com dezenas de atra\u00e7\u00f5es para os participantes da RA colocarem a m\u00e3o na massa e interagirem com experimentos cient\u00edficos e atra\u00e7\u00f5es cheias de tecnologias.<\/p>\n<p>A SBPC jovem funcionar\u00e1 de 25 a 30 de julho, no campus Darcy Ribeiro da UnB, em Bras\u00edlia, e ser\u00e1 aberta para todos. E o melhor: as atra\u00e7\u00f5es s\u00e3o todas gratuitas!<\/p>\n<p>Com o objetivo de promover o contato de crian\u00e7as e jovens com o conhecimento cient\u00edfico e com pesquisadores, institui\u00e7\u00f5es e laborat\u00f3rios de todo o Pa\u00eds preparam atra\u00e7\u00f5es interativas para despertar o interesse desse p\u00fablico pela ci\u00eancia, tecnologia e inova\u00e7\u00e3o.<\/p>\n<p>Entre as atividades, a\u00a0<strong>Ag\u00eancia Espacial Brasileira<\/strong>, por meio do Programa AEB Escola realizar\u00e1 um \u201cQuiz Espacial\u201d, proje\u00e7\u00f5es de v\u00eddeos astron\u00f4micos, em um planet\u00e1rio infl\u00e1vel, oficinas de carrinho foguete, de foguete de garrafa pet e de montagem de dobraduras, e muito mais.<\/p>\n<p>O\u00a0<strong>CED Stella dos Cherubins<\/strong>\u00a0apresentar\u00e1 o projeto de gamifica\u00e7\u00e3o do ensino via RPG, que est\u00e1 em curso na escola. Neste projeto, os participantes constroem suas personagens, definindo atributos que demarcam as caracter\u00edsticas de cada um.<\/p>\n<p>O\u00a0<strong>PETi-Biotecnologia<\/strong>\u00a0realizar\u00e1 a exposi\u00e7\u00e3o \u201cCotidiano cientista\u201d, com\u00a0 experimentos pr\u00e1ticos em conceitos b\u00e1sicos em ci\u00eancia, de forma l\u00fadica, criativa e interativa.<\/p>\n<p>O\u00a0<strong>Instituto de F\u00edsica da UnB<\/strong>\u00a0far\u00e1 uma exposi\u00e7\u00e3o remota da rede mundial de p\u00eandulos. Al\u00e9m do acesso \u00e0 rede remota de p\u00eandulos, ser\u00e3o realizados experimentos interativos para demonstrar a f\u00edsica em a\u00e7\u00e3o.<\/p>\n<p>A\u00a0<strong>Fiocruz\u00a0<\/strong>estar\u00e1 entre os expositores da SBPC Jovem, ocupando um espa\u00e7o de quase 100 metros quadrados, onde os visitantes poder\u00e3o participar de diversas atividades interativas de divulga\u00e7\u00e3o cient\u00edfica e conhecer melhor as diferentes atividades da Funda\u00e7\u00e3o, como a produ\u00e7\u00e3o de vacinas e as cole\u00e7\u00f5es biol\u00f3gicas.<\/p>\n<p>O\u00a0<strong>Instituto Federal de Bras\u00edlia (IFB)<\/strong>\u00a0preparou 20 oficinas para a SBPC Jovem. As atra\u00e7\u00f5es incluir\u00e3o desde a produ\u00e7\u00e3o de \u00e1lcool em gel e l\u00edquido at\u00e9 o tingimento de tecidos com materiais do Cerrado. Tamb\u00e9m um pouco de gastronomia, moda e tecnologia, com receitas \u00e0 base de mandioca, desfiles de moda e oficina de mobili\u00e1rio que ensinar\u00e1 a aplicar resina ep\u00f3xi para fazer as pe\u00e7as ilustram um pouco dessa diversidade preparada para o p\u00fablico do evento.<\/p>\n<p>E tem muito mais.\u00a0<a href=\"https:\/\/ra.sbpcnet.org.br\/74RA\/atividades\/sbpc-jovem\/\" target=\"_blank\" rel=\"noopener\"><span style=\"color: #800000;\">Confira aqui a programa\u00e7\u00e3o completa<\/span><\/a>\u00a0e participe!<\/p>\n<p><a href=\"http:\/\/www.jornaldaciencia.org.br\/\"><em><span style=\"color: #800000;\">Jornal da Ci\u00eancia<\/span><\/em><\/a><\/p>\n<p>&nbsp;<\/p>\n<h6 id=\"imagem-de-capa-alexis-brown-unsplash-com\">Imagem de capa:\u00a0<a class=\"N2odk RZQOk Vk1a0 AsGGe pgmwB KHq0c\" href=\"https:\/\/unsplash.com\/@alexisrbrown\"><span style=\"color: #800000;\">Alexis Brown<\/span><\/a>| <span style=\"color: #800000;\"><a style=\"color: #800000;\" href=\"https:\/\/unsplash.com\/\">Unsplash.com<\/a><\/span><\/h6>\n","protected":false},"excerpt":{"rendered":"SBPC Jovem funcionar\u00e1 de 25 a 30 de julho no campus Darcy&hellip;\n","protected":false},"author":19,"featured_media":2812,"comment_status":"open","ping_status":"open","sticky":false,"template":"","format":"standard","meta":[],"categories":[1,2],"tags":[],"acf":[],"_links":{"self":[{"href":"https:\/\/revistacienciaecultura.org.br\/index.php?rest_route=\/wp\/v2\/posts\/2811"}],"collection":[{"href":"https:\/\/revistacienciaecultura.org.br\/index.php?rest_route=\/wp\/v2\/posts"}],"about":[{"href":"https:\/\/revistacienciaecultura.org.br\/index.php?rest_route=\/wp\/v2\/types\/post"}],"author":[{"embeddable":true,"href":"https:\/\/revistacienciaecultura.org.br\/index.php?rest_route=\/wp\/v2\/users\/19"}],"replies":[{"embeddable":true,"href":"https:\/\/revistacienciaecultura.org.br\/index.php?rest_route=%2Fwp%2Fv2%2Fcomments&post=2811"}],"version-history":[{"count":2,"href":"https:\/\/revistacienciaecultura.org.br\/index.php?rest_route=\/wp\/v2\/posts\/2811\/revisions"}],"predecessor-version":[{"id":2814,"href":"https:\/\/revistacienciaecultura.org.br\/index.php?rest_route=\/wp\/v2\/posts\/2811\/revisions\/2814"}],"wp:featuredmedia":[{"embeddable":true,"href":"https:\/\/revistacienciaecultura.org.br\/index.php?rest_route=\/wp\/v2\/media\/2812"}],"wp:attachment":[{"href":"https:\/\/revistacienciaecultura.org.br\/index.php?rest_route=%2Fwp%2Fv2%2Fmedia&parent=2811"}],"wp:term":[{"taxonomy":"category","embeddable":true,"href":"https:\/\/revistacienciaecultura.org.br\/index.php?rest_route=%2Fwp%2Fv2%2Fcategories&post=2811"},{"taxonomy":"post_tag","embeddable":true,"href":"https:\/\/revistacienciaecultura.org.br\/index.php?rest_route=%2Fwp%2Fv2%2Ftags&post=2811"}],"curies":[{"name":"wp","href":"https:\/\/api.w.org\/{rel}","templated":true}]}}