{"id":2825,"date":"2022-07-19T11:28:09","date_gmt":"2022-07-19T11:28:09","guid":{"rendered":"https:\/\/revistacienciaecultura.org.br\/?p=2825"},"modified":"2022-07-19T11:28:09","modified_gmt":"2022-07-19T11:28:09","slug":"com-inscricoes-gratuitas-74a-reuniao-anual-da-sbpc-comeca-no-domingo","status":"publish","type":"post","link":"https:\/\/revistacienciaecultura.org.br\/?p=2825","title":{"rendered":"Com inscri\u00e7\u00f5es gratuitas, 74\u00aa Reuni\u00e3o Anual da SBPC come\u00e7a no domingo"},"content":{"rendered":"<h4 id=\"com-uma-semana-cheia-atracoes-para-todos-os-interesses-e-idades-o-evento-sera-realizado-nos-quatro-campi-da-unb-e-tambem-online-entre-os-dias-24-e-30-de-julho-as-inscricoes-estao-abertas\"><span style=\"color: #808080;\">Com uma semana cheia atra\u00e7\u00f5es para todos os interesses e idades, o evento ser\u00e1 realizado nos quatro campi da UnB e tamb\u00e9m online, entre os dias 24 e 30 de julho. As inscri\u00e7\u00f5es est\u00e3o abertas!<\/span><\/h4>\n<p>Contagem regressiva! A 74\u00aa Reuni\u00e3o Anual da Sociedade Brasileira para o Progresso da Ci\u00eancia (SBPC) come\u00e7a neste domingo, 24 de julho e vai at\u00e9 o dia 30. O evento ser\u00e1 realizado em parceria com a Universidade de Bras\u00edlia (UnB) de forma h\u00edbrida, com atividades presenciais nos campi Darcy Ribeiro, Gama, Ceil\u00e2ndia e Planaltina, e online, com transmiss\u00f5es nos canais da UnB e da SBPC no YouTube. \u00a0Este ano, o evento ter\u00e1 como tema \u201cCi\u00eancia, independ\u00eancia e soberania nacional\u201d, em alus\u00e3o ao ano que marca o bicenten\u00e1rio da Independ\u00eancia do Brasil e o centen\u00e1rio da Semana de Arte Moderna. A cerim\u00f4nia de abertura ser\u00e1 transmitida a partir das 18h pelo canal da SBPC no YouTube.<\/p>\n<p>O evento ter\u00e1 uma programa\u00e7\u00e3o intensa, com pain\u00e9is, mesas redondas, confer\u00eancias, apresenta\u00e7\u00f5es culturais, premia\u00e7\u00f5es e muitas atividades cient\u00edficas interativas. As atividades ter\u00e3o entre os participantes pesquisadores renomados e gestores do sistema estadual e nacional de CT&amp;I.<\/p>\n<p>A programa\u00e7\u00e3o cient\u00edfica desta edi\u00e7\u00e3o foi elaborada com o objetivo de levar aos participantes um panorama amplo do que melhor se faz em ci\u00eancia no Brasil. Ao todo, s\u00e3o 117 atividades presenciais e 110 online. Durante a semana, est\u00e3o programadas 44 confer\u00eancias (27 presenciais), 80 mesas-redondas (50 presenciais), 54 pain\u00e9is (2 presenciais), 14 webminicursos, 10 sess\u00f5es especiais (presenciais), 1 encontro (presencial), 1 assembleia (presencial), lan\u00e7amento de 5 livros e 6 exposi\u00e7\u00f5es. De forma experimental, a SBPC tamb\u00e9m levar\u00e1 \u00e0 UnB 30 atividades presenciais do programa SBPC vai \u00e0 Escola, destinadas aos estudantes e professores da educa\u00e7\u00e3o b\u00e1sica.<\/p>\n<p>O evento contar\u00e1 tamb\u00e9m com atra\u00e7\u00f5es como a\u00a0<strong>SBPC Jovem<\/strong>\u00a0(exposi\u00e7\u00e3o voltada para estudantes do ensino b\u00e1sico e p\u00fablico em geral), a\u00a0<strong>ExpoT&amp;C<\/strong>\u00a0(mostra de ci\u00eancia e tecnologia), a\u00a0<strong>SBPC Cultural<\/strong>\u00a0(apresenta\u00e7\u00e3o de atividades art\u00edsticas regionais e discuss\u00f5es sobre temas relacionados \u00e0s artes e \u00e0 cultura),\u00a0<a href=\"http:\/\/www.jornaldaciencia.org.br\/confira-a-programacao-da-sessao-de-posteres-da-74a-reuniao-anual-da-sbpc\/\" target=\"_blank\" rel=\"noopener\"><span style=\"color: #800000;\"><strong>Sess\u00e3o de P\u00f4steres<\/strong>\u00a0<\/span><\/a>(apresenta\u00e7\u00e3o virtual), al\u00e9m da\u00a0<strong>SBPC Afro e Ind\u00edgena<\/strong>,\u00a0<strong>SBPC Educa\u00e7\u00e3o<\/strong>\u00a0e a\u00a0<strong>SBPC Inova\u00e7\u00e3o<\/strong>. Tamb\u00e9m ser\u00e3o oferecidos\u00a0<a href=\"http:\/\/www.jornaldaciencia.org.br\/matriculas-para-webminicursos-da-74a-reuniao-anual-da-sbpc-se-encerram-em-uma-semana\/\" target=\"_blank\" rel=\"noopener\"><span style=\"color: #800000;\">14\u00a0<\/span><strong><span style=\"color: #800000;\">webminicursos<\/span><\/strong><\/a>, com carga hor\u00e1ria de 6 a 8 horas, em diversas \u00e1reas do conhecimento.<\/p>\n<p>Entre os temas que ser\u00e3o debatidos nas confer\u00eancias est\u00e3o\u00a0\u201cA vis\u00e3o da ci\u00eancia no enfrentamento da pandemia e o futuro da sa\u00fade no Brasil\u201d, \u201cDescarte de medicamentos: uma preocupa\u00e7\u00e3o para sa\u00fade e meio ambiente\u201d, \u201cConfer\u00eancia do ministro de CT&amp;I\u201d, \u201cMudan\u00e7as clim\u00e1ticas, seus impactos no Brasil e a constru\u00e7\u00e3o de uma sociedade sustent\u00e1vel\u201d, \u201cCem anos da Semana de Arte Moderna\u201d, \u201c30 anos de internet no Brasil\u201d, \u201cO Brasil est\u00e1 preparado para outra pandemia?\u201d, entre outros.<\/p>\n<p>Entre alguns dos assuntos discutidos nas mesas-redondas est\u00e3o\u00a0\u201cDesafios do ensino superior no p\u00f3s-covid\u201d, \u201cpol\u00edtica de CT&amp;I\u201d, \u201cImpacto da pandemia de covid-19 nas doen\u00e7as tropicais negligenciadas\u201d, \u201cO meio ambiente no Brasil para a constru\u00e7\u00e3o de uma sociedade sustent\u00e1vel\u201d, \u201cEconomia brasileira \u2013 conjuntura e perspectivas\u201d, \u201cViol\u00eancia contra mulheres em universidades brasileiras\u201d, \u201cO futuro da universidade brasileira\u201d, \u201cPol\u00edtica de seguran\u00e7a p\u00fablica\u201d, al\u00e9m de outros.<\/p>\n<p>Temas como \u201cInternet no Brasil: desafios para as pol\u00edticas p\u00fablicas\u201d, \u201cMetodologias e aplica\u00e7\u00f5es avan\u00e7adas de intelig\u00eancia artificial\u201d, \u201cAvan\u00e7os e desafios para a conserva\u00e7\u00e3o e sustentabilidade na Caatinga\u201d, \u201cJornalismo e direitos humanos: cobertura, enquadramentos e representa\u00e7\u00e3o social\u201d, \u201cBicenten\u00e1rio da independ\u00eancia \u2013 a trajet\u00f3ria das ci\u00eancias f\u00edsicas e naturais no Brasil\u201d, \u201cEduca\u00e7\u00e3o de surdos\u201d e \u201cCaminhos para transfer\u00eancia de tecnologia e gera\u00e7\u00e3o de inova\u00e7\u00e3o e riqueza no Brasil no s\u00e9culo XXI\u201d, ser\u00e3o discutidos nos pain\u00e9is.<\/p>\n<p>O evento proporcionar\u00e1 aos visitantes do campus Darcy Ribeiro da UnB, em Bras\u00edlia, a visita\u00e7\u00e3o a\u00a0<span style=\"color: #800000;\"><a style=\"color: #800000;\" href=\"http:\/\/www.jornaldaciencia.org.br\/reuniao-anual-da-sbpc-traz-cinco-exposicoes-sobre-ciencia-para-a-unb\/\" target=\"_blank\" rel=\"noopener\">cinco exposi\u00e7\u00f5es cient\u00edficas<\/a><\/span>\u00a0que trazem curiosidades sobre hist\u00f3ria, pesquisas, pesquisadoras e como as pessoas podem interagir com o universo da Ci\u00eancia: \u201cFaces da ci\u00eancia no Brasil\u201d, \u201cExposi\u00e7\u00e3o Fritz M\u00fcller 200 anos\u201d, \u201cCi\u00eancia rima com Cordel\u201d, \u201cPioneiras da Ci\u00eancia\u201d e \u201cO Metaverso da Urna Eletr\u00f4nica\u201d.<\/p>\n<h3 id=\"sbpc-jovem\"><strong>SBPC Jovem<\/strong><\/h3>\n<p>Paralelamente \u00e0 programa\u00e7\u00e3o cient\u00edfica, a SBPC e a UnB realizam a j\u00e1 tradicional SBPC Jovem. Com o objetivo de promover o contato de crian\u00e7as e jovens com o conhecimento cient\u00edfico e com pesquisadores, institui\u00e7\u00f5es e laborat\u00f3rios de todo o Pa\u00eds preparam atra\u00e7\u00f5es interativas para despertar o interesse desse p\u00fablico pela ci\u00eancia, tecnologia e inova\u00e7\u00e3o.<\/p>\n<p>A SBPC jovem funcionar\u00e1 de 25 a 30 de julho no campus Darcy Ribeiro da UnB com atra\u00e7\u00f5es gratuitas.<\/p>\n<p>Entre as atividades, a\u00a0<strong>Ag\u00eancia Espacial Brasileira<\/strong>, por meio do Programa AEB Escola realizar\u00e1 um \u201cQuiz Espacial\u201d, proje\u00e7\u00f5es de v\u00eddeos astron\u00f4micos, em um planet\u00e1rio infl\u00e1vel, oficinas de carrinho foguete, de foguete de garrafa pet e de montagem de dobraduras, e muito mais.<\/p>\n<p>O\u00a0<strong>CED Stella dos Cherubins<\/strong>\u00a0apresentar\u00e1 o projeto de gamifica\u00e7\u00e3o do ensino via RPG, que est\u00e1 em curso na escola. Neste projeto, os participantes constroem suas personagens, definindo atributos que demarcam as caracter\u00edsticas de cada um.<\/p>\n<p>O\u00a0<strong>PETi-Biotecnologia<\/strong>\u00a0realizar\u00e1 a exposi\u00e7\u00e3o \u201cCotidiano cientista\u201d, com experimentos pr\u00e1ticos em conceitos b\u00e1sicos em ci\u00eancia, de forma l\u00fadica, criativa e interativa.<\/p>\n<p>O\u00a0<strong>Instituto de F\u00edsica da UnB<\/strong>\u00a0far\u00e1 uma exposi\u00e7\u00e3o remota da rede mundial de p\u00eandulos. Al\u00e9m do acesso \u00e0 rede remota de p\u00eandulos, ser\u00e3o realizados experimentos interativos para demonstrar a f\u00edsica em a\u00e7\u00e3o.<\/p>\n<p>A\u00a0<strong>Fiocruz\u00a0<\/strong>estar\u00e1 entre os expositores da SBPC Jovem, ocupando um espa\u00e7o de quase 100 metros quadrados, onde os visitantes poder\u00e3o participar de diversas atividades interativas de divulga\u00e7\u00e3o cient\u00edfica e conhecer melhor as diferentes atividades da Funda\u00e7\u00e3o, como a produ\u00e7\u00e3o de vacinas e as cole\u00e7\u00f5es biol\u00f3gicas.<\/p>\n<p>O\u00a0<strong>Instituto Federal de Bras\u00edlia (IFB)<\/strong>\u00a0preparou 20 oficinas para a SBPC Jovem. As atra\u00e7\u00f5es incluir\u00e3o desde a produ\u00e7\u00e3o de \u00e1lcool em gel e l\u00edquido at\u00e9 o tingimento de tecidos com materiais do Cerrado. Tamb\u00e9m um pouco de gastronomia, moda e tecnologia, com receitas \u00e0 base de mandioca, desfiles de moda e oficina de mobili\u00e1rio que ensinar\u00e1 a aplicar resina ep\u00f3xi para fazer as pe\u00e7as ilustram um pouco dessa diversidade preparada para o p\u00fablico do evento.<\/p>\n<p>A 74\u00aa edi\u00e7\u00e3o da Reuni\u00e3o Anual ser\u00e1 encerrada com o\u00a0<strong>Dia da Fam\u00edlia na Ci\u00eancia<\/strong>, em um s\u00e1bado dedicado \u00e0 integra\u00e7\u00e3o entre cultura, ci\u00eancia e recrea\u00e7\u00e3o para crian\u00e7as, jovens e seus familiares.<\/p>\n<p>Confira aqui informa\u00e7\u00f5es sobre o evento:\u00a0<a href=\"https:\/\/ra.sbpcnet.org.br\/74RA\/\" target=\"_blank\" rel=\"noopener\"><span style=\"color: #800000;\">https:\/\/ra.sbpcnet.org.br\/74RA\/<\/span><\/a>.<\/p>\n<p><a href=\"http:\/\/www.jornaldaciencia.org.br\/\"><em>Jornal da Ci\u00eancia<\/em><\/a><\/p>\n","protected":false},"excerpt":{"rendered":"Com uma semana cheia atra\u00e7\u00f5es para todos os interesses e idades, o&hellip;\n","protected":false},"author":19,"featured_media":2054,"comment_status":"open","ping_status":"open","sticky":false,"template":"","format":"standard","meta":[],"categories":[1,2],"tags":[],"acf":[],"_links":{"self":[{"href":"https:\/\/revistacienciaecultura.org.br\/index.php?rest_route=\/wp\/v2\/posts\/2825"}],"collection":[{"href":"https:\/\/revistacienciaecultura.org.br\/index.php?rest_route=\/wp\/v2\/posts"}],"about":[{"href":"https:\/\/revistacienciaecultura.org.br\/index.php?rest_route=\/wp\/v2\/types\/post"}],"author":[{"embeddable":true,"href":"https:\/\/revistacienciaecultura.org.br\/index.php?rest_route=\/wp\/v2\/users\/19"}],"replies":[{"embeddable":true,"href":"https:\/\/revistacienciaecultura.org.br\/index.php?rest_route=%2Fwp%2Fv2%2Fcomments&post=2825"}],"version-history":[{"count":1,"href":"https:\/\/revistacienciaecultura.org.br\/index.php?rest_route=\/wp\/v2\/posts\/2825\/revisions"}],"predecessor-version":[{"id":2826,"href":"https:\/\/revistacienciaecultura.org.br\/index.php?rest_route=\/wp\/v2\/posts\/2825\/revisions\/2826"}],"wp:featuredmedia":[{"embeddable":true,"href":"https:\/\/revistacienciaecultura.org.br\/index.php?rest_route=\/wp\/v2\/media\/2054"}],"wp:attachment":[{"href":"https:\/\/revistacienciaecultura.org.br\/index.php?rest_route=%2Fwp%2Fv2%2Fmedia&parent=2825"}],"wp:term":[{"taxonomy":"category","embeddable":true,"href":"https:\/\/revistacienciaecultura.org.br\/index.php?rest_route=%2Fwp%2Fv2%2Fcategories&post=2825"},{"taxonomy":"post_tag","embeddable":true,"href":"https:\/\/revistacienciaecultura.org.br\/index.php?rest_route=%2Fwp%2Fv2%2Ftags&post=2825"}],"curies":[{"name":"wp","href":"https:\/\/api.w.org\/{rel}","templated":true}]}}