{"id":2827,"date":"2022-07-20T12:21:25","date_gmt":"2022-07-20T12:21:25","guid":{"rendered":"https:\/\/revistacienciaecultura.org.br\/?p=2827"},"modified":"2023-10-24T18:38:35","modified_gmt":"2023-10-24T18:38:35","slug":"confira-a-segunda-edicao-completa-da-ciencia-cultura","status":"publish","type":"post","link":"https:\/\/revistacienciaecultura.org.br\/?p=2827","title":{"rendered":"Confira a segunda edi\u00e7\u00e3o de 2022 completa da Ci\u00eancia &#038; Cultura"},"content":{"rendered":"<h4 id=\"voce-pode-baixar-o-pdf-da-revista-ou-ler-a-edicao-em-flipbook-confira\"><span style=\"color: #808080;\">Voc\u00ea pode baixar o PDF da revista ou ler a edi\u00e7\u00e3o em flipbook. Confira!<\/span><\/h4>\n<p>A segunda edi\u00e7\u00e3o de relan\u00e7amento da revista Ci\u00eancia &amp; Cultura \u2013 \u201c<strong><a href=\"https:\/\/revistacienciaecultura.org.br\/?page_id=2753\"><span style=\"color: #800000;\">A Semana de Arte Moderna e o S\u00e9culo Modernista &#8211; Extens\u00f5es<\/span><\/a><\/strong>\u201d \u2013 j\u00e1 est\u00e1 dispon\u00edvel para download em PDF ou para leitura online em flipbook.<\/p>\n<p>Ap\u00f3s um breve per\u00edodo de interrup\u00e7\u00e3o, a revista retomou suas atividades em 2022 \u2013 um ano emblem\u00e1tico, marcado por elei\u00e7\u00f5es presidenciais, Copa do Mundo, centen\u00e1rio da Semana de Arte Moderna e Bicenten\u00e1rio da Independ\u00eancia.<\/p>\n<p>A segunda edi\u00e7\u00e3o dessa nova fase da revista aborda o Centen\u00e1rio da Semana de Arte Moderna. Seus textos discutem os diferentes aspectos da Semana, que n\u00e3o se limitou a S\u00e3o Paulo \u2013 tampouco a 1922. O Modernismo abrangeu todas as regi\u00f5es do pa\u00eds, levantando v\u00e1rias quest\u00f5es \u2013 especialmente sobre a identidade nacional e o nacionalismo. E ele permanece, de certa forma, at\u00e9 os dias de hoje, por\u00e9m agora protagonizado pelas vozes das periferias.<\/p>\n<p>Confira os artigos, textos de opini\u00e3o e reportagens na \u00edntegra!<\/p>\n<h4 id=\"clique-aqui-para-acessar-o-flipbook-e-ler-a-segunda-edicao-completa-da-revista\"><a href=\"https:\/\/www.flipsnack.com\/8DE66BDD75E\/c-c-2a-edicao.html\" target=\"_blank\" rel=\"noopener\"><span style=\"color: #800000;\">Clique aqui para acessar o flipbook e ler a segunda edi\u00e7\u00e3o completa da revista<\/span>:<\/a><\/h4>\n<p><a href=\"https:\/\/www.flipsnack.com\/8DE66BDD75E\/c-c-2a-edicao.html\" target=\"_blank\" rel=\"noopener\"><img loading=\"lazy\" class=\"alignnone size-medium wp-image-2828\" src=\"https:\/\/revistacienciaecultura.org.br\/wp-content\/uploads\/2022\/07\/Captura-de-Tela-2022-07-20-a\u0300s-09.22.41-213x300.png\" alt=\"\" width=\"213\" height=\"300\" srcset=\"https:\/\/revistacienciaecultura.org.br\/wp-content\/uploads\/2022\/07\/Captura-de-Tela-2022-07-20-a\u0300s-09.22.41-213x300.png 213w, https:\/\/revistacienciaecultura.org.br\/wp-content\/uploads\/2022\/07\/Captura-de-Tela-2022-07-20-a\u0300s-09.22.41-9x12.png 9w, https:\/\/revistacienciaecultura.org.br\/wp-content\/uploads\/2022\/07\/Captura-de-Tela-2022-07-20-a\u0300s-09.22.41.png 473w\" sizes=\"(max-width: 213px) 100vw, 213px\" \/><\/a><\/p>\n<h4 id=\"clique-aqui-para-fazer-o-download-da-versao-em-pdf-e-ler-a-segunda-edicao-completa-da-revista\"><a href=\"https:\/\/drive.google.com\/file\/d\/1zyLc65YVcASjygmFfdZ4zbPot8Xc8N1p\/view?usp=sharing\" target=\"_blank\" rel=\"noopener\"><span style=\"color: #800000;\">Clique aqui para fazer o download da vers\u00e3o em PDF\u00a0 e ler a segunda edi\u00e7\u00e3o completa da revista<\/span>.<\/a><\/h4>\n<p><a href=\"https:\/\/drive.google.com\/file\/d\/1zyLc65YVcASjygmFfdZ4zbPot8Xc8N1p\/view?usp=sharing\" target=\"_blank\" rel=\"noopener\"><img loading=\"lazy\" class=\"alignnone size-medium wp-image-2828\" src=\"https:\/\/revistacienciaecultura.org.br\/wp-content\/uploads\/2022\/07\/Captura-de-Tela-2022-07-20-a\u0300s-09.22.41-213x300.png\" alt=\"\" width=\"213\" height=\"300\" srcset=\"https:\/\/revistacienciaecultura.org.br\/wp-content\/uploads\/2022\/07\/Captura-de-Tela-2022-07-20-a\u0300s-09.22.41-213x300.png 213w, https:\/\/revistacienciaecultura.org.br\/wp-content\/uploads\/2022\/07\/Captura-de-Tela-2022-07-20-a\u0300s-09.22.41-9x12.png 9w, https:\/\/revistacienciaecultura.org.br\/wp-content\/uploads\/2022\/07\/Captura-de-Tela-2022-07-20-a\u0300s-09.22.41.png 473w\" sizes=\"(max-width: 213px) 100vw, 213px\" \/><\/a><\/p>\n","protected":false},"excerpt":{"rendered":"Voc\u00ea pode baixar o PDF da revista ou ler a edi\u00e7\u00e3o em&hellip;\n","protected":false},"author":19,"featured_media":2206,"comment_status":"open","ping_status":"open","sticky":false,"template":"","format":"standard","meta":[],"categories":[1,2],"tags":[],"acf":[],"_links":{"self":[{"href":"https:\/\/revistacienciaecultura.org.br\/index.php?rest_route=\/wp\/v2\/posts\/2827"}],"collection":[{"href":"https:\/\/revistacienciaecultura.org.br\/index.php?rest_route=\/wp\/v2\/posts"}],"about":[{"href":"https:\/\/revistacienciaecultura.org.br\/index.php?rest_route=\/wp\/v2\/types\/post"}],"author":[{"embeddable":true,"href":"https:\/\/revistacienciaecultura.org.br\/index.php?rest_route=\/wp\/v2\/users\/19"}],"replies":[{"embeddable":true,"href":"https:\/\/revistacienciaecultura.org.br\/index.php?rest_route=%2Fwp%2Fv2%2Fcomments&post=2827"}],"version-history":[{"count":6,"href":"https:\/\/revistacienciaecultura.org.br\/index.php?rest_route=\/wp\/v2\/posts\/2827\/revisions"}],"predecessor-version":[{"id":4973,"href":"https:\/\/revistacienciaecultura.org.br\/index.php?rest_route=\/wp\/v2\/posts\/2827\/revisions\/4973"}],"wp:featuredmedia":[{"embeddable":true,"href":"https:\/\/revistacienciaecultura.org.br\/index.php?rest_route=\/wp\/v2\/media\/2206"}],"wp:attachment":[{"href":"https:\/\/revistacienciaecultura.org.br\/index.php?rest_route=%2Fwp%2Fv2%2Fmedia&parent=2827"}],"wp:term":[{"taxonomy":"category","embeddable":true,"href":"https:\/\/revistacienciaecultura.org.br\/index.php?rest_route=%2Fwp%2Fv2%2Fcategories&post=2827"},{"taxonomy":"post_tag","embeddable":true,"href":"https:\/\/revistacienciaecultura.org.br\/index.php?rest_route=%2Fwp%2Fv2%2Ftags&post=2827"}],"curies":[{"name":"wp","href":"https:\/\/api.w.org\/{rel}","templated":true}]}}