{"id":2891,"date":"2022-07-25T08:00:39","date_gmt":"2022-07-25T08:00:39","guid":{"rendered":"https:\/\/revistacienciaecultura.org.br\/?p=2891"},"modified":"2023-09-01T10:28:57","modified_gmt":"2023-09-01T10:28:57","slug":"200-anos-de-ciencia-e-tecnologia-no-brasil-atores-e-instituicoes-percalcos-e-avancos","status":"publish","type":"post","link":"https:\/\/revistacienciaecultura.org.br\/?p=2891","title":{"rendered":"200 anos de ci\u00eancia e tecnologia no Brasil"},"content":{"rendered":"<h4 id=\"a-ciencia-e-tecnologia-no-pais-tem-uma-longa-historia-de-conquistas-e-insucessos-e-tambem-de-lutas-e-desafios-confira-editorial-da-terceira-edicao-da-revista-ciencia-cultura\"><span style=\"color: #808080;\">A ci\u00eancia e tecnologia no pa\u00eds tem uma longa hist\u00f3ria de conquistas e insucessos, e tamb\u00e9m de lutas e desafios.\u00a0Confira editorial da terceira edi\u00e7\u00e3o da revista Ci\u00eancia &amp; Cultura<\/span><\/h4>\n<p><strong>\u00a0<\/strong><\/p>\n<p>Em 2022 completam-se 200 anos da declara\u00e7\u00e3o de Independ\u00eancia do Brasil em rela\u00e7\u00e3o a Portugal. Em 2023, comemoram-se batalhas e eventos importantes ocorridos no Piau\u00ed, Bahia, Maranh\u00e3o, Cear\u00e1, Par\u00e1 e em outros Estados para a garantia da Independ\u00eancia e da unidade da nova na\u00e7\u00e3o. Diversas institui\u00e7\u00f5es e entidades da sociedade civil t\u00eam organizado atividades comemorativas e de reflex\u00e3o sobre estes importantes eventos hist\u00f3ricos, possibilitando que o estudo do passado e a an\u00e1lise do presente possam conduzir \u00e0 constru\u00e7\u00e3o de um pa\u00eds melhor, menos desigual e mais avan\u00e7ado social, ambiental, cient\u00edfica, educacional e economicamente. A revista Ci\u00eancia e Cultura dedica, em 2022, tr\u00eas de seus quatro n\u00fameros a esse tema. Este terceiro n\u00famero da revista \u00e9 voltado para a hist\u00f3ria da ci\u00eancia e tecnologia no Brasil, neste per\u00edodo bicenten\u00e1rio ainda muito limitado pelas diversas depend\u00eancias da nova na\u00e7\u00e3o. Nele, a ci\u00eancia e tecnologia se desenvolveu em meio a muitas dificuldades e obst\u00e1culos, com um percurso tortuoso, por\u00e9m importante de ser lembrado e analisado.<\/p>\n<p>A ci\u00eancia \u00e9, antes de tudo, uma constru\u00e7\u00e3o coletiva, feita por pessoas, grupos de pesquisa e institui\u00e7\u00f5es. Os atores da ci\u00eancia s\u00e3o um elemento essencial na constru\u00e7\u00e3o do conhecimento cient\u00edfico. Assim tamb\u00e9m o s\u00e3o as institui\u00e7\u00f5es cient\u00edficas e universidades. Os ritmos, obst\u00e1culos e avan\u00e7os da ci\u00eancia respondem tamb\u00e9m a interesses sociais e econ\u00f4micos e \u00e0s pol\u00edticas executadas.<\/p>\n<p><img loading=\"lazy\" class=\"aligncenter wp-image-2893\" src=\"https:\/\/revistacienciaecultura.org.br\/wp-content\/uploads\/2022\/07\/CC-3-edicao-editorial-200-anos-de-ciencia-no-Brasil-figura1-267x300.jpg\" alt=\"\" width=\"445\" height=\"500\" srcset=\"https:\/\/revistacienciaecultura.org.br\/wp-content\/uploads\/2022\/07\/CC-3-edicao-editorial-200-anos-de-ciencia-no-Brasil-figura1-267x300.jpg 267w, https:\/\/revistacienciaecultura.org.br\/wp-content\/uploads\/2022\/07\/CC-3-edicao-editorial-200-anos-de-ciencia-no-Brasil-figura1-912x1024.jpg 912w, https:\/\/revistacienciaecultura.org.br\/wp-content\/uploads\/2022\/07\/CC-3-edicao-editorial-200-anos-de-ciencia-no-Brasil-figura1-768x863.jpg 768w, https:\/\/revistacienciaecultura.org.br\/wp-content\/uploads\/2022\/07\/CC-3-edicao-editorial-200-anos-de-ciencia-no-Brasil-figura1-11x12.jpg 11w, https:\/\/revistacienciaecultura.org.br\/wp-content\/uploads\/2022\/07\/CC-3-edicao-editorial-200-anos-de-ciencia-no-Brasil-figura1-800x899.jpg 800w, https:\/\/revistacienciaecultura.org.br\/wp-content\/uploads\/2022\/07\/CC-3-edicao-editorial-200-anos-de-ciencia-no-Brasil-figura1.jpg 1127w\" sizes=\"(max-width: 445px) 100vw, 445px\" \/><\/p>\n<h6 id=\"figura-1-um-dos-primeiros-cientistas-brasileiros-patrono-da-independencia-e-defensor-da-criacao-de-universidade-no-brasil-foi-jose-bonifacio-de-andrada-e-silva-1763-1838reproducao\"><strong>Figura 1. Um dos primeiros cientistas brasileiros, patrono da Independ\u00eancia e defensor da cria\u00e7\u00e3o de universidade no Brasil, foi Jos\u00e9 Bonif\u00e1cio de Andrada e Silva (1763-1838)<br \/>\n<\/strong>(Reprodu\u00e7\u00e3o)<\/h6>\n<p>&nbsp;<\/p>\n<p>A\u00a0hist\u00f3ria da ci\u00eancia no Brasil\u00a0come\u00e7a de maneira mais efetiva, embora de forma ainda muito limitada, nas primeiras d\u00e9cadas do s\u00e9culo XIX, com a chegada da corte portuguesa. Desde o s\u00e9culo XVI aconteceram atividades relacionadas \u00e0 ci\u00eancia no Brasil, como viagens explorat\u00f3rias, descri\u00e7\u00f5es sobre a natureza e sobre os povos ind\u00edgenas e observa\u00e7\u00f5es astron\u00f4micas. No entanto, tratava-se, em geral, de a\u00e7\u00f5es isoladas e sem maior preocupa\u00e7\u00e3o com a gera\u00e7\u00e3o sistem\u00e1tica de conhecimentos. No final do s\u00e9culo XVIII houve a tentativa de cria\u00e7\u00e3o das primeiras academias ou sociedades ligadas \u00e0 ci\u00eancia, mas elas foram rapidamente coibidas.<\/p>\n<p>A transfer\u00eancia da corte para o Rio de Janeiro, em 1808, possibilitou a cria\u00e7\u00e3o das primeiras institui\u00e7\u00f5es cient\u00edficas do pa\u00eds, como o Jardim Bot\u00e2nico e o Museu Real, e o surgimento de escolas de forma\u00e7\u00e3o superior como a Escola Polit\u00e9cnica do Rio de Janeiro. Esse foi apenas um dos pontos de partida da longa hist\u00f3ria da ci\u00eancia no pa\u00eds, marcada por conquistas e lutas, e tamb\u00e9m por muitas defici\u00eancias, lacunas e trope\u00e7os. Nesses 200 anos, a ci\u00eancia brasileira se desenvolveu a avan\u00e7ou significativamente, ocupando hoje a 13.\u00aa posi\u00e7\u00e3o em publica\u00e7\u00f5es cient\u00edficas no mundo e alcan\u00e7ando impactos importantes para a sociedade local, tanto na economia (como na agricultura e na explora\u00e7\u00e3o mineral e do petr\u00f3leo) quanto na melhoria da qualidade de vida da popula\u00e7\u00e3o (como na sa\u00fade p\u00fablica, apesar da aus\u00eancia de pol\u00edticas continuadas e consistentes e de recursos adequados). A cria\u00e7\u00e3o das primeiras ag\u00eancias de fomento, o crescimento da p\u00f3s-gradua\u00e7\u00e3o e a expans\u00e3o de universidades p\u00fablicas e institui\u00e7\u00f5es cient\u00edficas nas \u00faltimas d\u00e9cadas tiveram papel fundamental nesse processo.<\/p>\n<p>&nbsp;<\/p>\n<h4 id=\"o-brasil-tem-recursos-naturais-em-abundancia-e-uma-populacao-jovem-com-potencial-grande-para-superar-crises-e-a-ciencia-e-um-instrumento-fundamental-na-construcao-de-um-projeto-diverso-para\" style=\"text-align: center;\"><span style=\"color: #800000;\">\u201cO Brasil tem recursos naturais em abund\u00e2ncia e uma popula\u00e7\u00e3o jovem com potencial grande para superar crises, e a ci\u00eancia \u00e9 um instrumento fundamental na constru\u00e7\u00e3o de um projeto diverso para um novo Brasil.\u201d<\/span><\/h4>\n<p>&nbsp;<\/p>\n<p>Nos \u00faltimos anos, os recursos para ci\u00eancia v\u00eam sofrendo uma s\u00e9rie de cortes dr\u00e1sticos que comprometem seriamente o funcionamento do sistema nacional de CT&amp;I, al\u00e9m de frequentes posturas negacionistas de diversas autoridades governamentais e de amea\u00e7as \u00e0 liberdade de pesquisa. As entidades cient\u00edficas, em particular a Sociedade Brasileira para o Progresso da Ci\u00eancia (SBPC), v\u00eam se mobilizando continuamente para alertar \u00e0s autoridades, aos parlamentares e \u00e0 sociedade em geral sobre os riscos desses cortes, que amea\u00e7am a sobreviv\u00eancia da ci\u00eancia brasileira, comprometem a possibilidade de recupera\u00e7\u00e3o econ\u00f4mica e geram evas\u00e3o de muitos jovens qualificados.<\/p>\n<p>A CT&amp;I \u00e9 essencial para a recupera\u00e7\u00e3o do pa\u00eds, imerso em grave crise, tanto econ\u00f4mica quanto socialmente. Nesse momento tamb\u00e9m de crise mundial, em que vivemos s\u00e9rios problemas sanit\u00e1rios, ambientais, sociais, econ\u00f4micos e de preserva\u00e7\u00e3o da paz em escala planet\u00e1ria, valorizar a ci\u00eancia e seu potencial para a humanidade se torna ainda mais importante. Por isso este n\u00famero da revista Ci\u00eancia &amp; Cultura dedica-se a comemorar, explorar e analisar os 200 anos da ci\u00eancia e tecnologia no Brasil. Temos, sim, muito o que comemorar. Mas ainda h\u00e1 muito a ser feito, como aprimorar a qualidade da pesquisa produzida, conect\u00e1-la mais com a inova\u00e7\u00e3o tecnol\u00f3gica e a inova\u00e7\u00e3o social, ampliar sua inser\u00e7\u00e3o internacional, e fazer com que ela tenha um impacto bem mais relevante no desenvolvimento econ\u00f4mico e social do Brasil.<\/p>\n<p><img loading=\"lazy\" class=\"aligncenter wp-image-2895\" src=\"https:\/\/revistacienciaecultura.org.br\/wp-content\/uploads\/2022\/07\/CC-3-edicao-editorial-200-anos-de-ciencia-no-Brasil-figura2-300x200.jpg\" alt=\"\" width=\"500\" height=\"333\" srcset=\"https:\/\/revistacienciaecultura.org.br\/wp-content\/uploads\/2022\/07\/CC-3-edicao-editorial-200-anos-de-ciencia-no-Brasil-figura2-300x200.jpg 300w, https:\/\/revistacienciaecultura.org.br\/wp-content\/uploads\/2022\/07\/CC-3-edicao-editorial-200-anos-de-ciencia-no-Brasil-figura2-1024x682.jpg 1024w, https:\/\/revistacienciaecultura.org.br\/wp-content\/uploads\/2022\/07\/CC-3-edicao-editorial-200-anos-de-ciencia-no-Brasil-figura2-768x512.jpg 768w, https:\/\/revistacienciaecultura.org.br\/wp-content\/uploads\/2022\/07\/CC-3-edicao-editorial-200-anos-de-ciencia-no-Brasil-figura2-18x12.jpg 18w, https:\/\/revistacienciaecultura.org.br\/wp-content\/uploads\/2022\/07\/CC-3-edicao-editorial-200-anos-de-ciencia-no-Brasil-figura2-800x533.jpg 800w, https:\/\/revistacienciaecultura.org.br\/wp-content\/uploads\/2022\/07\/CC-3-edicao-editorial-200-anos-de-ciencia-no-Brasil-figura2.jpg 1097w\" sizes=\"(max-width: 500px) 100vw, 500px\" \/><\/p>\n<h6 id=\"figura-2-comunidade-cientifica-e-sociedade-civil-se-unem-em-marchas-pela-ciencia-em-apoio-a-pesquisa-cientifica-no-brasil-e-contra-os-retrocessos-no-setoruniversidade-federal-de-minas-gerais\"><strong>Figura 2. Comunidade cient\u00edfica e sociedade civil se unem em marchas pela ci\u00eancia <\/strong><strong>em apoio \u00e0 pesquisa cient\u00edfica no Brasil e contra os retrocessos no setor<br \/>\n<\/strong>(Universidade Federal de Minas Gerais \u2013 UFMG. Reprodu\u00e7\u00e3o)<\/h6>\n<p>&nbsp;<\/p>\n<p>Muitos atores e muitas institui\u00e7\u00f5es fizeram e fazem a ci\u00eancia, a tecnologia e a inova\u00e7\u00e3o no Brasil. Pessoas de todos os matizes, regi\u00f5es, etnias e g\u00eaneros, classes sociais e \u00e1reas do conhecimento. Essas faces superaram in\u00fameras dificuldades, a aus\u00eancia de est\u00edmulo, a falta de recursos, persegui\u00e7\u00f5es e restri\u00e7\u00f5es diversas ao longo do tempo. Historicamente, essa diversidade esteve e ainda est\u00e1 muito longe de ser equitativa. Restri\u00e7\u00f5es de muitas ordens cercearam fortemente a participa\u00e7\u00e3o de mulheres, negros, pobres e segmentos sociais diversos nas oportunidades e a\u00e7\u00f5es na educa\u00e7\u00e3o e na ci\u00eancia e tecnologia.<\/p>\n<p>Neste n\u00famero, espalhado em tr\u00eas blocos ao longo de tr\u00eas meses, est\u00e3o artigos, reportagens, textos de opini\u00e3o, v\u00eddeos e podcasts que abordam temas importantes destes dois s\u00e9culos de presen\u00e7a da ci\u00eancia na <em>terra brasilis<\/em>. \u00c9 um conte\u00fado rico, escorado nos trabalhos de diversos pesquisadores qualificados, mas que certamente cobre uma dimens\u00e3o ainda muito diminuta da vastid\u00e3o da hist\u00f3ria da ci\u00eancia no Brasil e das contribui\u00e7\u00f5es legadas por ela \u00e0 sociedade e ao Pa\u00eds. Buscamos recuperar tamb\u00e9m as contribui\u00e7\u00f5es, para a gera\u00e7\u00e3o de conhecimentos, provenientes das popula\u00e7\u00f5es origin\u00e1rias, dos colonizadores, dos escravizados, dos imigrantes, em suma, das pessoas que por aqui passaram e viveram nesses dois s\u00e9culos.<\/p>\n<p>&nbsp;<\/p>\n<h4 id=\"a-ciencia-e-antes-de-tudo-uma-construcao-coletiva-feita-por-pessoas-grupos-de-pesquisa-e-instituicoes-os-atores-da-ciencia-sao-um-elemento-essencial-na-construcao-do-conhecimento-cientif\" style=\"text-align: center;\"><span style=\"color: #800000;\">\u201cA ci\u00eancia \u00e9, antes de tudo, uma constru\u00e7\u00e3o coletiva, feita por pessoas, grupos de pesquisa e institui\u00e7\u00f5es. Os atores da ci\u00eancia s\u00e3o um elemento essencial na constru\u00e7\u00e3o do conhecimento cient\u00edfico.\u201d<\/span><\/h4>\n<p>&nbsp;<\/p>\n<p>A trajet\u00f3ria hist\u00f3rica do Brasil, como na\u00e7\u00e3o independente, deve ser explorada, analisada e divulgada em todos os seus aspectos e para toda a popula\u00e7\u00e3o, e com a participa\u00e7\u00e3o dessa. O resgate das hist\u00f3rias espec\u00edficas, como esta da ci\u00eancia e tecnologia, articuladas com a hist\u00f3ria social mais ampla, \u00e9 fundamental para rememorar adequadamente esse processo de constru\u00e7\u00e3o das hist\u00f3rias passadas, que moldam o presente, e para abrir perspectivas rumo \u00e0s variadas independ\u00eancias necess\u00e1rias ao pa\u00eds.<\/p>\n<p>&nbsp;<\/p>\n<h6 id=\"imagem-de-capa-muitos-atores-e-muitas-instituicoes-fizeram-e-fazem-a-ciencia-a-tecnologia-e-a-inovacao-no-brasilreuniao-anual-da-sbpc-em-1977-acervo-sbpc-reproducao\"><strong>Imagem de capa: Muitos atores e muitas institui\u00e7\u00f5es fizeram e fazem a ci\u00eancia, a tecnologia e a inova\u00e7\u00e3o no Brasil<br \/>\n<\/strong>(Reuni\u00e3o Anual da SBPC em 1977. Acervo SBPC. Reprodu\u00e7\u00e3o)<\/h6>\n<hr \/>\n<h6 id=\"moreira-ildeu-de-castro-200-anos-de-ciencia-e-tecnologia-no-brasil-atores-e-instituicoes-percalcos-e-avancos-a-ciencia-e-tecnologia-no-pais-tem-uma-longa-historia-de-conquistas-e-insucessos\"><span style=\"color: #808080;\"><em>MOREIRA, Ildeu de Castro.<span class=\"article-title\">\u00a0200 anos de ci\u00eancia e tecnologia no Brasil: atores e institui\u00e7\u00f5es, percal\u00e7os e avan\u00e7os. A ci\u00eancia e tecnologia no pa\u00eds tem uma longa hist\u00f3ria de conquistas e insucessos, e tamb\u00e9m de lutas e desafios.<\/span>\u00a0Cienc. Cult.\u00a0[online]. 2022, vol.74, n.3 [citado\u00a0 2023-09-01], pp.1-4. Dispon\u00edvel em: &lt;http:\/\/cienciaecultura.bvs.br\/scielo.php?script=sci_arttext&amp;pid=S0009-67252022000300001&amp;lng=pt&amp;nrm=iso&gt;. ISSN 0009-6725.\u00a0 http:\/\/dx.doi.org\/10.5935\/2317-6660.20220038.<\/em><\/span><\/h6>\n","protected":false},"excerpt":{"rendered":"A ci\u00eancia e tecnologia no pa\u00eds tem uma longa hist\u00f3ria de conquistas&hellip;\n","protected":false},"author":20,"featured_media":2897,"comment_status":"open","ping_status":"open","sticky":false,"template":"","format":"standard","meta":[],"categories":[52,21],"tags":[],"acf":[],"_links":{"self":[{"href":"https:\/\/revistacienciaecultura.org.br\/index.php?rest_route=\/wp\/v2\/posts\/2891"}],"collection":[{"href":"https:\/\/revistacienciaecultura.org.br\/index.php?rest_route=\/wp\/v2\/posts"}],"about":[{"href":"https:\/\/revistacienciaecultura.org.br\/index.php?rest_route=\/wp\/v2\/types\/post"}],"author":[{"embeddable":true,"href":"https:\/\/revistacienciaecultura.org.br\/index.php?rest_route=\/wp\/v2\/users\/20"}],"replies":[{"embeddable":true,"href":"https:\/\/revistacienciaecultura.org.br\/index.php?rest_route=%2Fwp%2Fv2%2Fcomments&post=2891"}],"version-history":[{"count":5,"href":"https:\/\/revistacienciaecultura.org.br\/index.php?rest_route=\/wp\/v2\/posts\/2891\/revisions"}],"predecessor-version":[{"id":4653,"href":"https:\/\/revistacienciaecultura.org.br\/index.php?rest_route=\/wp\/v2\/posts\/2891\/revisions\/4653"}],"wp:featuredmedia":[{"embeddable":true,"href":"https:\/\/revistacienciaecultura.org.br\/index.php?rest_route=\/wp\/v2\/media\/2897"}],"wp:attachment":[{"href":"https:\/\/revistacienciaecultura.org.br\/index.php?rest_route=%2Fwp%2Fv2%2Fmedia&parent=2891"}],"wp:term":[{"taxonomy":"category","embeddable":true,"href":"https:\/\/revistacienciaecultura.org.br\/index.php?rest_route=%2Fwp%2Fv2%2Fcategories&post=2891"},{"taxonomy":"post_tag","embeddable":true,"href":"https:\/\/revistacienciaecultura.org.br\/index.php?rest_route=%2Fwp%2Fv2%2Ftags&post=2891"}],"curies":[{"name":"wp","href":"https:\/\/api.w.org\/{rel}","templated":true}]}}