{"id":2905,"date":"2022-07-25T12:37:25","date_gmt":"2022-07-25T12:37:25","guid":{"rendered":"https:\/\/revistacienciaecultura.org.br\/?p=2905"},"modified":"2022-07-25T12:37:25","modified_gmt":"2022-07-25T12:37:25","slug":"programacao-cientifica-comeca-nesta-segunda-feira-com-debates-sobre-mulheres-politicas-de-cti-e-pandemia","status":"publish","type":"post","link":"https:\/\/revistacienciaecultura.org.br\/?p=2905","title":{"rendered":"Programa\u00e7\u00e3o cient\u00edfica come\u00e7a nesta segunda-feira com debates sobre mulheres, pol\u00edticas de CT&#038;I e pandemia"},"content":{"rendered":"<h4 id=\"com-35-atividades-ao-longo-do-dia-presenciais-e-virtuais-agenda-de-discussoes-comeca-as-9h-da-manha-e-vai-ate-as-20h-entre-os-destaques-esta-o-lancamento-do-livro-a-sbpc-e-a-constituicao\"><span style=\"color: #808080;\">Com 35 atividades ao longo do dia, presenciais e virtuais, agenda de discuss\u00f5es come\u00e7a \u00e0s 9h da manh\u00e3 e vai at\u00e9 \u00e0s 20h. Entre os destaques, est\u00e1 o lan\u00e7amento do livro \u201cA SBPC e a Constitui\u00e7\u00e3o\u201d,\u00a0\u00e0s 18h30, no campus Darcy Ribeiro da UnB<\/span><\/h4>\n<p>A programa\u00e7\u00e3o cient\u00edfica da 74\u00aa Reuni\u00e3o Anual da SBPC come\u00e7a nesta segunda-feira com todo o g\u00e1s. Ser\u00e3o 35 atividades ao longo dia, entre sess\u00f5es presenciais, no campus Darcy Ribeiro da Universidade de Bras\u00edlia (UnB), e virtuais (transmitidas pelos canais\u00a0<a href=\"https:\/\/www.youtube.com\/canalsbpc\" target=\"_blank\" rel=\"noopener\"><span style=\"color: #800000;\">da SBPC<\/span><\/a>, da\u00a0<span style=\"color: #800000;\"><a style=\"color: #800000;\" href=\"https:\/\/www.youtube.com\/c\/UnBTVPrazeremConhecerunbtv\" target=\"_blank\" rel=\"noopener\">UnB<\/a><\/span>\u00a0e das demais entidades realizadoras). A agenda de discuss\u00f5es ter\u00e1 in\u00edcio \u00e0s 9h e se estender\u00e1 at\u00e9 \u00e0s 20h.<\/p>\n<p>O dia come\u00e7a com a abertura da ExpoT&amp;C, \u00e0s 9h, com presen\u00e7a de autoridades. Logo ap\u00f3s a cerim\u00f4nia, o ministro da Ci\u00eancia, Tecnologia e Inova\u00e7\u00f5es, Paulo Alvim, far\u00e1 \u00e0s 10h uma confer\u00eancia no Anfiteatro 12 do Instituto Central de Ci\u00eancias da Universidade de Bras\u00edlia (ICC\/UnB), com apresenta\u00e7\u00e3o do presidente da SBPC, Renato Janine Ribeiro.\u00a0<a href=\"https:\/\/www.youtube.com\/canalsbpc\" target=\"_blank\" rel=\"noopener\"><span style=\"color: #800000;\">A sess\u00e3o ser\u00e1 transmitida online, neste link<\/span><\/a>.<\/p>\n<p>Tamb\u00e9m \u00e0s 9h, a agraciada com o Pr\u00eamio Carolina Bori Ci\u00eancia &amp; Mulher de 2022 na categoria Humanas, Nilma Lino Gomes, falar\u00e1 sobre a\u00e7\u00f5es afirmativas como vetores da democracia brasileira. Gomes \u00e9 ex-ministra das Mulheres, da Igualdade Racial, da Juventude e dos Direitos Humanos e professora titular em\u00e9rita da Faculdade de Educa\u00e7\u00e3o da UFMG.<\/p>\n<p>Enquanto isso, no Anfiteatro 09 do ICC, Elizabeth del Socorro Ruano-Ibarra discute o papel das mulheres nas independ\u00eancias, das lutas bolivarianas aos levantes brasileiros,\u00a0<span style=\"color: #800000;\"><a style=\"color: #800000;\" href=\"https:\/\/www.youtube.com\/watch?v=7sTRzRF5lYI\" target=\"_blank\" rel=\"noopener\">com transmiss\u00e3o pelo canal da SBPC no YouTube<\/a><\/span>.<\/p>\n<p>As mulheres tamb\u00e9m ser\u00e3o tema de debate \u00e0 tarde, \u00e0s 14h, na mesa redonda virtual \u201cMulheres em Destaque na Ci\u00eancia: as pesquisadoras na lingu\u00edstica aplicada\u201d. As debatedoras ser\u00e3o Nuk\u00e1cia Meyre Silva Ara\u00fajo (UECE), In\u00eas Signorini (UNICAMP) e Walkyria Maria Monte Mor (USP). \u00c0s 16h, a discuss\u00e3o ser\u00e1 sobre a viol\u00eancia contra as mulheres nas universidades brasileiras, com T\u00e2nia Campos de Almeida (UnB), Vales Zanello (UnB) e Helo\u00edsa Buarque de Almeida (USP), no anfiteatro 8 do ICC.<\/p>\n<p>A pandemia de coronav\u00edrus e seus impactos ter\u00e3o destaque nesta segunda-feira em tr\u00eas sess\u00f5es. \u00c0s 9h, a pneumologista e pesquisadora Margareth Dalcolmo, da Fiocruz, dar\u00e1 in\u00edcio aos debates sobre o tema na confer\u00eancia \u201cA vis\u00e3o da ci\u00eancia no enfrentamento da pandemia e o futuro da sa\u00fade no Brasil\u201d, no anfiteatro 10 do ICC,\u00a0<span style=\"color: #800000;\"><a style=\"color: #800000;\" href=\"https:\/\/www.youtube.com\/c\/UnBTVPrazeremConhecerunbtv\" target=\"_blank\" rel=\"noopener\">com transmiss\u00e3o online<\/a><\/span>\u00a0pelo canal da UnB. Outras tr\u00eas mesas redondas abordar\u00e3o os efeitos da covid-19: no ensino superior (\u00e0s 13h), nas doen\u00e7as tropicais negligenciadas (\u00e0s 14h) e nas viv\u00eancias de crian\u00e7as e jovens (\u00e0s 16h).<\/p>\n<p>Com um cen\u00e1rio dram\u00e1tico marcado por cortes or\u00e7ament\u00e1rios e amea\u00e7as \u00e0 liberdade de pesquisa, a Pol\u00edtica de Ci\u00eancia, Tecnologia e Inova\u00e7\u00e3o (CT&amp;I) ser\u00e1 assunto central da semana da Reuni\u00e3o Anual. Nesta segunda-feira, o presidente do Conselho Nacional de Desenvolvimento Cient\u00edfico e Tecnol\u00f3gico (CNPq), Evaldo Vilela, a presidente da Coordena\u00e7\u00e3o de Aperfei\u00e7oamento de Pessoal de N\u00edvel Superior (Capes), Cl\u00e1udia Queda de Toledo, o presidente da Financiadora de Estudos e Projetos (Finep), Marcelo Bortolini, e os presidentes da Academia Brasileira de Ci\u00eancias (ABC), Helena Nader, e da SBPC, Renato Janine Ribeiro, se reuni\u00e3o para discutir o panorama da CT&amp;I e dos pesquisadores do Pa\u00eds. A mesa redonda ser\u00e1 \u00e0s 13h, no anfiteatro 12 do ICC,\u00a0<span style=\"color: #800000;\"><a style=\"color: #800000;\" href=\"https:\/\/www.youtube.com\/canalsbpc\" target=\"_blank\" rel=\"noopener\">com transmiss\u00e3o pelos canais da UnB e da SBPC no YouTube<\/a><\/span>.<\/p>\n<p>Os caminhos da inova\u00e7\u00e3o no Brasil ser\u00e3o debatidos em um painel virtual com a presen\u00e7a da diretora da SBPC, Francilene Proc\u00f3pio Ferreira; o diretor-presidente da Empresa Brasileira de Pesquisa e Inova\u00e7\u00e3o Industrial, Jorge Guimar\u00e3es; os professores Cl\u00e1udia Sousa Leit\u00e3o (UFC) e Fernando Galembeck (Unicamp); e o superintendente do Servi\u00e7o Brasileiro de Apoio \u00e0s Micro e Pequenas Empresas no Distrito Federal (Sebrae-DF), Valdir Oliveira. A sess\u00e3o ser\u00e1 \u00e0s 16h, com\u00a0<span style=\"color: #800000;\"><a style=\"color: #800000;\" href=\"https:\/\/www.youtube.com\/canalsbpc\" target=\"_blank\" rel=\"noopener\">no canal da SBPC no YouTube<\/a><\/span>.<\/p>\n<p>Outro destaque do dia \u00e9 o lan\u00e7amento do livro\u00a0<em>A SBPC e a Constitui\u00e7\u00e3<\/em>o\u00a0<em>Brasileira,\u00a0<\/em>que acontecer\u00e1, \u00e0s 18h30, no Anfiteatro 12 do ICC. Organizado por Ildeu de Castro Moreira, Bruno de Andr\u00e9a Roma e \u00c1urea Gil, a obra re\u00fane depoimentos que narraram o papel da Sociedade Brasileira para o Progresso da Ci\u00eancia (SBPC) na mobiliza\u00e7\u00e3o popular para a constru\u00e7\u00e3o da Constitui\u00e7\u00e3o Federal de 1988. Ap\u00f3s a realiza\u00e7\u00e3o da 74\u00aa Reuni\u00e3o Anual da SBPC, a obra estar\u00e1 dispon\u00edvel gratuitamente no site da entidade.<\/p>\n<p>Confira a programa\u00e7\u00e3o completa no site oficial do evento: <span style=\"color: #800000;\"><a style=\"color: #800000;\" href=\"https:\/\/ra.sbpcnet.org.br\/74RA\/\" target=\"_blank\" rel=\"noopener\">https:\/\/ra.sbpcnet.org.br\/74RA\/<\/a><\/span>.<\/p>\n<p><a href=\"http:\/\/www.jornaldaciencia.org.br\/\"><em>Jornal da Ci\u00eancia<\/em><\/a><\/p>\n","protected":false},"excerpt":{"rendered":"Com 35 atividades ao longo do dia, presenciais e virtuais, agenda de&hellip;\n","protected":false},"author":19,"featured_media":2054,"comment_status":"open","ping_status":"open","sticky":false,"template":"","format":"standard","meta":[],"categories":[1,2],"tags":[],"acf":[],"_links":{"self":[{"href":"https:\/\/revistacienciaecultura.org.br\/index.php?rest_route=\/wp\/v2\/posts\/2905"}],"collection":[{"href":"https:\/\/revistacienciaecultura.org.br\/index.php?rest_route=\/wp\/v2\/posts"}],"about":[{"href":"https:\/\/revistacienciaecultura.org.br\/index.php?rest_route=\/wp\/v2\/types\/post"}],"author":[{"embeddable":true,"href":"https:\/\/revistacienciaecultura.org.br\/index.php?rest_route=\/wp\/v2\/users\/19"}],"replies":[{"embeddable":true,"href":"https:\/\/revistacienciaecultura.org.br\/index.php?rest_route=%2Fwp%2Fv2%2Fcomments&post=2905"}],"version-history":[{"count":1,"href":"https:\/\/revistacienciaecultura.org.br\/index.php?rest_route=\/wp\/v2\/posts\/2905\/revisions"}],"predecessor-version":[{"id":2906,"href":"https:\/\/revistacienciaecultura.org.br\/index.php?rest_route=\/wp\/v2\/posts\/2905\/revisions\/2906"}],"wp:featuredmedia":[{"embeddable":true,"href":"https:\/\/revistacienciaecultura.org.br\/index.php?rest_route=\/wp\/v2\/media\/2054"}],"wp:attachment":[{"href":"https:\/\/revistacienciaecultura.org.br\/index.php?rest_route=%2Fwp%2Fv2%2Fmedia&parent=2905"}],"wp:term":[{"taxonomy":"category","embeddable":true,"href":"https:\/\/revistacienciaecultura.org.br\/index.php?rest_route=%2Fwp%2Fv2%2Fcategories&post=2905"},{"taxonomy":"post_tag","embeddable":true,"href":"https:\/\/revistacienciaecultura.org.br\/index.php?rest_route=%2Fwp%2Fv2%2Ftags&post=2905"}],"curies":[{"name":"wp","href":"https:\/\/api.w.org\/{rel}","templated":true}]}}