{"id":2912,"date":"2022-07-27T11:19:18","date_gmt":"2022-07-27T11:19:18","guid":{"rendered":"https:\/\/revistacienciaecultura.org.br\/?p=2912"},"modified":"2022-07-27T11:19:18","modified_gmt":"2022-07-27T11:19:18","slug":"debates-sobre-pandemia-nanotecnologia-e-meio-ambiente-sao-destaques-da-programacao-desta-quarta-feira-na-74a-reuniao-anual-da-sbpc","status":"publish","type":"post","link":"https:\/\/revistacienciaecultura.org.br\/?p=2912","title":{"rendered":"Debates sobre pandemia, nanotecnologia e meio-ambiente s\u00e3o destaques da programa\u00e7\u00e3o desta quarta-feira na 74\u00aa Reuni\u00e3o Anual da SBPC"},"content":{"rendered":"<h4 id=\"reflexoes-sobre-o-bicentenario-de-fritz-muller-e-aprendizados-para-o-brasil-do-futuro-marcam-quarto-dia-de-atividades\"><span style=\"color: #808080;\">Reflex\u00f5es sobre o bicenten\u00e1rio de Fritz M\u00fcller e aprendizados para o Brasil do futuro marcam quarto dia de atividades<\/span><\/h4>\n<p>No quarto dia de programa\u00e7\u00e3o da 74\u00aa Reuni\u00e3o Anual da SBPC (27\/07), as mesas-redondas e confer\u00eancias cient\u00edficas trar\u00e3o olhares sobre diferentes aprendizados para a condu\u00e7\u00e3o do Brasil do futuro, envolvendo desde a preocupa\u00e7\u00e3o com sa\u00fade e educa\u00e7\u00e3o at\u00e9 a aplica\u00e7\u00e3o de novas tecnologias em prol do desenvolvimento do Pa\u00eds.<\/p>\n<p>A chegada da covid-19 ser\u00e1 um ponto forte de reflex\u00e3o nesta quarta-feira. Iniciando as atividades do dia, Pedro Rodrigues Curi Hallal, professor da Universidade Federal de Pelotas, apresenta a confer\u00eancia \u201cO Brasil est\u00e1 preparado para outra pandemia?\u201d, sobre o futuro da ci\u00eancia e tecnologia no Brasil ap\u00f3s o impacto do novo coronav\u00edrus. A sess\u00e3o acontecer\u00e1 \u00e0s 9h, no Anfiteatro 10 do Instituto Central de Ci\u00eancias da Universidade de Bras\u00edlia (ICC\/UnB) e contar\u00e1 com a apresenta\u00e7\u00e3o de Ana Tereza Ribeiro de Vasconcelos, pesquisadora do Laborat\u00f3rio Nacional de Computa\u00e7\u00e3o Cient\u00edfica e diretora da SBPC. O evento tamb\u00e9m ser\u00e1 transmitido online.<\/p>\n<p>Seguindo com as reflex\u00f5es do per\u00edodo pand\u00eamico, a mesa-redonda \u201cPandemia, direito \u00e0 educa\u00e7\u00e3o e desigualdade escolar: que Brasil \u00e9 poss\u00edvel projetar a partir de hoje?\u201d pretende debater os impactos do coronav\u00edrus na educa\u00e7\u00e3o, como o aumento da exclus\u00e3o escolar e o retrocesso nas pol\u00edticas p\u00fablicas de inclus\u00e3o. A mesa \u00e9 uma realiza\u00e7\u00e3o da Associa\u00e7\u00e3o Nacional de Pesquisa e P\u00f3s-gradua\u00e7\u00e3o em Educa\u00e7\u00e3o (ANPED) e contar\u00e1 com a presen\u00e7a da presidente da entidade, Geovana Mendon\u00e7a Lunardi Mendes, e dos professores Romualdo Portela de Oliveira, da Universidade de S\u00e3o Paulo, e Ronaldo Marcos de Lima Ara\u00fajo, da Universidade Federal do Par\u00e1. A atividade acontecer\u00e1 \u00e0s 13h no Anfiteatro 8 do ICC.<\/p>\n<h3 id=\"nanotecnologia-e-tema-de-programacao-especial\"><strong>Nanotecnologia \u00e9 tema de programa\u00e7\u00e3o especial<\/strong><\/h3>\n<p>No campo da inova\u00e7\u00e3o, a nanotecnologia ganhar\u00e1 uma s\u00e9rie de atividades especiais no dia. A programa\u00e7\u00e3o come\u00e7ar\u00e1 com a confer\u00eancia \u201cA nanotecnologia como um caminho sustent\u00e1vel para a agricultura brasileira\u201d, que abordar\u00e1 sobre a Krilltech, uma empresa de inova\u00e7\u00e3o agrotecnol\u00f3gica nascida de uma parceria entre a Universidade de Bras\u00edlia e a Embrapa. O evento come\u00e7ar\u00e1 \u00e0s 9h no Anfiteatro 8 do ICC e contar\u00e1 com a participa\u00e7\u00e3o dos professores Brenno Amaro da Silva Neto e Paulo Anselmo Ziani Suarez, ambos da UnB.<\/p>\n<p>J\u00e1 \u00e0s 10h acontecer\u00e1 a palestra \u201cO pequeno-grande mundo: como a nanotecnologia est\u00e1 mudando nossas vidas\u201d, com o professor Aldo Jos\u00e9 Gorgatti Zarbin, da Universidade Federal do Paran\u00e1. Na palestra ser\u00e3o abordados os principais conceitos envolvendo a nanoci\u00eancia e nanotecnologia, apresentando exemplos do nosso cotidiano. A a\u00e7\u00e3o ser\u00e1 no Audit\u00f3rio 02 da Unidade Acad\u00eamica (UAC), no campus Planaltina da UnB.<\/p>\n<p>Encerrando a programa\u00e7\u00e3o tem\u00e1tica haver\u00e1 a palestra \u201cNanoci\u00eancia e a cultura pop: dos filmes de super-her\u00f3i para os laborat\u00f3rios nas universidades\u201d, uma atividade do programa SBPC vai \u00e0 Escola que discute os avan\u00e7os da nanotecnologia utilizando a fic\u00e7\u00e3o cient\u00edfica. O evento ser\u00e1 apresentado pelo professor Victor Carlos Mello da Silva, da Universidade de Bras\u00edlia, e acontecer\u00e1 \u00e0s 14h no Audit\u00f3rio Augusto Boal, que tamb\u00e9m fica no campus Planaltina.<\/p>\n<h3 id=\"bicentenario-de-fritz-muller-e-reflexoes-ambientais-marcam-programacao\"><strong>Bicenten\u00e1rio de Fritz M\u00fcller e reflex\u00f5es ambientais marcam programa\u00e7\u00e3o<\/strong><\/h3>\n<p>As quest\u00f5es ambientais tamb\u00e9m ganhar\u00e3o for\u00e7a nesta quarta-feira (27\/07). Na confer\u00eancia \u201cQueimadas e inc\u00eandios na Amaz\u00f4nia: riscos, impactos e a\u00e7\u00f5es\u201d, a pesquisadora do Centro Nacional de Monitoramento de Alertas e Desastres Nacionais (CEMADEN),Liana Oighenstein Anderson, falar\u00e1 sobre a gest\u00e3o dos riscos e impactos das queimadas e dos inc\u00eandios florestais na regi\u00e3o amaz\u00f4nica, explorando tamb\u00e9m as mudan\u00e7as nas rela\u00e7\u00f5es entre a sociedade, o meio ambiente e o clima. O evento ser\u00e1 remoto, \u00e0s 9h, com a apresenta\u00e7\u00e3o de Andrei Domingues Cechin, da Universidade de Bras\u00edlia.<\/p>\n<p>\u00c0s 10h acontecer\u00e1 a palestra \u201cPor que as florestas s\u00e3o importantes?\u201d, tamb\u00e9m uma atividade do programa SBPC vai \u00e0 Escola, que busca trazer a compreens\u00e3o das florestas e a valoriza\u00e7\u00e3o da sua preserva\u00e7\u00e3o e restaura\u00e7\u00e3o. Quem comandar\u00e1 a palestra \u00e9 o diretor do Instituto Nacional da Mata Atl\u00e2ntica, Sergio Lucena Mendes. Ele ser\u00e1 no Audit\u00f3rio Augusto Boal, do campus Planaltina.<\/p>\n<p>Encerrando a tem\u00e1tica haver\u00e1 a mesa-redonda \u201cO bicenten\u00e1rio de Fritz M\u00fcller\u201d, que comemorar\u00e1 os 200 anos do naturalista que ajudou a provar as teorias de Charles Darwin. O debate ter\u00e1 a presen\u00e7a de Mario Steindel, da Universidade Federal de Santa Catarina; Luiz Roberto Fontes, do Instituto M\u00e9dico Legal de S\u00e3o Paulo; Lauro Eduardo Bacca, da Associa\u00e7\u00e3o Catarinense de Preserva\u00e7\u00e3o da Natureza; e Ildeu de Castro Moreira, da Universidade Federal do Rio de Janeiro. Ser\u00e1 \u00e0s 13h, no Anfiteatro 12 do ICC, com transmiss\u00e3o online.<\/p>\n<p>A programa\u00e7\u00e3o da 74\u00aa Reuni\u00e3o Anual da Sociedade Brasileira para o Progresso da Ci\u00eancia (SBPC) ocorrer\u00e1 at\u00e9 o dia 30 de julho, de forma h\u00edbrida. As inscri\u00e7\u00f5es s\u00e3o gratuitas e seguir\u00e3o at\u00e9 o fim do evento. Mais informa\u00e7\u00f5es no site oficial:\u00a0<span style=\"color: #800000;\"><a style=\"color: #800000;\" href=\"https:\/\/ra.sbpcnet.org.br\/74RA\/\" target=\"_blank\" rel=\"noopener\">https:\/\/ra.sbpcnet.org.br\/74RA\/<\/a>.<\/span><\/p>\n<p><span style=\"color: #800000;\"><a style=\"color: #800000;\" href=\"http:\/\/www.jornaldaciencia.org.br\/\"><em>Jornal da Ci\u00eancia<\/em><\/a><\/span><\/p>\n","protected":false},"excerpt":{"rendered":"Reflex\u00f5es sobre o bicenten\u00e1rio de Fritz M\u00fcller e aprendizados para o Brasil&hellip;\n","protected":false},"author":19,"featured_media":2913,"comment_status":"open","ping_status":"open","sticky":false,"template":"","format":"standard","meta":[],"categories":[1,2],"tags":[],"acf":[],"_links":{"self":[{"href":"https:\/\/revistacienciaecultura.org.br\/index.php?rest_route=\/wp\/v2\/posts\/2912"}],"collection":[{"href":"https:\/\/revistacienciaecultura.org.br\/index.php?rest_route=\/wp\/v2\/posts"}],"about":[{"href":"https:\/\/revistacienciaecultura.org.br\/index.php?rest_route=\/wp\/v2\/types\/post"}],"author":[{"embeddable":true,"href":"https:\/\/revistacienciaecultura.org.br\/index.php?rest_route=\/wp\/v2\/users\/19"}],"replies":[{"embeddable":true,"href":"https:\/\/revistacienciaecultura.org.br\/index.php?rest_route=%2Fwp%2Fv2%2Fcomments&post=2912"}],"version-history":[{"count":1,"href":"https:\/\/revistacienciaecultura.org.br\/index.php?rest_route=\/wp\/v2\/posts\/2912\/revisions"}],"predecessor-version":[{"id":2914,"href":"https:\/\/revistacienciaecultura.org.br\/index.php?rest_route=\/wp\/v2\/posts\/2912\/revisions\/2914"}],"wp:featuredmedia":[{"embeddable":true,"href":"https:\/\/revistacienciaecultura.org.br\/index.php?rest_route=\/wp\/v2\/media\/2913"}],"wp:attachment":[{"href":"https:\/\/revistacienciaecultura.org.br\/index.php?rest_route=%2Fwp%2Fv2%2Fmedia&parent=2912"}],"wp:term":[{"taxonomy":"category","embeddable":true,"href":"https:\/\/revistacienciaecultura.org.br\/index.php?rest_route=%2Fwp%2Fv2%2Fcategories&post=2912"},{"taxonomy":"post_tag","embeddable":true,"href":"https:\/\/revistacienciaecultura.org.br\/index.php?rest_route=%2Fwp%2Fv2%2Ftags&post=2912"}],"curies":[{"name":"wp","href":"https:\/\/api.w.org\/{rel}","templated":true}]}}