{"id":2915,"date":"2022-07-26T08:20:14","date_gmt":"2022-07-26T08:20:14","guid":{"rendered":"https:\/\/revistacienciaecultura.org.br\/?p=2915"},"modified":"2022-07-27T11:24:56","modified_gmt":"2022-07-27T11:24:56","slug":"programacao-intensa-no-segundo-dia-da-74a-ra","status":"publish","type":"post","link":"https:\/\/revistacienciaecultura.org.br\/?p=2915","title":{"rendered":"Programa\u00e7\u00e3o intensa no segundo dia da 74\u00aa RA"},"content":{"rendered":"<h4 id=\"meio-ambiente-educacao-e-lancamento-de-livros-estao-entre-os-topicos-da-programacao-do-evento-nesta-terca-feira-26-de-julho\"><span style=\"color: #808080;\">Meio ambiente, educa\u00e7\u00e3o e lan\u00e7amento de livros est\u00e3o entre os t\u00f3picos da programa\u00e7\u00e3o do evento nesta ter\u00e7a-feira, 26 de julho<\/span><\/h4>\n<p>No segundo dia, a programa\u00e7\u00e3o da 74\u00aa Reuni\u00e3o Anual da Sociedade Brasileira para o Progresso da Ci\u00eancia (SBPC) tem pain\u00e9is, mesas redondas e confer\u00eancias sobre meio ambiente, educa\u00e7\u00e3o, cultura e comunica\u00e7\u00e3o. Ser\u00e3o quase 50 eventos promovidos pela SBPC e sociedades afiliadas, distribu\u00eddos pelos quatro campi da Universidade de Bras\u00edlia (UnB) realizados em formato presencial, virtual e h\u00edbrido. Confira a seguir alguns t\u00f3picos.<\/p>\n<p>Meio ambiente e direitos dos povos ind\u00edgenas ser\u00e3o tema de dois eventos. Pela manh\u00e3, \u00e0s 9 horas, o vice-presidente da SBPC, o f\u00edsico Paulo Artaxo promove a confer\u00eancia \u201cMeio Ambiente e os Direitos dos Povos e Comunidades Tradicionais no Brasil\u201d. Apresentado pelo tamb\u00e9m f\u00edsico Ricardo Galv\u00e3o, ser\u00e1 \u00e0s 9hs no Anfiteatro 13 do ICC. O mesmo tema ser\u00e1 abordado \u00e0s 10 horas, pela professora Andr\u00e9a Lu\u00edza Zhouri Laschefski, dentro da programa\u00e7\u00e3o da SBPC Vai \u00e0 Escola que acontecer\u00e1 no Audit\u00f3rio da UAC no Campus Ceil\u00e2ndia. Ambos os eventos ser\u00e3o apenas presenciais.<\/p>\n<p>\u00c0s 16 horas, o diretor do Instituto Nacional da Mata Atl\u00e2ntica (INMA\/MCTI), Sergio Lucena Mendes, coordena o painel virtual \u201c30 Anos Ap\u00f3s a Rio-92\u201d. O debate contar\u00e1 com Jos\u00e9 Eli da Veiga, professor s\u00eanior do Instituto de Estudos Avan\u00e7ados da Universidade de S\u00e3o Paulo (IEA\/USP) e os ex-ministros do Meio Ambiente Carlos Minc e Izabela Teixeira, al\u00e9m do f\u00edsico Jos\u00e9 Goldenberg.<\/p>\n<p>Tamb\u00e9m dentro da programa\u00e7\u00e3o da SBPC Vai \u00e0 Escola, o presidente de honra da SBPC, Ildeu de Castro Moreira faz a palestra presencial intitulada \u201cIndepend\u00eancia rima com Ci\u00eancia?\u201d Ser\u00e1 \u00e0s 10 horas na Sala A1 43\/63 do Campus Ceil\u00e2ndia.<\/p>\n<p>No Anfiteatro 10 do ICC, o m\u00e9dico Paulo Saldiva profere \u00e0s 9 hs a confer\u00eancia \u201cDi\u00e1logos Entre Mundos Real e o Imagin\u00e1rio: da Mesa de Aut\u00f3psia \u00e0s Redes Sociais\u201d, que ser\u00e1 apresentado pelo bi\u00f3logo Hernandes Faustino de Carvalho.<\/p>\n<p>Na parte da tarde, Paulo Artaxo conduz a mesa-redonda \u201cGrandes Projetos de Coopera\u00e7\u00e3o Internacional da Ci\u00eancia Brasileira\u201d, com a presen\u00e7a do ex-presidente da Academia Brasileira de Ci\u00eancias, Luiz Davidovich, o geneticista Aldo Malavasi e o ex-ministro da Ci\u00eancia e Tecnologia, S\u00e9rgio Rezende. O debate est\u00e1 marcado para \u00e0s 13 horas no Anfiteatro 9 do ICC e ter\u00e1 transmiss\u00e3o online pelo canal da SBPC no Youtube.<\/p>\n<p>\u00c0s 16 horas, a professora em\u00e9rita da UnB e vice-presidente da SBPC, Fernanda Sobral, coordena um painel de discuss\u00f5es sobre Avalia\u00e7\u00e3o da P\u00f3s-Gradua\u00e7\u00e3o. No mesmo hor\u00e1rio, a antrop\u00f3loga Maria Filomena Gregori, coordenadora do Observat\u00f3rio Pesquisa Ci\u00eancia e Liberdade da SBPC conduz a apresenta\u00e7\u00e3o da pesquisa nacional \u201cA Liberdade Acad\u00eamica est\u00e1 em Risco no Brasil?\u201d. Ambos os eventos ser\u00e3o no formato virtual.<\/p>\n<p>Encerrando a programa\u00e7\u00e3o desta ter\u00e7a-feira, dois lan\u00e7amentos de livros acontecer\u00e3o no ICC. No Anfiteatro 9, Maria do Ros\u00e1rio Caetano, apresenta a obra \u201cUnB \u2013 Anos 70 \u2013 Mem\u00f3ria do Movimento Estudantil\u201d. No Anfiteatro 13 ser\u00e1 lan\u00e7ado o livro \u201cLendo Paulo Freire, conhecendo o Rio Capibaribe e Produzindo Conhecimentos\u201d, organizado por Maria do Carmo Figueredo Soares e Mar\u00edlia Gabriela de Menezes Guedes.<\/p>\n<p>A 74\u00aa Reuni\u00e3o Anual da SBPC vai at\u00e9 o dia 30 de julho. Com o tema \u201cCi\u00eancia, independ\u00eancia e soberania nacional\u201d, em alus\u00e3o ao ano que marca o bicenten\u00e1rio da Independ\u00eancia do Brasil, o evento acontecer\u00e1 de forma h\u00edbrida, com atividades virtuais e presenciais, nos quatro\u00a0campi\u00a0da Universidade de Bras\u00edlia: Darcy Ribeiro, Ceil\u00e2ndia, Gama e Planaltina.<\/p>\n<p>As inscri\u00e7\u00f5es, que seguem abertas, s\u00e3o gratuitas.<\/p>\n<p>Mais informa\u00e7\u00f5es sobre e a programa\u00e7\u00e3o completa est\u00e3o no site oficial:\u00a0<a href=\"https:\/\/ra.sbpcnet.org.br\/74RA\/\" target=\"_blank\" rel=\"noopener\"><span style=\"color: #800000;\">https:\/\/ra.sbpcnet.org.br\/74RA\/<\/span><\/a>.<\/p>\n<p><span style=\"color: #800000;\"><a style=\"color: #800000;\" href=\"http:\/\/www.jornaldaciencia.org.br\/\"><em>Jornal da Ci\u00eancia<\/em><\/a><\/span><\/p>\n","protected":false},"excerpt":{"rendered":"Meio ambiente, educa\u00e7\u00e3o e lan\u00e7amento de livros est\u00e3o entre os t\u00f3picos da&hellip;\n","protected":false},"author":19,"featured_media":2916,"comment_status":"open","ping_status":"open","sticky":false,"template":"","format":"standard","meta":[],"categories":[1,2],"tags":[],"acf":[],"_links":{"self":[{"href":"https:\/\/revistacienciaecultura.org.br\/index.php?rest_route=\/wp\/v2\/posts\/2915"}],"collection":[{"href":"https:\/\/revistacienciaecultura.org.br\/index.php?rest_route=\/wp\/v2\/posts"}],"about":[{"href":"https:\/\/revistacienciaecultura.org.br\/index.php?rest_route=\/wp\/v2\/types\/post"}],"author":[{"embeddable":true,"href":"https:\/\/revistacienciaecultura.org.br\/index.php?rest_route=\/wp\/v2\/users\/19"}],"replies":[{"embeddable":true,"href":"https:\/\/revistacienciaecultura.org.br\/index.php?rest_route=%2Fwp%2Fv2%2Fcomments&post=2915"}],"version-history":[{"count":1,"href":"https:\/\/revistacienciaecultura.org.br\/index.php?rest_route=\/wp\/v2\/posts\/2915\/revisions"}],"predecessor-version":[{"id":2917,"href":"https:\/\/revistacienciaecultura.org.br\/index.php?rest_route=\/wp\/v2\/posts\/2915\/revisions\/2917"}],"wp:featuredmedia":[{"embeddable":true,"href":"https:\/\/revistacienciaecultura.org.br\/index.php?rest_route=\/wp\/v2\/media\/2916"}],"wp:attachment":[{"href":"https:\/\/revistacienciaecultura.org.br\/index.php?rest_route=%2Fwp%2Fv2%2Fmedia&parent=2915"}],"wp:term":[{"taxonomy":"category","embeddable":true,"href":"https:\/\/revistacienciaecultura.org.br\/index.php?rest_route=%2Fwp%2Fv2%2Fcategories&post=2915"},{"taxonomy":"post_tag","embeddable":true,"href":"https:\/\/revistacienciaecultura.org.br\/index.php?rest_route=%2Fwp%2Fv2%2Ftags&post=2915"}],"curies":[{"name":"wp","href":"https:\/\/api.w.org\/{rel}","templated":true}]}}