{"id":2918,"date":"2022-07-28T11:04:52","date_gmt":"2022-07-28T11:04:52","guid":{"rendered":"https:\/\/revistacienciaecultura.org.br\/?p=2918"},"modified":"2022-07-28T11:04:52","modified_gmt":"2022-07-28T11:04:52","slug":"penultimo-dia-da-programacao-cientifica-da-74a-reuniao-anual-da-sbpc-tera-debates-sobre-educacao-saude-e-meio-ambiente","status":"publish","type":"post","link":"https:\/\/revistacienciaecultura.org.br\/?p=2918","title":{"rendered":"Pen\u00faltimo dia da programa\u00e7\u00e3o cient\u00edfica da 74\u00aa Reuni\u00e3o Anual da SBPC ter\u00e1 debates sobre educa\u00e7\u00e3o, sa\u00fade e meio ambiente"},"content":{"rendered":"<h4 id=\"com-41-atividades-ao-longo-do-dia-presenciais-e-virtuais-agenda-de-discussoes-comeca-as-9h-da-manha-e-vai-ate-as-21h\"><span style=\"color: #808080;\">Com 41 atividades ao longo do dia, presenciais e virtuais, agenda de discuss\u00f5es come\u00e7a \u00e0s 9h da manh\u00e3 e vai at\u00e9 \u00e0s 21h<\/span><\/h4>\n<p>Pen\u00faltimo dia de programa\u00e7\u00e3o cient\u00edfica, nesta quinta-feira, 28 de julho, a 74\u00aa Reuni\u00e3o Anual da Sociedade Brasileira para o Progresso da Ci\u00eancia (SBPC) contar\u00e1 com pain\u00e9is, mesas redondas e confer\u00eancias sobre meio ambiente, educa\u00e7\u00e3o e sa\u00fade. Ser\u00e3o 41 atividades promovidas pela SBPC e sociedades afiliadas, distribu\u00eddas pelos quatro<em>\u00a0campi<\/em>\u00a0da Universidade de Bras\u00edlia (UnB) e tamb\u00e9m online. Confira a seguir alguns temas que ser\u00e3o discutidos.<\/p>\n<p>Entre os destaques do dia, est\u00e1 a palestra confer\u00eancia\u00a0<strong>\u201cCompaix\u00e3o e ci\u00eancia: as ideias filos\u00f3ficas que permitiram combater a covid\u201d<\/strong>\u00a0proferida por Renato Janine Ribeiro, presidente da SBPC. A atividade, que ser\u00e1 realizada \u00e0s 9h no Anfiteatro 12 do ICC com transmiss\u00e3o pelo canal da SBPC no YouTube, ser\u00e1 apresentada por Helena Nader.<\/p>\n<p>No mesmo hor\u00e1rio, Julio Croda, professor associado da Faculdade de Medicina da Universidade Federal do Mato Grosso do Sul e Yale School of Public Health, ir\u00e1 apresentar a confer\u00eancia online\u00a0<strong>\u201cCovid-19: vacinas e novas variantes\u201d<\/strong>.\u00a0 Promovida pela Sociedade Brasileira de Pesquisa em Materiais (SBMAT), a atividade ser\u00e1 transmitida pelo YouTube da entidade.<\/p>\n<p>De forma presencial, Dalton Lopes Martins, professor da Universidade de Bras\u00edlia, ir\u00e1 proferir a confer\u00eancia\u00a0<strong>\u201cAcervos digitais e cole\u00e7\u00f5es universit\u00e1rias: ampliando o acesso e a difus\u00e3o de informa\u00e7\u00e3o cient\u00edfica para a sociedade\u201d<\/strong>, \u00e0s 9h, no Anfiteatro 08 do ICC. A atividade ser\u00e1 apresentada pela diretora da SBPC, Francilene Proc\u00f3pio Garcia.<\/p>\n<p>Entre os destaques de educa\u00e7\u00e3o est\u00e1 a mesa-redonda\u00a0<strong>\u201cRepensar nosso futuro juntos \u2013 um novo contrato social pela educa\u00e7\u00e3o?<\/strong>\u201d, que contar\u00e1 com a participa\u00e7\u00e3o dos ex-ministros da Educa\u00e7\u00e3o Cristovam Buarque, Aloizio Mercadante e Rossieli Soares. A atividade, ser\u00e1 realizada no anfiteatro 12 do ICC \u00e0s 13h, com transmiss\u00e3o pelo canal da\u00a0<a href=\"http:\/\/jcnoticias.jornaldaciencia.org.br\/2-penultimo-dia-da-programacao-cientifica-da-74a-reuniao-anual-da-sbpc-tera-debates-sobre-educacao-saude-e-meio-ambiente\/youtube.com\/canalsbpc\" target=\"_blank\" rel=\"noopener\"><span style=\"color: #800000;\">SBPC no YouTube<\/span><\/a>, com apresenta\u00e7\u00e3o do presidente da SBPC, Renato Janine Ribeiro.<\/p>\n<p>O dia oferece ainda debates sobre Meio Ambiente. \u00c0s 16h, Jos\u00e9 Antonio Aleixo da Silva, professor titular da Universidade Federal Rural de Pernambuco (UFRPE), coordena a mesa-redonda virtual\u00a0<strong>\u201cO C\u00f3digo Florestal 10 anos depois. Meio ambiente X agroneg\u00f3cio\u201d<\/strong>. A atividade contar\u00e1 com a participa\u00e7\u00e3o de Ricardo Ribeiro Rodrigues, professor titular da Escola Superior de Agricultura \u201cLuiz de Queiroz\u201d (Esalq), Mercedes Bustamante, professora da UnB, e Carlos Alfredo Joly, professor da Universidade Estadual de Campinas (Unicamp). A sess\u00e3o ser\u00e1 transmitida pelo canal da SBPC no Youtube.<\/p>\n<p>Tamb\u00e9m \u00e0s 16h, no anfiteatro 9, do ICC, Fernanda Sobral, vice-presidente da SBPC, coordena o debate\u00a0<strong>\u201cGeografia da fome: inseguran\u00e7a alimentar e aumento da fome na pandemia\u201d<\/strong>. A mesa-redonda contar\u00e1 com a participa\u00e7\u00e3o de Ana Maria Segall-Corr\u00eaa, professora associada (Livre Docente em 2008) aposentada da Universidade Estadual de Campinas (Unicamp), com vinculo de professora colaboradora no curso de P\u00f3s-gradua\u00e7\u00e3o da Funda\u00e7\u00e3o Oswaldo Cruz-Bras\u00edlia, Rubem Carlos Ara\u00fajo Guedes, professor titular da Universidade Federal de Pernambuco (UFPE), S\u00edlvio Crestana, professor convidado e orientador do Programa de P\u00f3s-gradua\u00e7\u00e3o em Ci\u00eancias da Engenharia Ambiental da Escola de Engenharia de S\u00e3o Carlos-USP e um dos fundadores da Embrapa Instrumenta\u00e7\u00e3o Agropecu\u00e1ria, e Nathalie Beghin, coordenadora da Assessoria do Instituto de Estudos Socioecon\u00f4micos (Inesc), em Bras\u00edlia.<\/p>\n<p>O dia ser\u00e1 encerrado com a\u00a0<span style=\"color: #800000;\"><a style=\"color: #800000;\" href=\"http:\/\/www.jornaldaciencia.org.br\/convocacao-assembleia-geral-ordinaria-dos-socios-da-sbpc-3\/\" target=\"_blank\" rel=\"noopener\"><strong>\u201cAssembleia Geral Ordin\u00e1ria dos S\u00f3cios da SBPC\u201d<\/strong><\/a>\u00a0<\/span>no anfiteatro 12 do ICC.<\/p>\n<p>Confira aqui todas as informa\u00e7\u00f5es sobre o evento:\u00a0<span style=\"color: #800000;\"><a style=\"color: #800000;\" href=\"https:\/\/ra.sbpcnet.org.br\/74RA\/\" target=\"_blank\" rel=\"noopener\">https:\/\/ra.sbpcnet.org.br\/74RA\/<\/a>.<\/span><\/p>\n<p><a href=\"http:\/\/www.jornaldaciencia.org.br\/\"><span style=\"color: #800000;\"><em>Jornal da Ci\u00eancia<\/em><\/span><\/a><\/p>\n","protected":false},"excerpt":{"rendered":"Com 41 atividades ao longo do dia, presenciais e virtuais, agenda de&hellip;\n","protected":false},"author":19,"featured_media":2919,"comment_status":"open","ping_status":"open","sticky":false,"template":"","format":"standard","meta":[],"categories":[1,2],"tags":[],"acf":[],"_links":{"self":[{"href":"https:\/\/revistacienciaecultura.org.br\/index.php?rest_route=\/wp\/v2\/posts\/2918"}],"collection":[{"href":"https:\/\/revistacienciaecultura.org.br\/index.php?rest_route=\/wp\/v2\/posts"}],"about":[{"href":"https:\/\/revistacienciaecultura.org.br\/index.php?rest_route=\/wp\/v2\/types\/post"}],"author":[{"embeddable":true,"href":"https:\/\/revistacienciaecultura.org.br\/index.php?rest_route=\/wp\/v2\/users\/19"}],"replies":[{"embeddable":true,"href":"https:\/\/revistacienciaecultura.org.br\/index.php?rest_route=%2Fwp%2Fv2%2Fcomments&post=2918"}],"version-history":[{"count":1,"href":"https:\/\/revistacienciaecultura.org.br\/index.php?rest_route=\/wp\/v2\/posts\/2918\/revisions"}],"predecessor-version":[{"id":2920,"href":"https:\/\/revistacienciaecultura.org.br\/index.php?rest_route=\/wp\/v2\/posts\/2918\/revisions\/2920"}],"wp:featuredmedia":[{"embeddable":true,"href":"https:\/\/revistacienciaecultura.org.br\/index.php?rest_route=\/wp\/v2\/media\/2919"}],"wp:attachment":[{"href":"https:\/\/revistacienciaecultura.org.br\/index.php?rest_route=%2Fwp%2Fv2%2Fmedia&parent=2918"}],"wp:term":[{"taxonomy":"category","embeddable":true,"href":"https:\/\/revistacienciaecultura.org.br\/index.php?rest_route=%2Fwp%2Fv2%2Fcategories&post=2918"},{"taxonomy":"post_tag","embeddable":true,"href":"https:\/\/revistacienciaecultura.org.br\/index.php?rest_route=%2Fwp%2Fv2%2Ftags&post=2918"}],"curies":[{"name":"wp","href":"https:\/\/api.w.org\/{rel}","templated":true}]}}