{"id":2921,"date":"2022-07-25T07:58:24","date_gmt":"2022-07-25T07:58:24","guid":{"rendered":"https:\/\/revistacienciaecultura.org.br\/?p=2921"},"modified":"2022-07-28T13:11:27","modified_gmt":"2022-07-28T13:11:27","slug":"divulgando-a-ciencia","status":"publish","type":"post","link":"https:\/\/revistacienciaecultura.org.br\/?p=2921","title":{"rendered":"Divulgando a ci\u00eancia"},"content":{"rendered":"<h4 id=\"saiba-mais-sobre-a-historia-da-ciencia-no-brasil-em-tres-videos\"><span style=\"color: #808080;\">Saiba mais sobre a hist\u00f3ria da ci\u00eancia no Brasil em tr\u00eas v\u00eddeos <\/span><\/h4>\n<p>&nbsp;<\/p>\n<p>Quando voc\u00ea usa seu celular, dirige seu carro, ou at\u00e9 mesmo quando remove o esmalte da unha, a ci\u00eancia est\u00e1 presente. E est\u00e1 presente tamb\u00e9m em quest\u00f5es mais complexas, como no desenvolvimento de vacinas e na preserva\u00e7\u00e3o do meio ambiente. Para que a popula\u00e7\u00e3o adquira conhecimento sobre ci\u00eancia e saiba o quanto ela est\u00e1 presente em seu entorno, a divulga\u00e7\u00e3o cient\u00edfica \u00e9 essencial.<\/p>\n<p>Essa edi\u00e7\u00e3o especial da <strong>Ci\u00eancia &amp; Cultura &#8211; 200 anos de ci\u00eancia e tecnologia no Brasil<\/strong> aborda temas importantes de dois s\u00e9culos de presen\u00e7a da ci\u00eancia no Brasil. Para cobrir um tema t\u00e3o amplo \u2013 e t\u00e3o importante \u2013 a cada cap\u00edtulo indicamos tr\u00eas v\u00eddeos para ajudar a conhecer melhor a ci\u00eancia brasileira. Confira:<\/p>\n<p>&nbsp;<\/p>\n<h3 id=\"\"><a href=\"https:\/\/youtu.be\/4bVLe6Vdl9k\"><strong><img loading=\"lazy\" class=\"aligncenter wp-image-2923\" src=\"https:\/\/revistacienciaecultura.org.br\/wp-content\/uploads\/2022\/07\/Captura-de-Tela-2022-07-28-a\u0300s-09.58.36-300x150.png\" alt=\"\" width=\"400\" height=\"200\" srcset=\"https:\/\/revistacienciaecultura.org.br\/wp-content\/uploads\/2022\/07\/Captura-de-Tela-2022-07-28-a\u0300s-09.58.36-300x150.png 300w, https:\/\/revistacienciaecultura.org.br\/wp-content\/uploads\/2022\/07\/Captura-de-Tela-2022-07-28-a\u0300s-09.58.36-768x384.png 768w, https:\/\/revistacienciaecultura.org.br\/wp-content\/uploads\/2022\/07\/Captura-de-Tela-2022-07-28-a\u0300s-09.58.36-18x9.png 18w, https:\/\/revistacienciaecultura.org.br\/wp-content\/uploads\/2022\/07\/Captura-de-Tela-2022-07-28-a\u0300s-09.58.36-800x400.png 800w, https:\/\/revistacienciaecultura.org.br\/wp-content\/uploads\/2022\/07\/Captura-de-Tela-2022-07-28-a\u0300s-09.58.36.png 885w\" sizes=\"(max-width: 400px) 100vw, 400px\" \/><\/strong><\/a><\/h3>\n<h3 id=\"eclipse-de-sobral\"><a href=\"https:\/\/youtu.be\/4bVLe6Vdl9k\"><strong>Eclipse de Sobral <\/strong><\/a><\/h3>\n<p><strong><em>(SBPC, 2019)<\/em><\/strong><\/p>\n<p>A anima\u00e7\u00e3o conta a hist\u00f3ria do eclipse solar observado em 29 de maio de 1919, na cidade de Sobral (CE), aqui no Brasil. As imagens captadas foram decisivas para comprovar a Teoria da Relatividade Geral de Albert Einstein. Foi gra\u00e7as ao sucesso desse experimento que o f\u00edsico alem\u00e3o ficou conhecido como um dos maiores g\u00eanios do s\u00e9culo XX.<\/p>\n<p><span style=\"color: #800000;\"><a style=\"color: #800000;\" href=\"https:\/\/youtu.be\/4bVLe6Vdl9k\">Assista ao v\u00eddeo aqui.<\/a><\/span><\/p>\n<p>&nbsp;<\/p>\n<h3 id=\"-2\"><a href=\"https:\/\/youtu.be\/vFaD-nbDANI\"><img loading=\"lazy\" class=\"aligncenter wp-image-2924\" src=\"https:\/\/revistacienciaecultura.org.br\/wp-content\/uploads\/2022\/07\/Captura-de-Tela-2022-07-28-a\u0300s-09.57.45-300x150.png\" alt=\"\" width=\"400\" height=\"200\" srcset=\"https:\/\/revistacienciaecultura.org.br\/wp-content\/uploads\/2022\/07\/Captura-de-Tela-2022-07-28-a\u0300s-09.57.45-300x150.png 300w, https:\/\/revistacienciaecultura.org.br\/wp-content\/uploads\/2022\/07\/Captura-de-Tela-2022-07-28-a\u0300s-09.57.45-768x384.png 768w, https:\/\/revistacienciaecultura.org.br\/wp-content\/uploads\/2022\/07\/Captura-de-Tela-2022-07-28-a\u0300s-09.57.45-18x9.png 18w, https:\/\/revistacienciaecultura.org.br\/wp-content\/uploads\/2022\/07\/Captura-de-Tela-2022-07-28-a\u0300s-09.57.45-800x400.png 800w, https:\/\/revistacienciaecultura.org.br\/wp-content\/uploads\/2022\/07\/Captura-de-Tela-2022-07-28-a\u0300s-09.57.45.png 883w\" sizes=\"(max-width: 400px) 100vw, 400px\" \/><\/a><\/h3>\n<h3 id=\"johanna-dobereiner\"><a href=\"https:\/\/youtu.be\/vFaD-nbDANI\"><strong>Johanna D\u00f6bereiner <\/strong><\/a><\/h3>\n<p><strong><em>(Ci\u00eancia gera Desenvolvimento, ABC, 2019)<\/em><\/strong><\/p>\n<p>O v\u00eddeo apresenta o trabalho de Johanna D\u00f6bereiner, c\u00e9lebre engenheira agr\u00f4noma que foi pioneira nos estudos do solo no Brasil. Suas pesquisas sobre bact\u00e9rias fixadoras de nitrog\u00eanio foram cruciais para que o Brasil se tornasse o segundo maior produtor de soja em \u00e2mbito mundial.<\/p>\n<p><span style=\"color: #800000;\"><a style=\"color: #800000;\" href=\"https:\/\/youtu.be\/vFaD-nbDANI\">Assista ao v\u00eddeo aqui.<\/a><\/span><\/p>\n<p>&nbsp;<\/p>\n<h3 id=\"-3\"><a href=\"https:\/\/youtu.be\/FZGg13bQH0c\"><img loading=\"lazy\" class=\"aligncenter wp-image-2925\" src=\"https:\/\/revistacienciaecultura.org.br\/wp-content\/uploads\/2022\/07\/Captura-de-Tela-2022-07-28-a\u0300s-09.56.31-300x201.png\" alt=\"\" width=\"400\" height=\"268\" srcset=\"https:\/\/revistacienciaecultura.org.br\/wp-content\/uploads\/2022\/07\/Captura-de-Tela-2022-07-28-a\u0300s-09.56.31-300x201.png 300w, https:\/\/revistacienciaecultura.org.br\/wp-content\/uploads\/2022\/07\/Captura-de-Tela-2022-07-28-a\u0300s-09.56.31-18x12.png 18w, https:\/\/revistacienciaecultura.org.br\/wp-content\/uploads\/2022\/07\/Captura-de-Tela-2022-07-28-a\u0300s-09.56.31.png 663w\" sizes=\"(max-width: 400px) 100vw, 400px\" \/><\/a><\/h3>\n<h3 id=\"cesar-lattes\"><a href=\"https:\/\/youtu.be\/FZGg13bQH0c\"><strong>Cesar Lattes <\/strong><\/a><\/h3>\n<p><strong><em>(Um cientista, uma hist\u00f3ria. FRM\/SESI, 2015) <\/em><\/strong><\/p>\n<p>O v\u00eddeo conta a hist\u00f3ria do f\u00edsico brasileiro Cesar Lattes, um dos descobridores da part\u00edcula subat\u00f4mica m\u00e9son pi. Lattes foi um dos mais ilustres f\u00edsicos do Brasil e seu trabalho foi fundamental para o desenvolvimento da f\u00edsica at\u00f4mica no pa\u00eds.<\/p>\n<p><span style=\"color: #800000;\"><a style=\"color: #800000;\" href=\"https:\/\/youtu.be\/FZGg13bQH0c\">Assista ao v\u00eddeo aqui.<\/a><\/span><\/p>\n<p>&nbsp;<\/p>\n","protected":false},"excerpt":{"rendered":"Saiba mais sobre a hist\u00f3ria da ci\u00eancia no Brasil em tr\u00eas v\u00eddeos&hellip;\n","protected":false},"author":11,"featured_media":2929,"comment_status":"open","ping_status":"open","sticky":false,"template":"","format":"standard","meta":[],"categories":[51],"tags":[],"acf":[],"_links":{"self":[{"href":"https:\/\/revistacienciaecultura.org.br\/index.php?rest_route=\/wp\/v2\/posts\/2921"}],"collection":[{"href":"https:\/\/revistacienciaecultura.org.br\/index.php?rest_route=\/wp\/v2\/posts"}],"about":[{"href":"https:\/\/revistacienciaecultura.org.br\/index.php?rest_route=\/wp\/v2\/types\/post"}],"author":[{"embeddable":true,"href":"https:\/\/revistacienciaecultura.org.br\/index.php?rest_route=\/wp\/v2\/users\/11"}],"replies":[{"embeddable":true,"href":"https:\/\/revistacienciaecultura.org.br\/index.php?rest_route=%2Fwp%2Fv2%2Fcomments&post=2921"}],"version-history":[{"count":2,"href":"https:\/\/revistacienciaecultura.org.br\/index.php?rest_route=\/wp\/v2\/posts\/2921\/revisions"}],"predecessor-version":[{"id":2927,"href":"https:\/\/revistacienciaecultura.org.br\/index.php?rest_route=\/wp\/v2\/posts\/2921\/revisions\/2927"}],"wp:featuredmedia":[{"embeddable":true,"href":"https:\/\/revistacienciaecultura.org.br\/index.php?rest_route=\/wp\/v2\/media\/2929"}],"wp:attachment":[{"href":"https:\/\/revistacienciaecultura.org.br\/index.php?rest_route=%2Fwp%2Fv2%2Fmedia&parent=2921"}],"wp:term":[{"taxonomy":"category","embeddable":true,"href":"https:\/\/revistacienciaecultura.org.br\/index.php?rest_route=%2Fwp%2Fv2%2Fcategories&post=2921"},{"taxonomy":"post_tag","embeddable":true,"href":"https:\/\/revistacienciaecultura.org.br\/index.php?rest_route=%2Fwp%2Fv2%2Ftags&post=2921"}],"curies":[{"name":"wp","href":"https:\/\/api.w.org\/{rel}","templated":true}]}}