{"id":2930,"date":"2022-07-29T11:07:15","date_gmt":"2022-07-29T11:07:15","guid":{"rendered":"https:\/\/revistacienciaecultura.org.br\/?p=2930"},"modified":"2022-07-29T11:07:15","modified_gmt":"2022-07-29T11:07:15","slug":"programacao-cientifica-se-encerra-nesta-sexta-feira-com-debates-sobre-saude-meio-ambiente-independencia-e-eleicoes","status":"publish","type":"post","link":"https:\/\/revistacienciaecultura.org.br\/?p=2930","title":{"rendered":"Programa\u00e7\u00e3o cient\u00edfica se encerra nesta sexta-feira com debates sobre sa\u00fade, meio ambiente, independ\u00eancia e elei\u00e7\u00f5es"},"content":{"rendered":"<h4 id=\"no-sabado-30-a-74a-reuniao-anual-da-sbpc-realiza-o-dia-da-familia-na-ciencia-fechando-a-semana-do-maior-evento-cientifico-da-america-latina-com-dezenas-de-atracoes-interativas-e-gratuitas-para-toda\"><span style=\"color: #808080;\">No s\u00e1bado, 30, a 74\u00aa Reuni\u00e3o Anual da SBPC realiza o Dia da Fam\u00edlia na Ci\u00eancia, fechando a semana do maior evento cient\u00edfico da Am\u00e9rica Latina com dezenas de atra\u00e7\u00f5es interativas e gratuitas para todas as idades<\/span><\/h4>\n<p>Ap\u00f3s cinco dias plenos de pain\u00e9is, mesas redondas e confer\u00eancias, a programa\u00e7\u00e3o cient\u00edfica da 74\u00aa Reuni\u00e3o Anual da SBPC se encerra nesta sexta-feira (29) com debates sobre sa\u00fade, meio-ambiente, independ\u00eancia elei\u00e7\u00f5es. As atividades foram realizadas em formato presencial, virtual e h\u00edbrido na Universidade de Bras\u00edlia (UnB). Mas ainda n\u00e3o ser\u00e1 \u00faltimo dia de evento. No s\u00e1bado, a SBPC realiza o Dia da Fam\u00edlia na Ci\u00eancia, fechando a semana do maior evento cient\u00edfico da Am\u00e9rica Latina com dezenas de atra\u00e7\u00f5es interativas e gratuitas para todas as idades.<\/p>\n<p>O dia come\u00e7a com a discuss\u00e3o sobre a resposta brasileira \u00e0 pandemia de covid-19, a partir da interse\u00e7\u00e3o entre direito internacional penal e sa\u00fade p\u00fablica na confer\u00eancia \u201cA Pandemia e os Crimes contra a Humanidade\u201d. A atividade ser\u00e1 promovida por Deisy Ventura (Universidade de S\u00e3o Paulo \u2013 USP), \u00e0s 9h, virtualmente, com transmiss\u00e3o\u00a0<span style=\"color: #800000;\"><a style=\"color: #800000;\" href=\"https:\/\/www.youtube.com\/c\/ABRIOficial\" target=\"_blank\" rel=\"noopener\">pelo canal do YouTube da Associa\u00e7\u00e3o Brasileira de Rela\u00e7\u00f5es Internacionais (ABRI)<\/a>.<\/span><\/p>\n<p>No mesmo hor\u00e1rio, o Bicenten\u00e1rio da Independ\u00eancia ser\u00e1 discutido na confer\u00eancia \u201cA Batalha do Jenipapo e a Consolida\u00e7\u00e3o da Independ\u00eancia do Brasil no Piau\u00ed\u201d, ministrada por Johny Santana de Ara\u00fajo (Universidade Federal do Piau\u00ed \u2013 UFPI), e apresentada pelo presidente de honra da SBPC, Ildeu de Castro Moreira (Universidade Federal do Rio de Janeiro \u2013 UFRJ). A confer\u00eancia acontece no Anfiteatro 12 do ICC e ter\u00e1 transmiss\u00e3o ao vivo no\u00a0<span style=\"color: #800000;\"><a style=\"color: #800000;\" href=\"http:\/\/jcnoticias.jornaldaciencia.org.br\/2-programacao-cientifica-se-encerra-nesta-sexta-feira-com-debates-sobre-saude-meio-ambiente-independencia-e-eleicoes\/yotube.com\/canalSBPC\" target=\"_blank\" rel=\"noopener\">canal da SBPC no YouTube<\/a>.<\/span><\/p>\n<p>A independ\u00eancia volta a ser discutida no per\u00edodo da tarde durante o painel \u201cIndepend\u00eancia e Modernidade no Brasil: Leituras, Olhares e Perspectivas a Partir a Amaz\u00f4nia\u201d, que ser\u00e1 realizado \u00e0s 16h em formato virtual. O painel ter\u00e1 a participa\u00e7\u00e3o de Sidney Lobato (Universidade Federal do Amap\u00e1 \u2013 UNIFAP), Jos\u00e9 Maia Bezerra Neto (Instituto Hist\u00f3rico e Geogr\u00e1fico do Par\u00e1 \u2013 IHGP), Maria de Nazar\u00e9 dos Santos Sarges (Universidade Federal do Par\u00e1 \u2013 UFPA), e Danielle Figuer\u00eado Moura (Escola de Aplica\u00e7\u00e3o da UFPA).<\/p>\n<p>Os desafios na d\u00e9cada dos oceanos e o papel da ci\u00eancia e da tecnologia, ser\u00e1 tema da confer\u00eancia apresentada por Glauco Kimura de Freita, do Conselho Executivo da Organiza\u00e7\u00e3o das Na\u00e7\u00f5es Unidas para Educa\u00e7\u00e3o, Ci\u00eancia e Cultura \u2013 Unesco. A confer\u00eancia, que ter\u00e1 apresenta\u00e7\u00e3o do vice-presidente da SBPC Paulo Artaxo (USP), ser\u00e1 realizada \u00e0s 9h, no Anfiteatro 10 e ter\u00e1 transmiss\u00e3o\u00a0<span style=\"color: #800000;\"><a style=\"color: #800000;\" href=\"http:\/\/jcnoticias.jornaldaciencia.org.br\/2-programacao-cientifica-se-encerra-nesta-sexta-feira-com-debates-sobre-saude-meio-ambiente-independencia-e-eleicoes\/youtube.com\/canalsbpc\" target=\"_blank\" rel=\"noopener\">ao vivo pelo canal da SBC no YouTube<\/a><\/span>.<\/p>\n<p>O meio ambiente volta a ser debatido \u00e0s 13h, na mesa-redonda \u201cMudan\u00e7as Clim\u00e1ticas: Impactos, Adapta\u00e7\u00e3o e Vulnerabilidades do Brasil\u201d, que contar\u00e1 com a participa\u00e7\u00e3o de Ricardo Galv\u00e3o (USP), Jean Pierre Henry Balbaud Ometto (Instituto Nacional de Pesquisas Espaciais \u2013 INPE), Maria Silvia Muylaerte de Ara\u00fajo (UFRJ), e Maria Fernanda Lemos (Pontif\u00edcia Universidade Cat\u00f3lica do Rio de Janeiro \u2013 PUC-Rio). A atividade acontece no Anfiteatro 12 do ICC, com transmiss\u00e3o ao vivo, tamb\u00e9m pelo canal da SBPC.<\/p>\n<p>A educa\u00e7\u00e3o ser\u00e1 tema de v\u00e1rias discuss\u00f5es neste \u00faltimo dia da RA. \u00c0s 9h, Wilson Henrique Veneziano (Universidade de Bras\u00edlia \u2013 UnB) fala sobre softwares educacionais gratuitos de apoio ao ensino de deficientes intelectuais e autistas em confer\u00eancia que acontece no Anfiteatro 8.<\/p>\n<p>O papel da inova\u00e7\u00e3o nas universidades brasileiras ser\u00e1 discutido em mesa-redonda com a participa\u00e7\u00e3o de Sanderson C\u00e9sar Mac\u00eado Barbalho (UnB), Jorge Luis Nicolas Audy (Pontif\u00edcia Universidade Cat\u00f3lica do Rio Grande do Sul \u2013 PUC-RS), Vanderlei Salvador Bagnato (USP), Carla Ten Caten (Universidade Federal do Rio Grande do Sul \u2013 UFRS). A atividade acontece \u00e0s 16, no Anfiteatro 17, e ter\u00e1 transmiss\u00e3o ao vivo.<\/p>\n<p>No mesmo hor\u00e1rio, ser\u00e1 realizado o painel online \u201cA Responsabilidade Cultural da Universidade\u201d. O painel ter\u00e1 a participa\u00e7\u00e3o do presidente da SBPC, Renato Janine Ribeiro (USP), F\u00e1tima Vieira (Universidade do Porto), Martin Grossmann (USP), e Guilherme d\u2019Oliveira Martins (Funda\u00e7\u00e3o Calouste Gulbenkian).<\/p>\n<p>A quest\u00e3o ind\u00edgena n\u00e3o ficar\u00e1 de fora do debate. \u00c0s 13h, a mesa-redonda \u201cPol\u00edtica Indigenista Brasileira \u2013 Avan\u00e7os e Retrocessos\u201d re\u00fane Jo\u00e3o Mitia Antunha (Funda\u00e7\u00e3o Nacional do \u00cdndio \u2013 Funai), Henyo Trindade Barreto Filho (UnB), e Cristiane Juli\u00e3o Pankarar\u00fa (Articula\u00e7\u00e3o Nacional das Mulheres Ind\u00edgenas Guerreiras da Ancestralidade \u2013 ANMIGA) discutem a situa\u00e7\u00e3o atual das pol\u00edticas p\u00fablicas para os povos origin\u00e1rios no Brasil. A atividade acontece \u00e0s 13h, no Anfiteatro 9, e ter\u00e1 transmiss\u00e3o ao vivo. Mais tarde, \u00e0s 16h horas, o painel virtual \u201cAntropologias Contra-Hegem\u00f4nicas e Povos Ind\u00edgenas\u201d discutir\u00e1 a soberania nacional e as pol\u00edticas de Estado em diferentes contextos nacionais latino-americanos, pensando a unidade e diversidade humana em situa\u00e7\u00f5es de intensa transforma\u00e7\u00e3o social, especialmente frente aos integrantes de outros povos e comunidades. Participam da discuss\u00e3o Cristian Te\u00f3filo da Silva (UnB), Estev\u00e3o Rafael Fernandes (Funda\u00e7\u00e3o Universidade Federal de Rond\u00f4nia \u2013 UNIR), Martin H\u00e9bert (Universit\u00e9 Laval), H\u00e9ctor Torres Cuevas (Universidad del B\u00edo-B\u00edo), e Rosani Moreira Leit\u00e3o (Universidade Federal de Goi\u00e1s \u2013 UFG).<\/p>\n<p>O sistema informatizado de voto no Brasil, com a utiliza\u00e7\u00e3o da urna eletr\u00f4nica, tem sido alvo de cr\u00edticas, fake news e desinforma\u00e7\u00e3o ao logo do tempo. O tema ser\u00e1 discutido na mesa-redonda \u201cHist\u00f3ria das Urnas Eletr\u00f4nicas no Brasil\u201d, com a participa\u00e7\u00e3o de\u00a0<strong>C\u00e9lio Castro Wermelinger (<\/strong>Tribunal Superior Eleitoral \u2013 TSE),\u00a0<strong>Avelino Francisco Zorzo (<\/strong>Pontif\u00edcia Universidade Cat\u00f3lica do Rio Grande do Sul \u2013 PUC-RS), e\u00a0<strong>Fernanda Soares<\/strong>\u00a0(Sindicato Nacional dos Servidores P\u00fablicos Federais na \u00c1rea de C&amp;T do setor Aeroespacial \u2013 SINDCT), e acontecer\u00e1 no Anfiteatro 10, com transmiss\u00e3o ao vivo.<\/p>\n<p>A urna eletr\u00f4nica tamb\u00e9m \u00e9 tema do lan\u00e7amento do livro \u201cTudo o que voc\u00ea sempre quis saber sobre a urna eletr\u00f4nica brasileira\u201d, de Fernanda Soares (SINDCT), \u00e0s 15h30, no Anfiteatro 10.<\/p>\n<p>O dia termina com a sess\u00e3o de encerramento, que ser\u00e1 realizada \u00e0s 19h no Anfiteatro 12.<\/p>\n<p>Confira a programa\u00e7\u00e3o completa no site oficial do evento:<\/p>\n<p><span style=\"color: #800000;\"><a style=\"color: #800000;\" href=\"https:\/\/ra.sbpcnet.org.br\/74RA\/\" target=\"_blank\" rel=\"noopener\">https:\/\/ra.sbpcnet.org.br\/74RA\/<\/a>.<\/span><\/p>\n<p><em>\u00a0<\/em><\/p>\n<p><span style=\"color: #800000;\"><a style=\"color: #800000;\" href=\"http:\/\/www.jornaldaciencia.org.br\/\"><em>Jornal da Ci\u00eancia<\/em><\/a><\/span><\/p>\n","protected":false},"excerpt":{"rendered":"No s\u00e1bado, 30, a 74\u00aa Reuni\u00e3o Anual da SBPC realiza o Dia&hellip;\n","protected":false},"author":19,"featured_media":2931,"comment_status":"open","ping_status":"open","sticky":false,"template":"","format":"standard","meta":[],"categories":[1,2],"tags":[],"acf":[],"_links":{"self":[{"href":"https:\/\/revistacienciaecultura.org.br\/index.php?rest_route=\/wp\/v2\/posts\/2930"}],"collection":[{"href":"https:\/\/revistacienciaecultura.org.br\/index.php?rest_route=\/wp\/v2\/posts"}],"about":[{"href":"https:\/\/revistacienciaecultura.org.br\/index.php?rest_route=\/wp\/v2\/types\/post"}],"author":[{"embeddable":true,"href":"https:\/\/revistacienciaecultura.org.br\/index.php?rest_route=\/wp\/v2\/users\/19"}],"replies":[{"embeddable":true,"href":"https:\/\/revistacienciaecultura.org.br\/index.php?rest_route=%2Fwp%2Fv2%2Fcomments&post=2930"}],"version-history":[{"count":1,"href":"https:\/\/revistacienciaecultura.org.br\/index.php?rest_route=\/wp\/v2\/posts\/2930\/revisions"}],"predecessor-version":[{"id":2932,"href":"https:\/\/revistacienciaecultura.org.br\/index.php?rest_route=\/wp\/v2\/posts\/2930\/revisions\/2932"}],"wp:featuredmedia":[{"embeddable":true,"href":"https:\/\/revistacienciaecultura.org.br\/index.php?rest_route=\/wp\/v2\/media\/2931"}],"wp:attachment":[{"href":"https:\/\/revistacienciaecultura.org.br\/index.php?rest_route=%2Fwp%2Fv2%2Fmedia&parent=2930"}],"wp:term":[{"taxonomy":"category","embeddable":true,"href":"https:\/\/revistacienciaecultura.org.br\/index.php?rest_route=%2Fwp%2Fv2%2Fcategories&post=2930"},{"taxonomy":"post_tag","embeddable":true,"href":"https:\/\/revistacienciaecultura.org.br\/index.php?rest_route=%2Fwp%2Fv2%2Ftags&post=2930"}],"curies":[{"name":"wp","href":"https:\/\/api.w.org\/{rel}","templated":true}]}}