{"id":2933,"date":"2022-08-02T10:26:52","date_gmt":"2022-08-02T10:26:52","guid":{"rendered":"https:\/\/revistacienciaecultura.org.br\/?p=2933"},"modified":"2022-08-02T10:26:52","modified_gmt":"2022-08-02T10:26:52","slug":"74a-reuniao-anual-da-sbpc-se-encerra-com-participacao-de-mais-de-40-mil-pessoas","status":"publish","type":"post","link":"https:\/\/revistacienciaecultura.org.br\/?p=2933","title":{"rendered":"74\u00aa Reuni\u00e3o Anual da SBPC se encerra com participa\u00e7\u00e3o de mais de 40 mil pessoas"},"content":{"rendered":"<h3 id=\"com-programacao-online-e-presencial-na-universidade-de-brasilia-maior-evento-cientifico-da-america-latina-trouxe-importantes-debates-para-o-brasil-do-futuro-edicao-de-2023-sera-em-curitiba\"><span style=\"color: #808080;\">Com programa\u00e7\u00e3o online e presencial, na Universidade de Bras\u00edlia, maior evento cient\u00edfico da Am\u00e9rica Latina trouxe importantes debates para o Brasil do futuro. Edi\u00e7\u00e3o de 2023 ser\u00e1 em Curitiba<strong>\u00a0<\/strong><\/span><\/h3>\n<p>Ap\u00f3s uma semana de debates, confer\u00eancias, pain\u00e9is, mesas-redondas e demais atividades de divulga\u00e7\u00e3o cient\u00edfica, a 74\u00aa Reuni\u00e3o Anual da SBPC chegou ao fim atingindo o seu principal objetivo: debater o futuro do Pa\u00eds junto \u00e0 sociedade, valorizando o conhecimento rigoroso e a promo\u00e7\u00e3o da Ci\u00eancia e da Educa\u00e7\u00e3o, como destacou o presidente da entidade, Renato Janine Ribeiro, durante a cerimonial oficial de encerramento, na \u00faltima sexta-feira (29\/07).<\/p>\n<p>A estimativa \u00e9 que mais de oito mil pessoas passaram pelos\u00a0<em>campi\u00a0<\/em>da Universidade de Bras\u00edlia (UnB). J\u00e1 a participa\u00e7\u00e3o online chegou a mais de\u00a035 mil pessoas, que acompanharam a programa\u00e7\u00e3o pelos canais da SBPC e da UnBTV.<\/p>\n<p>\u201cToda a concep\u00e7\u00e3o dessa Reuni\u00e3o Anual foi pensando no futuro do Pa\u00eds, no resgate da ci\u00eancia\u201d, refor\u00e7ou Janine Ribeiro. \u201cPa\u00eds esse que est\u00e1 t\u00e3o sofrido e que tem passado por situa\u00e7\u00f5es dif\u00edceis. Quero lembrar os desafios dos pr\u00f3ximos tempos, como mudan\u00e7a de economia, reforma tribut\u00e1ria, necessidade de suprir as car\u00eancias que foram criadas na Educa\u00e7\u00e3o e na Sa\u00fade, a preserva\u00e7\u00e3o do meio ambiente, inclus\u00e3o social, al\u00e9m da reativa\u00e7\u00e3o de in\u00fameros programas que o Brasil criou e que foram cortados sob o pretexto de falta de dinheiro.\u201d<\/p>\n<p>Segundo Janine Ribeiro, o objetivo das Reuni\u00f5es Anuais sempre \u00e9 conversar com a sociedade sobre a ci\u00eancia. \u201cCada um de n\u00f3s pode ser um cientista ilustre em nossas \u00e1reas, mas leigo em outras. Podemos ter uma cultura aprofundada na nossa ci\u00eancia, mas muita coisa \u00e9 ignorada. Somos leigos como qualquer cidad\u00e3o. Da\u00ed a import\u00e2ncia da realiza\u00e7\u00e3o de um evento como a Reuni\u00e3o Anual, que promove a difus\u00e3o de v\u00e1rios tipos de conhecimentos, al\u00e9m de discuss\u00f5es necess\u00e1rias sobre a pol\u00edtica cient\u00edfica brasileira.\u201d<\/p>\n<p>M\u00e1rcia Abrah\u00e3o Moura, reitora da UnB, comemorou o sucesso do evento. \u201cFoi muito importante para a UnB ter organizado essa Reuni\u00e3o da SBPC nesse ano de 2022, quando comemoramos nossos 60 anos de funda\u00e7\u00e3o. E fico muito feliz tamb\u00e9m de ter conseguido sediar o retorno desse evento na forma presencial. N\u00f3s somos de lutas, mas somos tamb\u00e9m muito acolhedores\u201d, afirma.<\/p>\n<p>Para a decana de Pesquisa e Inova\u00e7\u00e3o da UnB e coordenadora da 74\u00aa Reuni\u00e3o Anual, Maria Em\u00edlia Walters, a hist\u00f3ria da entidade se mistura com a do evento, j\u00e1 que ambos, desde a cria\u00e7\u00e3o, s\u00e3o marcados pela luta da Ci\u00eancia, Tecnologia e Inova\u00e7\u00e3o, e pela inclus\u00e3o, principalmente no per\u00edodo da ditadura militar.<\/p>\n<p>Walters tamb\u00e9m ressaltou a for\u00e7a de uma Reuni\u00e3o Anual em um ano de elei\u00e7\u00f5es: \u201cO per\u00edodo de elei\u00e7\u00f5es \u00e9 um per\u00edodo para debatermos o Pa\u00eds, e ambos os candidatos que participaram, Lula e Ciro Gomes, colocaram a Ci\u00eancia como eixo do Brasil. Legados foram deixados nessa Reuni\u00e3o Anual.\u201d<\/p>\n<h3 id=\"a-reuniao-anual-em-numeros\"><strong>A Reuni\u00e3o Anual em n\u00fameros<\/strong><\/h3>\n<p>Presencialmente, a 74\u00aa Reuni\u00e3o Anual da SBPC contou com 26 confer\u00eancias, 53 mesas-redondas, um encontro, 8 sess\u00f5es especiais, uma assembleia, uma roda de conversa, um painel, cinco exposi\u00e7\u00f5es e quatro lan\u00e7amentos de livros. De maneira experimental, o evento ainda recebeu 25 atividades do programa SBPC vai \u00e0 Escola.<\/p>\n<p>J\u00e1 a programa\u00e7\u00e3o virtual somou 109 atividades realizadas, sendo 15 confer\u00eancias, 26 mesas-redondas, 52 pain\u00e9is, uma reuni\u00e3o, 14 minicursos, al\u00e9m das sess\u00f5es de p\u00f4steres.<\/p>\n<p>Os v\u00eddeo-p\u00f4steres, que fizeram parte da Sess\u00e3o de P\u00f4steres, tiveram mais de 4,1 mil visualiza\u00e7\u00f5es ao longo da semana.\u00a0A atividade contou com 221 trabalhos programados, distribu\u00eddos por \u00e1reas do conhecimento. As apresenta\u00e7\u00f5es trazem resultados de pesquisas, sendo 86 trabalhos encaminhados por estudantes (ensino b\u00e1sico, profissionalizante, gradua\u00e7\u00e3o ou p\u00f3s-gradua\u00e7\u00e3o), professores (ensino b\u00e1sico, profissionalizante ou superior), pesquisadores e profissionais, e 135 de estudantes indicados pelas 18 institui\u00e7\u00f5es participantes da Jornada Nacional de Inicia\u00e7\u00e3o Cient\u00edfica (JNIC).<\/p>\n<p>Foram mais de 12 mil pessoas inscritas, e s\u00f3 no canal da SBPC no YouTube, at\u00e9 o dia 29 de julho, mais de 100 mil pessoas foram alcan\u00e7adas. Segundo a secret\u00e1ria-geral da SBPC, Claudia Linhares Sales, a repercuss\u00e3o nas redes sociais durante a semana tamb\u00e9m foi expressiva, com mais de 40 mil contas alcan\u00e7adas s\u00f3 nas postagens dos perfis da entidade.<\/p>\n<p>J\u00e1 a UnBTV, que realizou a cobertura com a SBPC, registrou 35.600 visualiza\u00e7\u00f5es durante a 74\u00aa Reuni\u00e3o Anual. Seis dos 10 v\u00eddeos mais vistos da semana foram transmiss\u00f5es da SBPC, sendo a transmiss\u00e3o da abertura da 74\u00aa Reuni\u00e3o da SBPC o mais visto do m\u00eas, com 3.910 visualiza\u00e7\u00f5es, 402 curtidas e 52 novos inscritos. O canal contou com 598 novos inscritos.<\/p>\n<p>De acordo com a professora do Instituto de Geoci\u00eancias da Universidade de Bras\u00edlia (UnB) e coordenadora geral do Comit\u00ea de Infraestrutura da SBPC Jovem, Julia Curto Ma, a programa\u00e7\u00e3o destinada aos adolescentes contou com 21 estandes, sendo tr\u00eas m\u00f3veis. \u201cFoi um desafio, um aprendizado, mas sobretudo foi gratificante ver o brilho de crian\u00e7as e jovens ao terem contato com cientistas de diversas \u00e1reas.\u201d<\/p>\n<h3 id=\"do-calor-de-brasilia-ao-frio-do-parana\"><strong>Do calor de Bras\u00edlia ao frio do Paran\u00e1<\/strong><\/h3>\n<p>O encerramento da 74\u00aa Reuni\u00e3o Anual trouxe uma novidade: a pr\u00f3xima edi\u00e7\u00e3o j\u00e1 tem data e local. Ela ser\u00e1 na Universidade Federal do Paran\u00e1 (UFPR) e ocorrer\u00e1 entre os dias 22 e 28 de julho de 2023. Quem deu mais detalhes foi o reitor da institui\u00e7\u00e3o, Ricardo Marcelo Fonseca:<\/p>\n<p>\u201cA nossa universidade teve a \u00faltima Reuni\u00e3o Anual em 1986 e, no ano que vem, estaremos celebrando nossos 110 anos. Somos a universidade mais antiga do Brasil e vamos comemorar juntamente com a SBPC.\u201d<\/p>\n<p>Fonseca antecipou que j\u00e1 existem algumas parcerias firmadas para 75\u00aa Reuni\u00e3o Anual, como a atua\u00e7\u00e3o em parceria com o Governo do Estado do Paran\u00e1. A ideia tamb\u00e9m \u00e9 que o evento ocorra em formato totalmente presencial, mas por conta do ganho com a participa\u00e7\u00e3o online, a UFPR vai disponibilizar o maior n\u00famero de audit\u00f3rios para transmiss\u00e3o via streaming.<\/p>\n<p>\u201cEstamos a um ano do evento e muita coisa ainda vai agregar. Quem sabe na 75\u00aa Reuni\u00e3o Anual n\u00e3o estaremos comemorando o renascimento da Ci\u00eancia no Pa\u00eds? Celebrando a celeridade, a intelig\u00eancia e a vida\u201d, concluiu.<\/p>\n<p><span style=\"color: #800000;\"><a style=\"color: #800000;\" href=\"https:\/\/www.youtube.com\/watch?v=4FEipJ7pL4o\">Veja aqui a cerim\u00f4nia de encerramento<\/a>.<\/span><\/p>\n<p><em>\u00a0<\/em><\/p>\n<p><span style=\"color: #800000;\"><em><a style=\"color: #800000;\" href=\"http:\/\/www.jornaldaciencia.org.br\/\">Jornal da Ci\u00eancia<\/a><\/em><\/span><\/p>\n","protected":false},"excerpt":{"rendered":"Com programa\u00e7\u00e3o online e presencial, na Universidade de Bras\u00edlia, maior evento cient\u00edfico&hellip;\n","protected":false},"author":19,"featured_media":2934,"comment_status":"open","ping_status":"open","sticky":false,"template":"","format":"standard","meta":[],"categories":[1,2],"tags":[],"acf":[],"_links":{"self":[{"href":"https:\/\/revistacienciaecultura.org.br\/index.php?rest_route=\/wp\/v2\/posts\/2933"}],"collection":[{"href":"https:\/\/revistacienciaecultura.org.br\/index.php?rest_route=\/wp\/v2\/posts"}],"about":[{"href":"https:\/\/revistacienciaecultura.org.br\/index.php?rest_route=\/wp\/v2\/types\/post"}],"author":[{"embeddable":true,"href":"https:\/\/revistacienciaecultura.org.br\/index.php?rest_route=\/wp\/v2\/users\/19"}],"replies":[{"embeddable":true,"href":"https:\/\/revistacienciaecultura.org.br\/index.php?rest_route=%2Fwp%2Fv2%2Fcomments&post=2933"}],"version-history":[{"count":1,"href":"https:\/\/revistacienciaecultura.org.br\/index.php?rest_route=\/wp\/v2\/posts\/2933\/revisions"}],"predecessor-version":[{"id":2935,"href":"https:\/\/revistacienciaecultura.org.br\/index.php?rest_route=\/wp\/v2\/posts\/2933\/revisions\/2935"}],"wp:featuredmedia":[{"embeddable":true,"href":"https:\/\/revistacienciaecultura.org.br\/index.php?rest_route=\/wp\/v2\/media\/2934"}],"wp:attachment":[{"href":"https:\/\/revistacienciaecultura.org.br\/index.php?rest_route=%2Fwp%2Fv2%2Fmedia&parent=2933"}],"wp:term":[{"taxonomy":"category","embeddable":true,"href":"https:\/\/revistacienciaecultura.org.br\/index.php?rest_route=%2Fwp%2Fv2%2Fcategories&post=2933"},{"taxonomy":"post_tag","embeddable":true,"href":"https:\/\/revistacienciaecultura.org.br\/index.php?rest_route=%2Fwp%2Fv2%2Ftags&post=2933"}],"curies":[{"name":"wp","href":"https:\/\/api.w.org\/{rel}","templated":true}]}}