{"id":2936,"date":"2022-08-02T08:00:10","date_gmt":"2022-08-02T08:00:10","guid":{"rendered":"https:\/\/revistacienciaecultura.org.br\/?p=2936"},"modified":"2022-08-03T12:50:23","modified_gmt":"2022-08-03T12:50:23","slug":"a-formacao-da-comunidade-cientifica-brasileira","status":"publish","type":"post","link":"https:\/\/revistacienciaecultura.org.br\/?p=2936","title":{"rendered":"A forma\u00e7\u00e3o da comunidade cient\u00edfica brasileira"},"content":{"rendered":"<h4 id=\"cientista-social-simon-schwartzman-fala-sobre-a-institucionalizacao-da-ciencia-no-brasil-em-novo-episodio-do-ciencia-cultura-cast\"><span style=\"color: #808080;\">Cientista social Simon Schwartzman fala sobre a institucionaliza\u00e7\u00e3o da ci\u00eancia no Brasil em novo epis\u00f3dio do Ci\u00eancia &amp; Cultura Cast<\/span><\/h4>\n<p>O cientista social Simon Schwartzman, refer\u00eancia em Hist\u00f3ria da Ci\u00eancia no Brasil, conversou com o Ci\u00eancia &amp; Cultura Cast sobre a forma\u00e7\u00e3o da comunidade cient\u00edfica em nosso Pa\u00eds &#8211; tema de um dos seus livros cuja primeira edi\u00e7\u00e3o foi lan\u00e7ada em 1979 e desde ent\u00e3o teve novas edi\u00e7\u00f5es revistas e traduzidas para outras l\u00ednguas. Tamb\u00e9m especialista em educa\u00e7\u00e3o, Schwartzman \u00e9 autor de t\u00edtulos como \u201cPobreza, exclus\u00e3o social e modernidade\u201d e \u201cA redescoberta da cultura\u201d, entre outros.<\/p>\n<p>Al\u00e9m de membro titular da Academia Brasileira de Ci\u00eancias, Schwartzman se dedica hoje a um grande projeto conjunto da Fapesp e da Unicamp, \u201cA ci\u00eancia das ci\u00eancias\u201d. Ou\u00e7a aqui nosso bate-papo.<\/p>\n<div><\/div>\n<div>\n<p><iframe loading=\"lazy\" title=\"Spotify Embed: A forma\u00e7\u00e3o da comunidade cient\u00edfica brasileira\" style=\"border-radius: 12px\" width=\"100%\" height=\"152\" frameborder=\"0\" allowfullscreen allow=\"autoplay; clipboard-write; encrypted-media; fullscreen; picture-in-picture\" src=\"https:\/\/open.spotify.com\/embed\/episode\/2vbJSLrVXMhPSuJECcZ2nD?si=vX0xDQ1SQ6CYI84LE8jw3g&#038;utm_source=oembed\"><\/iframe><\/p>\n<\/div>\n<div><\/div>\n","protected":false},"excerpt":{"rendered":"Cientista social Simon Schwartzman fala sobre a institucionaliza\u00e7\u00e3o da ci\u00eancia no Brasil&hellip;\n","protected":false},"author":19,"featured_media":2937,"comment_status":"open","ping_status":"open","sticky":false,"template":"","format":"standard","meta":[],"categories":[4],"tags":[],"acf":[],"_links":{"self":[{"href":"https:\/\/revistacienciaecultura.org.br\/index.php?rest_route=\/wp\/v2\/posts\/2936"}],"collection":[{"href":"https:\/\/revistacienciaecultura.org.br\/index.php?rest_route=\/wp\/v2\/posts"}],"about":[{"href":"https:\/\/revistacienciaecultura.org.br\/index.php?rest_route=\/wp\/v2\/types\/post"}],"author":[{"embeddable":true,"href":"https:\/\/revistacienciaecultura.org.br\/index.php?rest_route=\/wp\/v2\/users\/19"}],"replies":[{"embeddable":true,"href":"https:\/\/revistacienciaecultura.org.br\/index.php?rest_route=%2Fwp%2Fv2%2Fcomments&post=2936"}],"version-history":[{"count":4,"href":"https:\/\/revistacienciaecultura.org.br\/index.php?rest_route=\/wp\/v2\/posts\/2936\/revisions"}],"predecessor-version":[{"id":2941,"href":"https:\/\/revistacienciaecultura.org.br\/index.php?rest_route=\/wp\/v2\/posts\/2936\/revisions\/2941"}],"wp:featuredmedia":[{"embeddable":true,"href":"https:\/\/revistacienciaecultura.org.br\/index.php?rest_route=\/wp\/v2\/media\/2937"}],"wp:attachment":[{"href":"https:\/\/revistacienciaecultura.org.br\/index.php?rest_route=%2Fwp%2Fv2%2Fmedia&parent=2936"}],"wp:term":[{"taxonomy":"category","embeddable":true,"href":"https:\/\/revistacienciaecultura.org.br\/index.php?rest_route=%2Fwp%2Fv2%2Fcategories&post=2936"},{"taxonomy":"post_tag","embeddable":true,"href":"https:\/\/revistacienciaecultura.org.br\/index.php?rest_route=%2Fwp%2Fv2%2Ftags&post=2936"}],"curies":[{"name":"wp","href":"https:\/\/api.w.org\/{rel}","templated":true}]}}