{"id":2952,"date":"2022-08-08T10:36:04","date_gmt":"2022-08-08T10:36:04","guid":{"rendered":"https:\/\/revistacienciaecultura.org.br\/?p=2952"},"modified":"2022-08-09T10:51:14","modified_gmt":"2022-08-09T10:51:14","slug":"fritz-muller-um-precursor-da-ciencia-no-brasil","status":"publish","type":"post","link":"https:\/\/revistacienciaecultura.org.br\/?p=2952","title":{"rendered":"Fritz M\u00fcller, um precursor da ci\u00eancia no Brasil"},"content":{"rendered":"<h4 id=\"ha-200-anos-nascia-o-cientista-que-transformou-a-biologia-e-veio-a-ser-o-patrono-da-ecologia\"><span style=\"color: #808080;\">H\u00e1 200 anos nascia o cientista que transformou a Biologia e veio a ser o patrono da Ecologia<\/span><\/h4>\n<p>Alem\u00e3o naturalizado brasileiro, Fritz M\u00fcller realizou pesquisas que contribu\u00edram para a ci\u00eancia nacional e internacional, entre elas a primeira comprova\u00e7\u00e3o factual da teoria da evolu\u00e7\u00e3o das esp\u00e9cies de Charles Darwin e Alfred Wallace.<\/p>\n<p>Chegou ao Brasil aos 30 anos, em 1852, e aqui viveu seus outros 45 anos de vida dedicados \u00e0 pesquisa e \u00e0 educa\u00e7\u00e3o. Fil\u00f3sofo e m\u00e9dico de forma\u00e7\u00e3o, M\u00fcller produziu 271 trabalhos cient\u00edficos. Era um homem simples que gostava de andar descal\u00e7o e observar a natureza de perto em suas caminhadas pelas matas de Santa Catarina, onde se instalou com a fam\u00edlia e nunca mais saiu, at\u00e9 1897, quando morreu aos 75 anos.<\/p>\n<p>Fritz M\u00fcller nasceu em 1822, mesmo ano da independ\u00eancia do Brasil. \u201cN\u00f3s comemoramos os 200 anos de nascimento dele e o nosso prop\u00f3sito hoje \u00e9 espalhar a sua hist\u00f3ria para que o Brasil cultue seus grandes cientistas, entre eles Fritz M\u00fcller\u201d, declara o bi\u00f3logo e m\u00e9dico Luiz Roberto Fontes, que traduziu do alem\u00e3o para o portugu\u00eas o livro \u201cPara Darwin\u201d, de Fritz M\u00fcller.<\/p>\n<p>Tamb\u00e9m em seu relato em v\u00eddeo, o professor M\u00e1rio Steindel, titular da Universidade Federal de Santa Catarina (UFSC) no Centro de Ci\u00eancias Biol\u00f3gicas (CCB), destaca a grande import\u00e2ncia de Fritz M\u00fcller. \u201cTivemos tr\u00eas grandes naturalistas do s\u00e9culo XIX, que foram Charles Darwin, Alfred Wallace e Fritz M\u00fcller\u201d, diz.<\/p>\n<p>Assista na \u00edntegra o v\u00eddeo sobre a hist\u00f3ria de Fritz M\u00fcller.<\/p>\n<p><iframe loading=\"lazy\" title=\"Fritz M\u00fcller, um precursor da ci\u00eancia no Brasil\" width=\"1200\" height=\"900\" src=\"https:\/\/www.youtube.com\/embed\/UjvUU8VC39o?feature=oembed\" frameborder=\"0\" allow=\"accelerometer; autoplay; clipboard-write; encrypted-media; gyroscope; picture-in-picture\" allowfullscreen><\/iframe><\/p>\n","protected":false},"excerpt":{"rendered":"H\u00e1 200 anos nascia o cientista que transformou a Biologia e veio&hellip;\n","protected":false},"author":19,"featured_media":2955,"comment_status":"open","ping_status":"open","sticky":false,"template":"","format":"standard","meta":[],"categories":[5],"tags":[],"acf":[],"_links":{"self":[{"href":"https:\/\/revistacienciaecultura.org.br\/index.php?rest_route=\/wp\/v2\/posts\/2952"}],"collection":[{"href":"https:\/\/revistacienciaecultura.org.br\/index.php?rest_route=\/wp\/v2\/posts"}],"about":[{"href":"https:\/\/revistacienciaecultura.org.br\/index.php?rest_route=\/wp\/v2\/types\/post"}],"author":[{"embeddable":true,"href":"https:\/\/revistacienciaecultura.org.br\/index.php?rest_route=\/wp\/v2\/users\/19"}],"replies":[{"embeddable":true,"href":"https:\/\/revistacienciaecultura.org.br\/index.php?rest_route=%2Fwp%2Fv2%2Fcomments&post=2952"}],"version-history":[{"count":4,"href":"https:\/\/revistacienciaecultura.org.br\/index.php?rest_route=\/wp\/v2\/posts\/2952\/revisions"}],"predecessor-version":[{"id":2957,"href":"https:\/\/revistacienciaecultura.org.br\/index.php?rest_route=\/wp\/v2\/posts\/2952\/revisions\/2957"}],"wp:featuredmedia":[{"embeddable":true,"href":"https:\/\/revistacienciaecultura.org.br\/index.php?rest_route=\/wp\/v2\/media\/2955"}],"wp:attachment":[{"href":"https:\/\/revistacienciaecultura.org.br\/index.php?rest_route=%2Fwp%2Fv2%2Fmedia&parent=2952"}],"wp:term":[{"taxonomy":"category","embeddable":true,"href":"https:\/\/revistacienciaecultura.org.br\/index.php?rest_route=%2Fwp%2Fv2%2Fcategories&post=2952"},{"taxonomy":"post_tag","embeddable":true,"href":"https:\/\/revistacienciaecultura.org.br\/index.php?rest_route=%2Fwp%2Fv2%2Ftags&post=2952"}],"curies":[{"name":"wp","href":"https:\/\/api.w.org\/{rel}","templated":true}]}}