{"id":2958,"date":"2022-08-09T11:25:55","date_gmt":"2022-08-09T11:25:55","guid":{"rendered":"https:\/\/revistacienciaecultura.org.br\/?p=2958"},"modified":"2022-08-09T11:25:55","modified_gmt":"2022-08-09T11:25:55","slug":"a-sbpc-e-a-constituicao-brasileira","status":"publish","type":"post","link":"https:\/\/revistacienciaecultura.org.br\/?p=2958","title":{"rendered":"A SBPC e a Constitui\u00e7\u00e3o Brasileira"},"content":{"rendered":"<h4 id=\"livro-narra-o-papel-da-sociedade-brasileira-para-o-progresso-da-ciencia-na-mobilizacao-popular-para-a-construcao-da-constituicao-federal-de-1988\"><span style=\"color: #808080;\">Livro narra o papel da Sociedade Brasileira para o Progresso da Ci\u00eancia na mobiliza\u00e7\u00e3o popular para a constru\u00e7\u00e3o da Constitui\u00e7\u00e3o Federal de 1988<\/span><\/h4>\n<p>Constitui\u00e7\u00e3o Brasileira de 1988 foi um divisor de \u00e1guas no desenvolvimento do Brasil. Ela ficou conhecida como &#8220;Constitui\u00e7\u00e3o Cidad\u00e3&#8221;, por ter sido concebida no processo de redemocratiza\u00e7\u00e3o, iniciado com o encerramento da ditadura militar no Brasil (1964\u20131985). E a Sociedade Brasileira para o Progresso da Ci\u00eancia (SBPC) contribuiu significativamente para sua constru\u00e7\u00e3o, como mostra o livro \u201cA SBPC e a Constitui\u00e7\u00e3o Brasileira\u201d.<\/p>\n<p>Lan\u00e7ada durante a 74.\u00aa\u00a0Reuni\u00e3o Anual da SBPC, realizada de 24 a 30 de julho na Universidade de Bras\u00edlia (UnB), a obra re\u00fane depoimentos que narram o papel da entidade na mobiliza\u00e7\u00e3o popular para a constru\u00e7\u00e3o da Constitui\u00e7\u00e3o Federal de 1988. Organizado por Ildeu de Castro Moreira, Bruno de Andr\u00e9a Roma e \u00c1urea Gil, o livro \u00e9 lan\u00e7ado em um momento crucial: no Bicenten\u00e1rio da Independ\u00eancia do Brasil e em ano eleitoral.<\/p>\n<p>A ideia de se fazer uma nova Constitui\u00e7\u00e3o Nacional, dessa vez constru\u00edda a partir da participa\u00e7\u00e3o popular, chegou a aparecer dez anos antes de sua constru\u00e7\u00e3o nas reuni\u00f5es anuais da SBPC, e temas como direitos humanos, popula\u00e7\u00f5es ind\u00edgenas, educa\u00e7\u00e3o e ci\u00eancia foram encabe\u00e7ados pela entidade.<\/p>\n<p><strong><span style=\"color: #800000;\"><a style=\"color: #800000;\" href=\"http:\/\/portal.sbpcnet.org.br\/livro\/sbpc_constituicaobrasileira.pdf\">Acesse aqui a publica\u00e7\u00e3o<\/a>.<\/span><\/strong><\/p>\n<p><img loading=\"lazy\" class=\"aligncenter wp-image-2960\" src=\"https:\/\/revistacienciaecultura.org.br\/wp-content\/uploads\/2022\/08\/livro-capa-234x300.jpg\" alt=\"\" width=\"313\" height=\"400\" srcset=\"https:\/\/revistacienciaecultura.org.br\/wp-content\/uploads\/2022\/08\/livro-capa-234x300.jpg 234w, https:\/\/revistacienciaecultura.org.br\/wp-content\/uploads\/2022\/08\/livro-capa-9x12.jpg 9w, https:\/\/revistacienciaecultura.org.br\/wp-content\/uploads\/2022\/08\/livro-capa.jpg 475w\" sizes=\"(max-width: 313px) 100vw, 313px\" \/><\/p>\n","protected":false},"excerpt":{"rendered":"Livro narra o papel da Sociedade Brasileira para o Progresso da Ci\u00eancia&hellip;\n","protected":false},"author":19,"featured_media":2959,"comment_status":"open","ping_status":"open","sticky":false,"template":"","format":"standard","meta":[],"categories":[1,2],"tags":[],"acf":[],"_links":{"self":[{"href":"https:\/\/revistacienciaecultura.org.br\/index.php?rest_route=\/wp\/v2\/posts\/2958"}],"collection":[{"href":"https:\/\/revistacienciaecultura.org.br\/index.php?rest_route=\/wp\/v2\/posts"}],"about":[{"href":"https:\/\/revistacienciaecultura.org.br\/index.php?rest_route=\/wp\/v2\/types\/post"}],"author":[{"embeddable":true,"href":"https:\/\/revistacienciaecultura.org.br\/index.php?rest_route=\/wp\/v2\/users\/19"}],"replies":[{"embeddable":true,"href":"https:\/\/revistacienciaecultura.org.br\/index.php?rest_route=%2Fwp%2Fv2%2Fcomments&post=2958"}],"version-history":[{"count":1,"href":"https:\/\/revistacienciaecultura.org.br\/index.php?rest_route=\/wp\/v2\/posts\/2958\/revisions"}],"predecessor-version":[{"id":2961,"href":"https:\/\/revistacienciaecultura.org.br\/index.php?rest_route=\/wp\/v2\/posts\/2958\/revisions\/2961"}],"wp:featuredmedia":[{"embeddable":true,"href":"https:\/\/revistacienciaecultura.org.br\/index.php?rest_route=\/wp\/v2\/media\/2959"}],"wp:attachment":[{"href":"https:\/\/revistacienciaecultura.org.br\/index.php?rest_route=%2Fwp%2Fv2%2Fmedia&parent=2958"}],"wp:term":[{"taxonomy":"category","embeddable":true,"href":"https:\/\/revistacienciaecultura.org.br\/index.php?rest_route=%2Fwp%2Fv2%2Fcategories&post=2958"},{"taxonomy":"post_tag","embeddable":true,"href":"https:\/\/revistacienciaecultura.org.br\/index.php?rest_route=%2Fwp%2Fv2%2Ftags&post=2958"}],"curies":[{"name":"wp","href":"https:\/\/api.w.org\/{rel}","templated":true}]}}