{"id":3004,"date":"2022-08-22T08:00:16","date_gmt":"2022-08-22T08:00:16","guid":{"rendered":"https:\/\/revistacienciaecultura.org.br\/?p=3004"},"modified":"2023-09-01T10:35:28","modified_gmt":"2023-09-01T10:35:28","slug":"a-atuacao-de-jose-reis-1907-2002-no-brasil","status":"publish","type":"post","link":"https:\/\/revistacienciaecultura.org.br\/?p=3004","title":{"rendered":"A atua\u00e7\u00e3o de Jos\u00e9 Reis (1907-2002) no Brasil"},"content":{"rendered":"<h4 id=\"ciencia-e-divulgacao-cientifica-nos-trilhos-do-desenvolvimento-nacional\"><span style=\"color: #808080;\">Ci\u00eancia e divulga\u00e7\u00e3o cient\u00edfica nos trilhos do desenvolvimento nacional<\/span><\/h4>\n<h3 id=\"introducao\">Introdu\u00e7\u00e3o<\/h3>\n<p>Neste texto, apresentamos brevemente a trajet\u00f3ria de Jos\u00e9 Reis (1907-2002), cientista \u00edcone da divulga\u00e7\u00e3o cient\u00edfica brasileira. Com uma atua\u00e7\u00e3o ecl\u00e9tica como cientista, gestor, divulgador e jornalista, ele participou da constru\u00e7\u00e3o da ci\u00eancia brasileira e contribuiu significativamente para o jornalismo e a divulga\u00e7\u00e3o cient\u00edficos no pa\u00eds. Em homenagem \u00e0 sua trajet\u00f3ria, o principal pr\u00eamio de divulga\u00e7\u00e3o cient\u00edfica e tecnol\u00f3gica do Brasil leva o seu nome.<\/p>\n<p>Em 2022, completam-se 20 anos de sua morte. Tomamos essa efem\u00e9ride como oportunidade de apresentar esse cientista e divulgador a um conjunto mais amplo de leitores. Acreditamos que o estudo da trajet\u00f3ria de Jos\u00e9 Reis apresenta uma importante vis\u00e3o dos caminhos percorridos pela ci\u00eancia e pela divulga\u00e7\u00e3o cient\u00edfica no Brasil no s\u00e9culo XX.[i]\n<h3 id=\"ciencia-e-divulgacao-cientifica-para-o-desenvolvimento-nacional\">Ci\u00eancia e divulga\u00e7\u00e3o cient\u00edfica para o desenvolvimento nacional<\/h3>\n<p>O fim da Segunda Guerra Mundial e a corrida armamentista e espacial da Guerra Fria promoveram um contexto de valoriza\u00e7\u00e3o da ci\u00eancia e tecnologia, com vultosos investimentos especialmente nos Estados Unidos. Esse movimento repercutiu nas a\u00e7\u00f5es da comunidade cient\u00edfica brasileira, dando impulso ao processo de institucionaliza\u00e7\u00e3o da ci\u00eancia e abrindo novas possibilidades de divulgar os conte\u00fados e m\u00e9todos cient\u00edficos. Jos\u00e9 Reis foi um dos personagens que esteve no centro desses processos.<\/p>\n<p>&nbsp;<\/p>\n<h4 id=\"consciente-de-que-as-sociedades-estariam-cada-vez-mais-dependentes-do-progresso-cientifico-reis-defendia-a-urgencia-de-uma-politica-nacional-de-ciencia-e-tecnologia-que-criasse-um-ambiente-d\" style=\"text-align: center;\"><span style=\"color: #800000;\">\u201cConsciente de que as sociedades estariam cada vez mais dependentes do progresso cient\u00edfico, Reis defendia a urg\u00eancia de uma pol\u00edtica nacional de ci\u00eancia e tecnologia que criasse um ambiente de respeito pela ci\u00eancia.\u201d<\/span><\/h4>\n<p>&nbsp;<\/p>\n<p>Reis foi um dos fundadores da<span style=\"color: #800000;\"> <a style=\"color: #800000;\" href=\"http:\/\/portal.sbpcnet.org.br\/\">Sociedade Brasileira para o Progresso da Ci\u00eancia<\/a><\/span> (SBPC) em 1948, da qual foi o primeiro secret\u00e1rio-geral. Inspirada nas cong\u00eaneres norte-americana e brit\u00e2nica, criadas no s\u00e9culo anterior, a entidade era mais inclusiva do que a <span style=\"color: #800000;\"><a style=\"color: #800000;\" href=\"https:\/\/www.googleadservices.com\/pagead\/aclk?sa=L&amp;ai=DChcSEwjgiKbtzK_5AhVq6FwKHWlfCtwYABAAGgJjZQ&amp;ohost=www.google.com&amp;cid=CAESauD2hLO4wfvEJYAWYBiwRLOGi_T4RR0LXOGMZMWtFtTHenK3bQV_wP25KEM9pOP8UI6ntMQ6xJIDfh19e25CAQWHEdIQkuLPz6ZPTuLLdPhSocLBGf5XKg83QYJI8HqDCuq0WWRRj-rwTO8&amp;sig=AOD64_2eerWqtYE6eDHB6I-N7Xh2Gp3Dbg&amp;q&amp;adurl&amp;ved=2ahUKEwjwkp3tzK_5AhVMBLkGHWoACuUQ0Qx6BAgDEAE\">Academia Brasileira de Ci\u00eancias<\/a><\/span> (ABC) e serviu como um espa\u00e7o aglutinador da comunidade cient\u00edfica. Desde o in\u00edcio, a SBPC teve (e mant\u00e9m) entre seus principais objetivos a difus\u00e3o da ci\u00eancia, com grandes eventos p\u00fablicos e publica\u00e7\u00f5es como a revista <a href=\"https:\/\/revistacienciaecultura.org.br\/\"><em><span style=\"color: #800000;\">Ci\u00eancia &amp; Cultura<\/span><\/em><\/a>, da qual Reis foi um dos criadores e diretor. Igualmente buscava conscientizar o cientista de seu papel social. Nas palavras de Reis, \u201cdecidimos incluir entre as fun\u00e7\u00f5es da SBPC a necessidade de se criar ou difundir tal consci\u00eancia social entre os cientistas brasileiros. O que n\u00e3o entendo \u00e9 um cientista desvinculado da sociedade e da pol\u00edtica\u201d. [1] Nas reuni\u00f5es anuais da entidade, Reis tamb\u00e9m prop\u00f4s o concurso Cientistas de Amanh\u00e3, voltado para jovens estudantes que se iniciavam no mundo da ci\u00eancia (Figura 1).<\/p>\n<p>Engajado na articula\u00e7\u00e3o de cientistas, na luta pela profissionaliza\u00e7\u00e3o da ci\u00eancia e pelo fortalecimento do amparo \u00e0 pesquisa, Reis foi um defensor da estrutura\u00e7\u00e3o da carreira de cientista como servidor p\u00fablico em tempo integral, com estabilidade e reajustes salariais compat\u00edveis. Esse princ\u00edpio, embora sob constante ataque, prevalece at\u00e9 o presente momento, em que a pesquisa cient\u00edfica do pa\u00eds \u00e9 em grande parte realizada em universidades e institui\u00e7\u00f5es p\u00fablicas.<\/p>\n<p>Um destaque particular deve ser dado \u00e0 sua trajet\u00f3ria no jornalismo cient\u00edfico. No p\u00f3s-guerra, os jornais abriram novos espa\u00e7os para a ci\u00eancia, alguns deles criando se\u00e7\u00f5es de ci\u00eancias ocupadas por cientistas e incipientes jornalistas cient\u00edficos. [2] Em 1947, Jos\u00e9 Reis foi convidado pelo ent\u00e3o diretor do jornal <em>Folha da Manh\u00e3<\/em> (que deu origem \u00e0 <em>Folha de S\u00e3o Paulo<\/em>), para escrever sobre quest\u00f5es gerais da administra\u00e7\u00e3o. Seus textos iniciais refletiam interesses da comunidade cient\u00edfica, como quest\u00f5es relativas \u00e0 aposentadoria e ao regime de tempo integral. No ano seguinte, Reis passou a escrever sua coluna dominical <em>No Mundo da Ci\u00eancia<\/em>. Colaborando com o jornal at\u00e9 a morte, em 2002, Reis escreveu sobre diversos temas de ci\u00eancia e tecnologia, destacando as pesquisas e os debates que circulavam no meio cient\u00edfico brasileiro e internacional e tornando-se o grande nome do jornalismo cient\u00edfico brasileiro. \u201cNos pa\u00edses em desenvolvimento\u201d, escreveu: \u201co jornal funciona como escola de tudo, inclusive ci\u00eancia. A divulga\u00e7\u00e3o adquire ent\u00e3o, al\u00e9m da fun\u00e7\u00e3o atualizadora, a de ensinar ou recordar grandes princ\u00edpios b\u00e1sicos e esclarecer o p\u00fablico quanto ao valor do trabalho cient\u00edfico\u201d. [3] Reis tamb\u00e9m foi um dos articuladores da Associa\u00e7\u00e3o Brasileira de Jornalismo Cient\u00edfico, criada em 1977, que teve um papel importante no processo de reconhecimento e profissionaliza\u00e7\u00e3o do of\u00edcio no pa\u00eds.<\/p>\n<p><img loading=\"lazy\" class=\"aligncenter wp-image-3007\" src=\"https:\/\/revistacienciaecultura.org.br\/wp-content\/uploads\/2022\/08\/CC-3-edicao-opiniao-Cie\u0302ncia-e-divulgac\u0327a\u0303o-cienti\u0301fica-nos-trilhos-do-desenvolvimento-nacional-figura1-300x200.jpg\" alt=\"\" width=\"500\" height=\"333\" srcset=\"https:\/\/revistacienciaecultura.org.br\/wp-content\/uploads\/2022\/08\/CC-3-edicao-opiniao-Cie\u0302ncia-e-divulgac\u0327a\u0303o-cienti\u0301fica-nos-trilhos-do-desenvolvimento-nacional-figura1-300x200.jpg 300w, https:\/\/revistacienciaecultura.org.br\/wp-content\/uploads\/2022\/08\/CC-3-edicao-opiniao-Cie\u0302ncia-e-divulgac\u0327a\u0303o-cienti\u0301fica-nos-trilhos-do-desenvolvimento-nacional-figura1-1024x681.jpg 1024w, https:\/\/revistacienciaecultura.org.br\/wp-content\/uploads\/2022\/08\/CC-3-edicao-opiniao-Cie\u0302ncia-e-divulgac\u0327a\u0303o-cienti\u0301fica-nos-trilhos-do-desenvolvimento-nacional-figura1-768x511.jpg 768w, https:\/\/revistacienciaecultura.org.br\/wp-content\/uploads\/2022\/08\/CC-3-edicao-opiniao-Cie\u0302ncia-e-divulgac\u0327a\u0303o-cienti\u0301fica-nos-trilhos-do-desenvolvimento-nacional-figura1-1536x1022.jpg 1536w, https:\/\/revistacienciaecultura.org.br\/wp-content\/uploads\/2022\/08\/CC-3-edicao-opiniao-Cie\u0302ncia-e-divulgac\u0327a\u0303o-cienti\u0301fica-nos-trilhos-do-desenvolvimento-nacional-figura1-18x12.jpg 18w, https:\/\/revistacienciaecultura.org.br\/wp-content\/uploads\/2022\/08\/CC-3-edicao-opiniao-Cie\u0302ncia-e-divulgac\u0327a\u0303o-cienti\u0301fica-nos-trilhos-do-desenvolvimento-nacional-figura1-800x532.jpg 800w, https:\/\/revistacienciaecultura.org.br\/wp-content\/uploads\/2022\/08\/CC-3-edicao-opiniao-Cie\u0302ncia-e-divulgac\u0327a\u0303o-cienti\u0301fica-nos-trilhos-do-desenvolvimento-nacional-figura1-1160x772.jpg 1160w, https:\/\/revistacienciaecultura.org.br\/wp-content\/uploads\/2022\/08\/CC-3-edicao-opiniao-Cie\u0302ncia-e-divulgac\u0327a\u0303o-cienti\u0301fica-nos-trilhos-do-desenvolvimento-nacional-figura1.jpg 1691w\" sizes=\"(max-width: 500px) 100vw, 500px\" \/><\/p>\n<h6 id=\"figura-1-jose-reis-a-direita-contribuiu-significativamente-para-a-consolidacao-da-ciencia-e-da-divulgacao-cientifica-brasileirasfoto-acervo-coc\"><strong>Figura 1. Jos\u00e9 Reis (\u00e0 direita) <\/strong><strong>contribuiu significativamente para a consolida\u00e7\u00e3o da ci\u00eancia e da divulga\u00e7\u00e3o cient\u00edfica brasileiras<br \/>\n<\/strong>(Foto: Acervo COC)<\/h6>\n<p>&nbsp;<\/p>\n<p>No per\u00edodo entre 1962 e 1967, Reis assumiu a dire\u00e7\u00e3o de reda\u00e7\u00e3o do jornal <em>Folha de S\u00e3o Paulo<\/em>. Segundo o pr\u00f3prio Reis, tratou-se de um per\u00edodo conturbado com o golpe militar de 1964. Em um primeiro momento, os grandes meios de comunica\u00e7\u00e3o apoiaram e deram legitimidade ao regime ditatorial. Depois, sofreram com censura e persegui\u00e7\u00f5es. Em outras palavras, Reis esteve \u00e0 frente de um dos principais jornais do pa\u00eds nos primeiros anos de ditadura.<\/p>\n<p>Em seu \u00edmpeto de \u201cmoderniza\u00e7\u00e3o autorit\u00e1ria\u201d, o regime militar \u201cfoi, simultaneamente, destrutivo e reformador\u201d com rela\u00e7\u00e3o \u00e0 ci\u00eancia. [4] De maneira geral, comprometeu o desenvolvimento cient\u00edfico em v\u00e1rias \u00e1reas e prejudicou o <em>status<\/em> da pesquisa brasileira em n\u00edvel internacional. A comunidade cient\u00edfica, que tinha dimens\u00f5es pequenas na d\u00e9cada de 1960, foi proporcionalmente um dos setores da sociedade mais atingidos. Por outro lado, o regime entendia o desenvolvimento cient\u00edfico e tecnol\u00f3gico como pe\u00e7a fundamental para a supera\u00e7\u00e3o do atraso econ\u00f4mico e social do Brasil. Concomitantemente \u00e0s persegui\u00e7\u00f5es, a ditadura investiu na p\u00f3s-gradua\u00e7\u00e3o, expandiu e reformou as universidades e repassou uma quantidade importante de recursos para ci\u00eancia e tecnologia. [5]\n<p>Durante o per\u00edodo em que foi diretor de reda\u00e7\u00e3o da <em>Folha<\/em>, Reis mobilizou a estrutura do jornal na cobertura, na organiza\u00e7\u00e3o e na premia\u00e7\u00e3o de feiras de ci\u00eancia pelo estado de S\u00e3o Paulo, tornando-se um dos protagonistas no movimento de introdu\u00e7\u00e3o da atividade no Brasil. O divulgador defendia feiras, clubes e concursos de ci\u00eancias como importantes meios de est\u00edmulo de voca\u00e7\u00f5es cient\u00edficas para jovens.<\/p>\n<p>&nbsp;<\/p>\n<h4 id=\"para-reis-a-divulgacao-cientifica-e-uma-atividade-baseada-no-desejo-e-no-dever-de-transmitir-em-termos-simples-de-maneira-agil-e-objetiva-os-principios-estabelecidos-e-as-metodologias-que\" style=\"text-align: center;\"><span style=\"color: #800000;\">\u201cPara Reis, a divulga\u00e7\u00e3o cient\u00edfica \u00e9 uma atividade baseada no desejo e no dever de transmitir, em termos simples, de maneira \u00e1gil e objetiva, os princ\u00edpios estabelecidos e as metodologias que a ci\u00eancia emprega, com o objetivo de criar um ambiente de cultura cient\u00edfica para que o grande p\u00fablico cada vez mais se interesse pela ci\u00eancia, apoie os investimentos no campo e participe ativa e democraticamente dos processos decis\u00f3rios.\u201d<\/span><\/h4>\n<p>&nbsp;<\/p>\n<p>Consciente de que as sociedades estariam cada vez mais dependentes do progresso cient\u00edfico, Reis defendia a urg\u00eancia de uma pol\u00edtica nacional de ci\u00eancia e tecnologia que criasse um ambiente de respeito pela ci\u00eancia, com valoriza\u00e7\u00e3o salarial, melhoria de infraestrutura, estabilidade das institui\u00e7\u00f5es cient\u00edficas e forma\u00e7\u00e3o de pessoal desde o ensino b\u00e1sico como forma de evitar a fuga de talentos t\u00e3o importantes aos pa\u00edses em desenvolvimento. [6]\n<p>Para Reis, a divulga\u00e7\u00e3o cient\u00edfica \u00e9 uma atividade baseada no desejo e no dever de transmitir, em termos simples, de maneira \u00e1gil e objetiva, os princ\u00edpios estabelecidos e as metodologias que a ci\u00eancia emprega, com o objetivo de criar um ambiente de cultura cient\u00edfica para que o grande p\u00fablico cada vez mais se interesse pela ci\u00eancia, apoie os investimentos no campo e participe ativa e democraticamente dos processos decis\u00f3rios. [7] Segundo ele, o cidad\u00e3o precisaria \u201centender para poder julgar, para poder apoiar sinceramente a pr\u00f3pria ci\u00eancia e o seu desenvolvimento, para poder distinguir entre a verdadeira ci\u00eancia e a falsa ci\u00eancia ou as mistifica\u00e7\u00f5es da ci\u00eancia\u201d. [8]\n<p>Muitos jornalistas cient\u00edficos frequentemente se v\u00eaem no papel de entusiastas da ci\u00eancia e dos cientistas como estrat\u00e9gia de \u00eanfase da import\u00e2ncia da ci\u00eancia para o desenvolvimento cultural e econ\u00f4mico de seus pa\u00edses. Jos\u00e9 Reis n\u00e3o foi diferente. Com atua\u00e7\u00e3o consistente ao longo de d\u00e9cadas, no entanto, \u00e9 poss\u00edvel constatar que sua vis\u00e3o de divulga\u00e7\u00e3o cient\u00edfica sofreu altera\u00e7\u00f5es, desde a defesa de que se deveria mostrar uma boa imagem da ci\u00eancia at\u00e9 a necessidade de discutir controv\u00e9rsias cient\u00edficas e implica\u00e7\u00f5es socioambientais.<\/p>\n<h3 id=\"consideracoes-finais\">Considera\u00e7\u00f5es Finais<\/h3>\n<p>Os 200 anos de independ\u00eancia nos convidam, entre outras, \u00e0 reflex\u00e3o sobre qual lugar queremos para a ci\u00eancia em nossa sociedade. Independentemente das respostas que daremos, \u00e9 ineg\u00e1vel o papel central que a divulga\u00e7\u00e3o cient\u00edfica deve ocupar diante dos desafios do nosso tempo.<\/p>\n<p>A trajet\u00f3ria de cientistas e divulgadores como Reis nos oferece um panorama das formas com as quais se buscou consolidar a cultura cient\u00edfica em nosso pa\u00eds ao longo do s\u00e9culo XX. Conhecer e refletir sobre sua longa e consistente trajet\u00f3ria na divulga\u00e7\u00e3o cient\u00edfica no Brasil \u2013 e desafios enfrentados \u2013 \u00e9 uma fonte de inspira\u00e7\u00e3o para dar novas respostas \u00e0s novas perguntas que surgem a cada dia.<\/p>\n<p>&nbsp;<\/p>\n<h6 id=\"capa-com-uma-atuacao-ecletica-como-cientista-gestor-divulgador-e-jornalista-jose-reis-participou-da-construcao-da-ciencia-e-da-divulgacao-cientifica-brasileiras-imagem-acervo-jose-reis-fiocruz\"><strong>Capa: Com uma atua\u00e7\u00e3o ecl\u00e9tica como cientista, gestor, divulgador e jornalista, Jos\u00e9 Reis participou da constru\u00e7\u00e3o da ci\u00eancia e da divulga\u00e7\u00e3o cient\u00edfica brasileiras.<br \/>\n<\/strong>(Imagem: Acervo Jos\u00e9 Reis\/ Fiocruz. Dispon\u00edvel em: <a href=\"http:\/\/josereis.coc.fiocruz.br\/vida-de-um-cientista-polivalente\/\">http:\/\/josereis.coc.fiocruz.br\/vida-de-um-cientista-polivalente\/<\/a>)<\/h6>\n<hr \/>\n<h5 id=\"notas\"><span style=\"color: #808080;\">Notas<\/span><\/h5>\n<h6 id=\"i-convidamos-a-leitura-da-biografia-de-jose-reis-massarani-l-burlamaqui-m-alves-j-p-jose-reis-caixeiro-viajante-da-ciencia-rio-de-janeiro-casa-de-oswaldo-cruz-2018-e-da-coletanea-jose\"><span style=\"color: #808080;\">[i] Convidamos \u00e0 leitura da biografia de Jos\u00e9 Reis (MASSARANI, L.; BURLAMAQUI, M.; ALVES, J. P. Jos\u00e9 Reis: caixeiro-viajante da ci\u00eancia<em>.<\/em> Rio de Janeiro: Casa de Oswaldo Cruz, 2018) e da colet\u00e2nea <em>Jos\u00e9 Reis: reflex\u00f5es sobre a divulga\u00e7\u00e3o cient\u00edfica<\/em> (MASSARANI, L., DIAS E. M. de S. Jos\u00e9 Reis: reflex\u00f5es sobre a divulga\u00e7\u00e3o cient\u00edfica<em>.<\/em> Rio de Janeiro: Funda\u00e7\u00e3o Oswaldo Cruz\/Casa de Oswaldo Cruz, 2018), que re\u00fane alguns de seus principais textos sobre divulga\u00e7\u00e3o cient\u00edfica. O site &lt;<a style=\"color: #808080;\" href=\"http:\/\/josereis.coc.fiocruz.br\/\">http:\/\/josereis.coc.fiocruz.br<\/a>&gt; tamb\u00e9m traz informa\u00e7\u00f5es sobre Reis e seu acervo, sediado na Casa de Oswaldo Cruz, na Funda\u00e7\u00e3o Oswaldo Cruz. Para uma vis\u00e3o panor\u00e2mica sobre a hist\u00f3ria da divulga\u00e7\u00e3o cient\u00edfica no Brasil nestes \u00faltimos duzentos anos, pode ser consultado o artigo: MASSARANI, Luisa; MOREIRA, Ildeu de Castro. Science communication in Brazil: A historical review and considerations about the current situation. Anais da Academia Brasileira de Ci\u00eancias (Online), v. 88, p. 1577-1595, 2016.<\/span><\/h6>\n<p>&nbsp;<\/p>\n<h5 id=\"referencias-bibliograficas\"><span style=\"color: #808080;\">Refer\u00eancias Bibliogr\u00e1ficas<\/span><\/h5>\n<h6 id=\"1-oliveira-f-de-jornalismo-cientifico-sao-paulo-contexto-2010-p-34\"><span style=\"color: #808080;\">[1] OLIVEIRA, F. de. Jornalismo Cient\u00edfico. S\u00e3o Paulo: Contexto, 2010, p.34.<\/span><\/h6>\n<h6 id=\"2-esteves-b-os-cientistas-vao-a-imprensa-divulgacao-cientifica-nos-jornais-brasileiros-1945-1964-in-massarani-l-jurberg-c-de-meis-l-eds-um-gesto-ameno-para-acordar-o-pais-a-cienc\"><span style=\"color: #808080;\">[2] ESTEVES, B. Os cientistas v\u00e3o \u00e0 imprensa: divulga\u00e7\u00e3o cient\u00edfica nos jornais brasileiros (1945-1964). In: MASSARANI, L., JURBERG, C.; DE MEIS, L. (eds.). Um gesto ameno para acordar o pa\u00eds: a ci\u00eancia no \u2018Jornal do Commercio\u2019 [1958-1962]. Rio de Janeiro: Museu da Vida, Funda\u00e7\u00e3o Oswaldo Cruz, p. 13-23, 2011.<\/span><\/h6>\n<h6 id=\"3-reis-j-para-que-serve-a-divulgacao-cientifica-reflexoes-inspiradas-por-trinta-anos-nessa-atividade-1978-in-massarani-l-dias-e-m-de-s-jose-reis-reflexoes-sobre-a-divulgacao-cientific\"><span style=\"color: #808080;\">[3] REIS, J. Para que serve a divulga\u00e7\u00e3o cient\u00edfica: reflex\u00f5es inspiradas por trinta anos nessa atividade (1978). In: MASSARANI, L., DIAS, E. M. de S. Jos\u00e9 Reis: reflex\u00f5es sobre a divulga\u00e7\u00e3o cient\u00edfica. Rio de Janeiro: Funda\u00e7\u00e3o Oswaldo Cruz\/Casa de Oswaldo Cruz, 2018, p.85.<\/span><\/h6>\n<h6 id=\"4-motta-r-p-s-a-ditadura-nas-universidades-repressao-modernizacao-e-acomodacao-ciencia-e-cultura-v-66-n-4-2014-p-21\"><span style=\"color: #808080;\">[4] MOTTA, R. P. S. A ditadura nas universidades: repress\u00e3o, moderniza\u00e7\u00e3o e acomoda\u00e7\u00e3o. Ci\u00eancia e Cultura, v.66, n.4, 2014, p.21.<\/span><\/h6>\n<h6 id=\"5-moreira-i-de-c-a-ciencia-a-ditadura-e-os-fisicos-ciencia-cultura-v-66-n-4-2014\"><span style=\"color: #808080;\">[5] MOREIRA, I. de C. A ci\u00eancia, a ditadura e os f\u00edsicos. Ci\u00eancia &amp; Cultura, v.66, n.4, 2014.<\/span><\/h6>\n<h6 id=\"6-reis-j-por-que-a-migracao-de-cerebros-e-como-evita-la-sao-paulo-folha-de-sao-paulo-19-de-jul-1970-6o-caderno-p-57\"><span style=\"color: #808080;\">[6] REIS, J. Por que a migra\u00e7\u00e3o de c\u00e9rebros, e como evit\u00e1-la? S\u00e3o Paulo: Folha de S\u00e3o Paulo, 19 de jul. 1970, 6\u00ba caderno, p.57.<\/span><\/h6>\n<h6 id=\"7-massarani-l-alves-j-p-a-visao-de-divulgacao-cientifica-de-jose-reis-ciencia-cultura-v-71-n-1-2019\"><span style=\"color: #808080;\">[7] MASSARANI, L.; ALVES, J. P. A vis\u00e3o de Divulga\u00e7\u00e3o Cient\u00edfica de Jos\u00e9 Reis. Ci\u00eancia &amp; Cultura, v.71, n.1, 2019.<\/span><\/h6>\n<h6 id=\"8-reis-j-divulgacao-cientifica-anhembi-1962-in-massarani-l-dias-e-m-de-s-jose-reis-reflexoes-sobre-a-divulgacao-cientifica-rio-de-janeiro-fundacao-oswaldo-cruz-casa-de-oswaldo-cruz\"><span style=\"color: #808080;\">[8] REIS, J. Divulga\u00e7\u00e3o cient\u00edfica, Anhembi (1962). In: MASSARANI, L., DIAS, E. M. de S. Jos\u00e9 Reis: reflex\u00f5es sobre a divulga\u00e7\u00e3o cient\u00edfica. Rio de Janeiro: Funda\u00e7\u00e3o Oswaldo Cruz\/Casa de Oswaldo Cruz, 2018.<\/span><\/h6>\n<hr \/>\n<h6 id=\"massarani-luisa-e-magalhaes-danilo-a-atuacao-de-jose-reis-1907-2002-no-brasil-ciencia-e-divulgacao-cientifica-nos-trilhos-do-desenvolvimento-nacional-cienc-cult-on\"><span style=\"color: #808080;\"><em>MASSARANI, Luisa \u00a0e\u00a0 MAGALHAES, Danilo.<span class=\"article-title\">\u00a0A atua\u00e7\u00e3o de Jos\u00e9 Reis (1907-2002) no Brasil: ci\u00eancia e divulga\u00e7\u00e3o cient\u00edfica nos trilhos do desenvolvimento nacional.<\/span>\u00a0Cienc. Cult.\u00a0[online]. 2022, vol.74, n.3 [citado\u00a0 2023-09-01], pp.1-4. Dispon\u00edvel em: &lt;http:\/\/cienciaecultura.bvs.br\/scielo.php?script=sci_arttext&amp;pid=S0009-67252022000300010&amp;lng=pt&amp;nrm=iso&gt;. ISSN 0009-6725.\u00a0 http:\/\/dx.doi.org\/10.5935\/2317-6660.20220047.<\/em><\/span><\/h6>\n","protected":false},"excerpt":{"rendered":"Ci\u00eancia e divulga\u00e7\u00e3o cient\u00edfica nos trilhos do desenvolvimento nacional Introdu\u00e7\u00e3o Neste texto,&hellip;\n","protected":false},"author":48,"featured_media":3009,"comment_status":"open","ping_status":"open","sticky":false,"template":"","format":"standard","meta":[],"categories":[21],"tags":[],"acf":[],"_links":{"self":[{"href":"https:\/\/revistacienciaecultura.org.br\/index.php?rest_route=\/wp\/v2\/posts\/3004"}],"collection":[{"href":"https:\/\/revistacienciaecultura.org.br\/index.php?rest_route=\/wp\/v2\/posts"}],"about":[{"href":"https:\/\/revistacienciaecultura.org.br\/index.php?rest_route=\/wp\/v2\/types\/post"}],"author":[{"embeddable":true,"href":"https:\/\/revistacienciaecultura.org.br\/index.php?rest_route=\/wp\/v2\/users\/48"}],"replies":[{"embeddable":true,"href":"https:\/\/revistacienciaecultura.org.br\/index.php?rest_route=%2Fwp%2Fv2%2Fcomments&post=3004"}],"version-history":[{"count":4,"href":"https:\/\/revistacienciaecultura.org.br\/index.php?rest_route=\/wp\/v2\/posts\/3004\/revisions"}],"predecessor-version":[{"id":4660,"href":"https:\/\/revistacienciaecultura.org.br\/index.php?rest_route=\/wp\/v2\/posts\/3004\/revisions\/4660"}],"wp:featuredmedia":[{"embeddable":true,"href":"https:\/\/revistacienciaecultura.org.br\/index.php?rest_route=\/wp\/v2\/media\/3009"}],"wp:attachment":[{"href":"https:\/\/revistacienciaecultura.org.br\/index.php?rest_route=%2Fwp%2Fv2%2Fmedia&parent=3004"}],"wp:term":[{"taxonomy":"category","embeddable":true,"href":"https:\/\/revistacienciaecultura.org.br\/index.php?rest_route=%2Fwp%2Fv2%2Fcategories&post=3004"},{"taxonomy":"post_tag","embeddable":true,"href":"https:\/\/revistacienciaecultura.org.br\/index.php?rest_route=%2Fwp%2Fv2%2Ftags&post=3004"}],"curies":[{"name":"wp","href":"https:\/\/api.w.org\/{rel}","templated":true}]}}