{"id":3013,"date":"2022-08-11T10:54:27","date_gmt":"2022-08-11T10:54:27","guid":{"rendered":"https:\/\/revistacienciaecultura.org.br\/?p=3013"},"modified":"2022-08-11T10:55:53","modified_gmt":"2022-08-11T10:55:53","slug":"11-de-agosto-o-brasil-se-une-em-defesa-de-eleicoes-livres-da-democracia-da-educacao-e-da-ciencia","status":"publish","type":"post","link":"https:\/\/revistacienciaecultura.org.br\/?p=3013","title":{"rendered":"11 de agosto: o Brasil se une em defesa de elei\u00e7\u00f5es livres, da Democracia, da Educa\u00e7\u00e3o e da Ci\u00eancia"},"content":{"rendered":"<h3 id=\"sbpc-conclama-todas-as-entidades-academicas-e-cientificas-afiliadas-e-todos-os-cientistas-brasileiros-a-participar-das-manifestacoes-que-serao-realizadas-nesta-quinta-feira-11-de-agosto\"><span style=\"color: #808080;\">SBPC conclama todas as entidades acad\u00eamicas e cient\u00edficas afiliadas e todos os cientistas brasileiros a participar das manifesta\u00e7\u00f5es que ser\u00e3o realizadas nesta quinta-feira, 11 de agosto.<\/span><\/h3>\n<p>&nbsp;<\/p>\n<p>Em proposta de a\u00e7\u00e3o direcionada a todas as entidades acad\u00eamicas e cient\u00edficas afiliadas e a todos os cientistas brasileiros, a Sociedade Brasileira para o Progresso da Ci\u00eancia (SBPC) conclama \u00e0 participa\u00e7\u00e3o nas manifesta\u00e7\u00f5es em defesa do Estado Democr\u00e1tico de Direito e das elei\u00e7\u00f5es que ser\u00e3o realizadas nesta quinta-feira, 11 de agosto.<\/p>\n<p>Dezenas de universidades de todo o Pa\u00eds realizar\u00e3o ao longo do dia atos com a leitura da \u201c<span style=\"color: #800000;\"><a style=\"color: #800000;\" href=\"https:\/\/direito.usp.br\/noticia\/809469c6c4fb-carta-as-brasileiras-e-aos-brasileiros-em-defesa-do-estado-democratico-de-direito\" target=\"_blank\" rel=\"noopener\">Carta \u00e0s Brasileiras e aos Brasileiros em defesa do Estado Democr\u00e1tico de Direito!<\/a><\/span>\u201d, elaborada pela Faculdade de Direito da USP.<\/p>\n<p>A proposta da SBPC \u00e9 resultado de mo\u00e7\u00e3o apresentada durante a Assembleia Geral de S\u00f3cios da entidade, que se reuniu em 28 de julho, durante a 74\u00aa Reuni\u00e3o Anual, na Universidade de Bras\u00edlia (UnB). \u201cFaz-se necess\u00e1rio que os cientistas estejam juntos, defendendo a democracia, com a garantia de elei\u00e7\u00f5es livres e posse dos vencedores do pleito eleitoral, al\u00e9m de salvaguardar a educa\u00e7\u00e3o, a ci\u00eancia e reconstruir a soberania nacional\u201d, ressalta no documento.<\/p>\n<p><strong>Leia abaixo a proposta de a\u00e7\u00e3o na \u00edntegra:<\/strong><\/p>\n<h5 id=\"11-de-agosto-o-brasil-se-une-em-defesa-de-eleicoes-livres-da-democracia-da-educacao-e-da-ciencia\"><strong>11 DE AGOSTO: O BRASIL SE UNE EM DEFESA DE ELEI\u00c7\u00d5ES LIVRES, DA DEMOCRACIA, DA EDUCA\u00c7\u00c3O E DA CI\u00caNCIA<\/strong><\/h5>\n<p>O Brasil est\u00e1 diante de uma encruzilhada hist\u00f3rica e a atual gera\u00e7\u00e3o de estudantes, pesquisadores e cientistas tem um grande desafio: reconstruir o Pa\u00eds, a partir do fortalecimento da democracia e da mobiliza\u00e7\u00e3o social em defesa da Ci\u00eancia e da Educa\u00e7\u00e3o. N\u00e3o h\u00e1 outro caminho para resgatar nosso povo da fome e da mis\u00e9ria e reconstruir nossa soberania nacional e independ\u00eancia. Mas, para isso, \u00e9 preciso unir a popula\u00e7\u00e3o para derrotar os intentos golpistas e parar qualquer projeto que n\u00e3o seja o de recolocar o Pa\u00eds na rota do fortalecimento da democracia, da diminui\u00e7\u00e3o das desigualdades sociais e da retomada do desenvolvimento.<\/p>\n<p>O Bicenten\u00e1rio da Independ\u00eancia do Brasil \u00e9 o momento de nos reafirmarmos como Na\u00e7\u00e3o. A busca por uma verdadeira independ\u00eancia para o povo brasileiro permanece sendo um desafio cotidiano. Temos visto uma escalada antidemocr\u00e1tica que amea\u00e7a as elei\u00e7\u00f5es e cerceiam a liberdade did\u00e1tico-cientifica e de c\u00e1tedra, gestando um ambiente de grande instabilidade e gravidade para o Pa\u00eds.<\/p>\n<p>Portanto, diante das amea\u00e7as \u00e0 democracia brasileira e todas as consequ\u00eancias de um projeto de desmonte da educa\u00e7\u00e3o e da ci\u00eancia, volta da fome, desemprego e o aumento da mis\u00e9ria, no dia 11 de agosto diversas organiza\u00e7\u00f5es e movimentos democr\u00e1ticos estar\u00e3o se mobilizando e unificando a a\u00e7\u00e3o em defesas das pautas supracitadas. Nesse sentido, faz-se necess\u00e1rio que os cientistas estejam juntos, defendendo a democracia, com a garantia de elei\u00e7\u00f5es livres e posse dos vencedores do pleito eleitoral, al\u00e9m de salvaguardar a educa\u00e7\u00e3o, a ci\u00eancia e reconstruir a soberania nacional.<\/p>\n<p><em>S\u00e3o Paulo, 9 de agosto de 2022<\/em><em>\u00a0<\/em><\/p>\n<p><em>Sociedade Brasileira para o Progresso da Ci\u00eancia \u2013 SBPC<\/em><\/p>\n<p>&nbsp;<\/p>\n<p><span style=\"color: #800000;\"><a style=\"color: #800000;\" href=\"http:\/\/www.jornaldaciencia.org.br\/\"><em>Jornal da Ci\u00eancia<\/em><\/a><\/span><\/p>\n<p>&nbsp;<\/p>\n<h6 id=\"capa-unsplash-com\">Capa: Unsplash.com<\/h6>\n","protected":false},"excerpt":{"rendered":"SBPC conclama todas as entidades acad\u00eamicas e cient\u00edficas afiliadas e todos os&hellip;\n","protected":false},"author":19,"featured_media":3014,"comment_status":"open","ping_status":"open","sticky":false,"template":"","format":"standard","meta":[],"categories":[1,2],"tags":[],"acf":[],"_links":{"self":[{"href":"https:\/\/revistacienciaecultura.org.br\/index.php?rest_route=\/wp\/v2\/posts\/3013"}],"collection":[{"href":"https:\/\/revistacienciaecultura.org.br\/index.php?rest_route=\/wp\/v2\/posts"}],"about":[{"href":"https:\/\/revistacienciaecultura.org.br\/index.php?rest_route=\/wp\/v2\/types\/post"}],"author":[{"embeddable":true,"href":"https:\/\/revistacienciaecultura.org.br\/index.php?rest_route=\/wp\/v2\/users\/19"}],"replies":[{"embeddable":true,"href":"https:\/\/revistacienciaecultura.org.br\/index.php?rest_route=%2Fwp%2Fv2%2Fcomments&post=3013"}],"version-history":[{"count":3,"href":"https:\/\/revistacienciaecultura.org.br\/index.php?rest_route=\/wp\/v2\/posts\/3013\/revisions"}],"predecessor-version":[{"id":3017,"href":"https:\/\/revistacienciaecultura.org.br\/index.php?rest_route=\/wp\/v2\/posts\/3013\/revisions\/3017"}],"wp:featuredmedia":[{"embeddable":true,"href":"https:\/\/revistacienciaecultura.org.br\/index.php?rest_route=\/wp\/v2\/media\/3014"}],"wp:attachment":[{"href":"https:\/\/revistacienciaecultura.org.br\/index.php?rest_route=%2Fwp%2Fv2%2Fmedia&parent=3013"}],"wp:term":[{"taxonomy":"category","embeddable":true,"href":"https:\/\/revistacienciaecultura.org.br\/index.php?rest_route=%2Fwp%2Fv2%2Fcategories&post=3013"},{"taxonomy":"post_tag","embeddable":true,"href":"https:\/\/revistacienciaecultura.org.br\/index.php?rest_route=%2Fwp%2Fv2%2Ftags&post=3013"}],"curies":[{"name":"wp","href":"https:\/\/api.w.org\/{rel}","templated":true}]}}