{"id":3042,"date":"2022-08-22T08:00:27","date_gmt":"2022-08-22T08:00:27","guid":{"rendered":"https:\/\/revistacienciaecultura.org.br\/?p=3042"},"modified":"2022-08-26T10:16:00","modified_gmt":"2022-08-26T10:16:00","slug":"independencia-democracia-e-o-futuro-que-queremos-para-o-pais","status":"publish","type":"post","link":"https:\/\/revistacienciaecultura.org.br\/?p=3042","title":{"rendered":"Independ\u00eancia, democracia e o futuro que queremos para o pa\u00eds"},"content":{"rendered":"<h4 id=\"jose-murilo-de-carvalho-fala-do-enigma-brasileiro-em-seus-200-anos-de-independencia\"><span style=\"color: #808080;\">Jos\u00e9 Murilo de Carvalho fala do enigma brasileiro em seus 200 anos de independ\u00eancia<\/span><\/h4>\n<p>\u201cVamos para onde? Foi isso que conseguimos em 200 anos?\u201d, indaga o historiador Jos\u00e9 Murilo de Carvalho, membro da Academia Brasileira de Ci\u00eancias (ABC) e da Academia Brasileira de Letras (ABL). Ele \u00e9 autor de livros como \u201cOs Bestializados\u201d e \u201cA Forma\u00e7\u00e3o das Almas \u2013 O imagin\u00e1rio da Rep\u00fablica no Brasil\u201d, e tamb\u00e9m vencedor do pr\u00eamio Jabuti de 1991.<\/p>\n<p>Nesta edi\u00e7\u00e3o do Ci\u00eancia &amp; Cultura Cast, Jos\u00e9 Murilo de Carvalho compartilha sua constante indaga\u00e7\u00e3o sobre a democracia brasileira, que ele considera um enigma. \u201c\u00c9 um pa\u00eds democr\u00e1tico? Pela parte formal, sim. Mas como um pa\u00eds democr\u00e1tico tem 60 milh\u00f5es de pobres? O mecanismo formal democr\u00e1tico, que \u00e9 a participa\u00e7\u00e3o, n\u00e3o se reproduz nas pol\u00edticas p\u00fablicas em rela\u00e7\u00e3o a este povo que est\u00e1 votando. \u00c9 um enigma brasileiro.\u201d<\/p>\n<p>Refer\u00eancia no estudo da Hist\u00f3ria do Brasil, o pesquisador fala tamb\u00e9m sobre a ci\u00eancia desde 1822, sobre o imperador Dom Pedro II, e ainda tra\u00e7a um paralelo entre a Revolta da Vacina, de 1904, e a vacina\u00e7\u00e3o, a partir de 2021, no Brasil contra covid-19.<\/p>\n<p>\u201cNa Revolta da Vacina quem insistiu em vacinar foi o governo, foi Oswaldo Cruz, um cientista\u201d, lembra o professor. Mas havia tamb\u00e9m desinforma\u00e7\u00e3o, boatos e uma interfer\u00eancia militar. \u00a0\u201cOs ingredientes quase todos de hoje estavam presentes na \u00e9poca, s\u00f3 que embrulhados de uma maneira diferente. (\u2026) Hoje quem est\u00e1 errado \u00e9 o governo.\u201d Ele acredita que o que fez a diferen\u00e7a hoje foi a divulga\u00e7\u00e3o.<\/p>\n<p>Ou\u00e7a aqui o epis\u00f3dio completo.<\/p>\n<p><iframe title=\"Spotify Embed: Independ\u00eancia, democracia e o futuro que queremos para o pa\u00eds\" style=\"border-radius: 12px\" width=\"100%\" height=\"152\" frameborder=\"0\" allowfullscreen allow=\"autoplay; clipboard-write; encrypted-media; fullscreen; picture-in-picture\" loading=\"lazy\" src=\"https:\/\/open.spotify.com\/embed\/episode\/2NVEMt9sBbOQ3l6BLabq9I?si=913b4e26849343bc&#038;utm_source=oembed\"><\/iframe><\/p>\n","protected":false},"excerpt":{"rendered":"Jos\u00e9 Murilo de Carvalho fala do enigma brasileiro em seus 200 anos&hellip;\n","protected":false},"author":19,"featured_media":3044,"comment_status":"open","ping_status":"open","sticky":false,"template":"","format":"standard","meta":[],"categories":[4],"tags":[],"acf":[],"_links":{"self":[{"href":"https:\/\/revistacienciaecultura.org.br\/index.php?rest_route=\/wp\/v2\/posts\/3042"}],"collection":[{"href":"https:\/\/revistacienciaecultura.org.br\/index.php?rest_route=\/wp\/v2\/posts"}],"about":[{"href":"https:\/\/revistacienciaecultura.org.br\/index.php?rest_route=\/wp\/v2\/types\/post"}],"author":[{"embeddable":true,"href":"https:\/\/revistacienciaecultura.org.br\/index.php?rest_route=\/wp\/v2\/users\/19"}],"replies":[{"embeddable":true,"href":"https:\/\/revistacienciaecultura.org.br\/index.php?rest_route=%2Fwp%2Fv2%2Fcomments&post=3042"}],"version-history":[{"count":5,"href":"https:\/\/revistacienciaecultura.org.br\/index.php?rest_route=\/wp\/v2\/posts\/3042\/revisions"}],"predecessor-version":[{"id":3103,"href":"https:\/\/revistacienciaecultura.org.br\/index.php?rest_route=\/wp\/v2\/posts\/3042\/revisions\/3103"}],"wp:featuredmedia":[{"embeddable":true,"href":"https:\/\/revistacienciaecultura.org.br\/index.php?rest_route=\/wp\/v2\/media\/3044"}],"wp:attachment":[{"href":"https:\/\/revistacienciaecultura.org.br\/index.php?rest_route=%2Fwp%2Fv2%2Fmedia&parent=3042"}],"wp:term":[{"taxonomy":"category","embeddable":true,"href":"https:\/\/revistacienciaecultura.org.br\/index.php?rest_route=%2Fwp%2Fv2%2Fcategories&post=3042"},{"taxonomy":"post_tag","embeddable":true,"href":"https:\/\/revistacienciaecultura.org.br\/index.php?rest_route=%2Fwp%2Fv2%2Ftags&post=3042"}],"curies":[{"name":"wp","href":"https:\/\/api.w.org\/{rel}","templated":true}]}}