{"id":3047,"date":"2022-08-17T11:01:20","date_gmt":"2022-08-17T11:01:20","guid":{"rendered":"https:\/\/revistacienciaecultura.org.br\/?p=3047"},"modified":"2025-11-25T11:42:45","modified_gmt":"2025-11-25T11:42:45","slug":"eu-desejo-que-os-jovens-brasileiros-sejam-muito-atuantes","status":"publish","type":"post","link":"https:\/\/revistacienciaecultura.org.br\/?p=3047","title":{"rendered":"\u201cEu desejo que os jovens brasileiros sejam muito atuantes\u201d"},"content":{"rendered":"<h4 id=\"ildeu-de-castro-moreira-presidente-de-honra-da-sbpc-fala-sobre-divulgacao-cientifica-atuacao-dos-jovens-e-democracia\"><span style=\"color: #808080;\">Ildeu de Castro Moreira, presidente de honra da SBPC, fala sobre divulga\u00e7\u00e3o cient\u00edfica, atua\u00e7\u00e3o dos jovens e democracia <\/span><\/h4>\n<p>&nbsp;<\/p>\n<p>\u201cEu desejo que os jovens brasileiros sejam muito atuantes\u201d. Isso \u00e9 o que afirmou Ildeu de Castro Moreira, professor do Instituto de F\u00edsica da <span style=\"color: #800000;\"><a style=\"color: #800000;\" href=\"https:\/\/ufrj.br\/\">Universidade Federal do Rio de Janeiro<\/a><\/span> (UFRJ) e presidente de honra da <span style=\"color: #800000;\"><a style=\"color: #800000;\" href=\"http:\/\/portal.sbpcnet.org.br\/\">Sociedade Brasileira para o Progresso da Ci\u00eancia<\/a><\/span> (SBPC) durante entrevista ao programa \u201c<span style=\"color: #800000;\"><a style=\"color: #800000;\" href=\"https:\/\/www.2022brasil.org.br\/o-movimento-2022-2030-o-brasil-e-o-mundo-que-queremos-entrevista-o-professor-do-instituto-de-fisica-da-universidade-federal-do-rio-de-janeiro-ildeu-de-castro-moreira\/\">O Movimento 2022\/2030: O Brasil e o Mundo que Queremos<\/a><\/span>\u201d, da TV SUPREN.<\/p>\n<p>Durante a entrevista, Moreira falou sobre sua inf\u00e2ncia, seu interesse pela ci\u00eancia, os cortes sofridos pelo setor e a import\u00e2ncia da divulga\u00e7\u00e3o cient\u00edfica no Brasil atual. \u201cA imagem que os brasileiros fazem dos cientistas \u00e9 bastante positiva e tem melhorado, e n\u00f3s temos indica\u00e7\u00f5es de que no p\u00f3s-pandemia aumentou ainda mais essa confiabilidade nos cientistas\u201d. Por outro lado, o pesquisador aponta que os constantes cortes sofridos pela ci\u00eancia vem dificultado muito a atividade no pa\u00eds. \u201cO nosso governo n\u00e3o reflete adequadamente a vis\u00e3o da sociedade brasileira\u201d.<\/p>\n<p>Ele tamb\u00e9m apontou que divulgar a ci\u00eancia \u00e9 essencial para o desenvolvimento n\u00e3o apenas do setor, mas de todo o pa\u00eds. \u201cTem pontos que mostram que a informa\u00e7\u00e3o sobre ci\u00eancia no Brasil \u00e9 muito deficiente, uma delas \u00e9 que aproximadamente 90% dos brasileiros n\u00e3o consegue mencionar um cientista brasileiro importante. Isso \u00e9 uma defici\u00eancia muito s\u00e9ria do nosso sistema de ensino e da nossa divulga\u00e7\u00e3o as pr\u00f3prias institui\u00e7\u00f5es\u201d. Para melhor a comunica\u00e7\u00e3o sobre a ci\u00eancia no Brasil, Moreira apontou que o papel dos jovens \u00e9 essencial. \u201c\u00c9 fundamental que os jovens vejam os grandes desafios que n\u00f3s temos nos pais, acreditem nas suas possibilidades, desconfiem das gera\u00e7\u00f5es anteriores, questionem os processos \u2013 isso \u00e9 um comportamento fundamental na estrutura da ci\u00eancia: curiosidade, ousadia, questionamento. Ent\u00e3o eu desejo que os jovens atuem coletivamente, porque com isso n\u00f3s temos um grande potencial de resolver grandes desafios nacionais\u201d.<\/p>\n<p>Confira a entrevista completa em:<\/p>\n<p><strong><span style=\"color: #800000;\"><a style=\"color: #800000;\" href=\"https:\/\/youtu.be\/L3Vp7qMaCdI\">https:\/\/youtu.be\/L3Vp7qMaCdI<\/a><\/span><\/strong><\/p>\n","protected":false},"excerpt":{"rendered":"Ildeu de Castro Moreira, presidente de honra da SBPC, fala sobre divulga\u00e7\u00e3o&hellip;\n","protected":false},"author":19,"featured_media":3048,"comment_status":"open","ping_status":"open","sticky":false,"template":"","format":"standard","meta":[],"categories":[1,2,864],"tags":[],"acf":[],"_links":{"self":[{"href":"https:\/\/revistacienciaecultura.org.br\/index.php?rest_route=\/wp\/v2\/posts\/3047"}],"collection":[{"href":"https:\/\/revistacienciaecultura.org.br\/index.php?rest_route=\/wp\/v2\/posts"}],"about":[{"href":"https:\/\/revistacienciaecultura.org.br\/index.php?rest_route=\/wp\/v2\/types\/post"}],"author":[{"embeddable":true,"href":"https:\/\/revistacienciaecultura.org.br\/index.php?rest_route=\/wp\/v2\/users\/19"}],"replies":[{"embeddable":true,"href":"https:\/\/revistacienciaecultura.org.br\/index.php?rest_route=%2Fwp%2Fv2%2Fcomments&post=3047"}],"version-history":[{"count":1,"href":"https:\/\/revistacienciaecultura.org.br\/index.php?rest_route=\/wp\/v2\/posts\/3047\/revisions"}],"predecessor-version":[{"id":3049,"href":"https:\/\/revistacienciaecultura.org.br\/index.php?rest_route=\/wp\/v2\/posts\/3047\/revisions\/3049"}],"wp:featuredmedia":[{"embeddable":true,"href":"https:\/\/revistacienciaecultura.org.br\/index.php?rest_route=\/wp\/v2\/media\/3048"}],"wp:attachment":[{"href":"https:\/\/revistacienciaecultura.org.br\/index.php?rest_route=%2Fwp%2Fv2%2Fmedia&parent=3047"}],"wp:term":[{"taxonomy":"category","embeddable":true,"href":"https:\/\/revistacienciaecultura.org.br\/index.php?rest_route=%2Fwp%2Fv2%2Fcategories&post=3047"},{"taxonomy":"post_tag","embeddable":true,"href":"https:\/\/revistacienciaecultura.org.br\/index.php?rest_route=%2Fwp%2Fv2%2Ftags&post=3047"}],"curies":[{"name":"wp","href":"https:\/\/api.w.org\/{rel}","templated":true}]}}