{"id":3050,"date":"2022-08-18T10:45:14","date_gmt":"2022-08-18T10:45:14","guid":{"rendered":"https:\/\/revistacienciaecultura.org.br\/?p=3050"},"modified":"2022-08-18T10:48:06","modified_gmt":"2022-08-18T10:48:06","slug":"sbpc-homenageada-em-momento-dificil-da-ciencia","status":"publish","type":"post","link":"https:\/\/revistacienciaecultura.org.br\/?p=3050","title":{"rendered":"SBPC homenageada em momento dif\u00edcil da ci\u00eancia"},"content":{"rendered":"<h4 id=\"presidente-da-sociedade-brasileira-para-o-progresso-da-ciencia-renato-janine-ribeiro-critica-aqueles-que-nao-enxergam-a-importancia-da-ciencia-mesmo-se-beneficiando-dela-a-sbpc-sera-homena\"><span style=\"color: #808080;\">Presidente da Sociedade Brasileira para o Progresso da Ci\u00eancia, Renato Janine Ribeiro critica aqueles que n\u00e3o enxergam a import\u00e2ncia da ci\u00eancia \u2013 mesmo se beneficiando dela. A SBPC ser\u00e1 homenageada no dia 19 de agosto pelo Grande Encontro da Educa\u00e7\u00e3o, promovido pela Plataforma Educa\u00e7\u00e3o e Plataforma Ensino Superior<\/span><\/h4>\n<p>A Sociedade Brasileira para o Progresso da Ci\u00eancia (SBPC) completou 74 anos de vida em julho. Voltada para a defesa do avan\u00e7o cient\u00edfico e tecnol\u00f3gico e desenvolvimento educacional e cultural do Brasil, ela nunca foi t\u00e3o necess\u00e1ria nestes momentos de corte de verbas, esvaziamento de \u00f3rg\u00e3os necess\u00e1rios ao pa\u00eds e o negacionismo, que veio \u00e0 tona fortemente a partir da tentativa de descr\u00e9dito das vacinas pelo governo federal.<\/p>\n<p>Pelo momento e trabalho em defesa da ci\u00eancia, a Plataforma Educa\u00e7\u00e3o e a Plataforma Ensino Superior decidiram homenagear a SBPC no dia 19 de agosto, durante o Grande Encontro da Educa\u00e7\u00e3o, um dos principais eventos do pa\u00eds voltado ao setor educacional.<\/p>\n<p>O presidente da SBPC \u00e9 o professor Renato Janine Ribeiro, escritor e ex-ministro da Educa\u00e7\u00e3o. Ele estar\u00e1 presente no evento online, \u00e0s 9h10, para falar sobre o papel da ci\u00eancia na vida das pessoas. Confira o depoimento de Renato Janine ao rep\u00f3rter Gustavo Lima.<\/p>\n<h3 id=\"comunidade-da-ciencia\"><strong>Comunidade da ci\u00eancia<\/strong><\/h3>\n<p>\u201cTemos mobilizado [SBPC] a comunidade cient\u00edfica, juntado as for\u00e7as das 170 sociedades cient\u00edficas afiliadas. H\u00e1 jornadas de defesa da ci\u00eancia, defesa da p\u00f3s-gradua\u00e7\u00e3o, defesa da pesquisa. Procuramos sempre estar presentes e cooperar com a m\u00eddia para o fortalecimento da pesquisa cient\u00edfica, principal fator hoje de desenvolvimento econ\u00f4mico e social.\u00a0 Disso faz parte o que costumo chamar de c\u00edrculo virtuoso de ci\u00eancia, cultura, educa\u00e7\u00e3o, sa\u00fade, meio ambiente e inclus\u00e3o social. E a reuni\u00e3o anual da SBPC, a septuag\u00e9sima quarta de sua hist\u00f3ria, em Bras\u00edlia no final de julho, foi um momento alto nessa dire\u00e7\u00e3o, quando fizemos uma s\u00e9rie de atividades, todas elas procurando recuperar o Brasil desse sofrimento pelo qual est\u00e1 passando. Em 11 de agosto, estivemos em v\u00e1rias capitais, junto com outras entidades na defesa dos documentos, emanados de centenas de milhares de pessoas, defendendo o Estado democr\u00e1tico de direito.\u201d<\/p>\n<h3 id=\"governo-ataca-a-ciencia\"><strong>Governo ataca a ci\u00eancia<\/strong><\/h3>\n<p>\u201cJ\u00e1 faz tr\u00eas anos e meio que sistematicamente o governo ataca a ci\u00eancia, corta verbas e at\u00e9 mesmo apregoa que a ci\u00eancia faz mal como, por exemplo, quando foi dito pelo presidente da Rep\u00fablica que a vacina podia \u2018transformar as pessoas em jacar\u00e9s\u2019. N\u00e3o possui base nenhuma, mas fortaleceu junto a uma pequena franja de fan\u00e1ticos, a descren\u00e7a no papel da ci\u00eancia para melhorar a vida das pessoas. E \u00e9 importante notar que as mesmas pessoas que desqualificam a ci\u00eancia, algumas at\u00e9 que chegam a acreditar que a Terra seja plana, utilizam o benef\u00edcio da ci\u00eancia. Muitas vezes se tratam nos hospitais, com frequ\u00eancia utilizam transporte motorizado ao inv\u00e9s de andarem a p\u00e9. Nenhuma delas, que eu saiba, faz uma viagem do norte ao sul do Brasil a p\u00e9 ou nadando. Ent\u00e3o utilizam a ci\u00eancia, mas, em um determinado momento, engrossam o processo capitaneado justamente por quem deveria defender a ci\u00eancia.\u201d<\/p>\n<h3 id=\"desanimo-entre-os-pesquisadores\"><strong>Des\u00e2nimo entre os pesquisadores<\/strong><\/h3>\n<p>\u201cN\u00e3o vou dizer que estamos com o \u2018couro curtido\u2019 por tantos ataques, porque \u00e9 realmente chocante trabalhar em uma \u00e1rea que faz um efeito altamente positivo para a sociedade e ver que isso \u00e9 atacado por pessoas que at\u00e9 mesmo s\u00e3o beneficiadas por esses ganhos que as vacinas, a ci\u00eancia geral e a educa\u00e7\u00e3o proporcionam. Agora, os pesquisadores brasileiros est\u00e3o unidos nas sociedades cient\u00edficas e na SBPC. S\u00e3o mais de 100 mil pesquisadores associados de diferentes sociedades porque, como diz o ditado: a uni\u00e3o faz a for\u00e7a. Ent\u00e3o, trata-se de conseguir superar esse momento dif\u00edcil, fazer com que o pa\u00eds, no momento das elei\u00e7\u00f5es, escolha o melhor para si e garantir que o pr\u00f3ximo governo fa\u00e7a o uso intenso da ci\u00eancia e que os cientistas possam colaborar com o pa\u00eds nos pr\u00f3ximos anos.\u201d<\/p>\n<h3 id=\"ciencia-na-escola\"><strong>Ci\u00eancia na escola<\/strong><\/h3>\n<p>\u201cUma das formas eficientes de mostrar o papel da ci\u00eancia \u00e9 pegar resultados positivos dela e mostrar qual ci\u00eancia eles t\u00eam embutido. Vou dar alguns exemplos: voc\u00ea anda em um carro com GPS, que te ajuda a encontrar o caminho. A escola deve mostrar qual \u00e9 a ci\u00eancia na qual est\u00e1 embasada, evidenciar que se a Terra fosse plana, por exemplo, n\u00e3o haveria GPS, n\u00e3o seria poss\u00edvel. Mostrar, quando as pessoas est\u00e3o contentes com determinada comida ou com a redu\u00e7\u00e3o da fome, como isso se deve \u00e0 ci\u00eancia. E tamb\u00e9m como a volta do Brasil ao Mapa da Fome, que \u00e9 um desastre, \u00e9 fruto tanto de pol\u00edticas p\u00fablicas erradas, quanto do descaso com a ci\u00eancia. Se mostrarmos \u00e0s pessoas, no cotidiano delas, como a ci\u00eancia \u00e9 altamente positiva para cada cidad\u00e3o, para cada cidad\u00e3, o resultado ser\u00e1 muito bom.\u201d<\/p>\n<h3 id=\"grande-encontro-da-educacao\"><strong>Grande Encontro da Educa\u00e7\u00e3o<\/strong><\/h3>\n<p>A SBPC ser\u00e1 homenageada no dia 19 de agosto pelo Grande Encontro da Educa\u00e7\u00e3o. Promovido pela Plataforma Educa\u00e7\u00e3o e Plataforma Ensino Superior, o evento ocorre de 16 a 19 de agosto, de forma h\u00edbrida e conta com certificado de participa\u00e7\u00e3o.<\/p>\n<p>O encontro ser\u00e1 h\u00edbrido nos dias 16 e 17 de agosto e somente online nos dias 18 e 19. Mais de 50 palestrantes est\u00e3o confirmados. Inscreva-se gratuitamente no GEE:\u00a0<a href=\"https:\/\/grandeencontrodaeducacao.com.br\/\" target=\"_blank\" rel=\"noopener\"><span style=\"color: #800000;\">https:\/\/grandeencontrodaeducacao.com.br<\/span><\/a>.<\/p>\n<p><span style=\"color: #800000;\"><em><a style=\"color: #800000;\" href=\"https:\/\/revistaensinosuperior.com.br\/sbpc-homenagem-ciencia\/\" target=\"_blank\" rel=\"noopener\">Revista Ensino Superior<\/a><\/em><\/span><\/p>\n<p>&nbsp;<\/p>\n<h6 id=\"capa-cerimonia-de-abertura-da-74a-reuniao-anual-da-sbpcpor-sbpc\"><strong>Capa: Cerim\u00f4nia de abertura da 74a Reuni\u00e3o Anual da SBPC<\/strong><br \/>\n(Por SBPC)<\/h6>\n","protected":false},"excerpt":{"rendered":"Presidente da Sociedade Brasileira para o Progresso da Ci\u00eancia, Renato Janine Ribeiro&hellip;\n","protected":false},"author":19,"featured_media":3054,"comment_status":"open","ping_status":"open","sticky":false,"template":"","format":"standard","meta":[],"categories":[1,2],"tags":[],"acf":[],"_links":{"self":[{"href":"https:\/\/revistacienciaecultura.org.br\/index.php?rest_route=\/wp\/v2\/posts\/3050"}],"collection":[{"href":"https:\/\/revistacienciaecultura.org.br\/index.php?rest_route=\/wp\/v2\/posts"}],"about":[{"href":"https:\/\/revistacienciaecultura.org.br\/index.php?rest_route=\/wp\/v2\/types\/post"}],"author":[{"embeddable":true,"href":"https:\/\/revistacienciaecultura.org.br\/index.php?rest_route=\/wp\/v2\/users\/19"}],"replies":[{"embeddable":true,"href":"https:\/\/revistacienciaecultura.org.br\/index.php?rest_route=%2Fwp%2Fv2%2Fcomments&post=3050"}],"version-history":[{"count":3,"href":"https:\/\/revistacienciaecultura.org.br\/index.php?rest_route=\/wp\/v2\/posts\/3050\/revisions"}],"predecessor-version":[{"id":3056,"href":"https:\/\/revistacienciaecultura.org.br\/index.php?rest_route=\/wp\/v2\/posts\/3050\/revisions\/3056"}],"wp:featuredmedia":[{"embeddable":true,"href":"https:\/\/revistacienciaecultura.org.br\/index.php?rest_route=\/wp\/v2\/media\/3054"}],"wp:attachment":[{"href":"https:\/\/revistacienciaecultura.org.br\/index.php?rest_route=%2Fwp%2Fv2%2Fmedia&parent=3050"}],"wp:term":[{"taxonomy":"category","embeddable":true,"href":"https:\/\/revistacienciaecultura.org.br\/index.php?rest_route=%2Fwp%2Fv2%2Fcategories&post=3050"},{"taxonomy":"post_tag","embeddable":true,"href":"https:\/\/revistacienciaecultura.org.br\/index.php?rest_route=%2Fwp%2Fv2%2Ftags&post=3050"}],"curies":[{"name":"wp","href":"https:\/\/api.w.org\/{rel}","templated":true}]}}