{"id":3081,"date":"2022-08-23T11:22:12","date_gmt":"2022-08-23T11:22:12","guid":{"rendered":"https:\/\/revistacienciaecultura.org.br\/?p=3081"},"modified":"2022-08-23T11:22:12","modified_gmt":"2022-08-23T11:22:12","slug":"sbpc-realiza-serie-de-conferencias-contagem-regressiva-para-o-bicentenario-rumos-a-independencia","status":"publish","type":"post","link":"https:\/\/revistacienciaecultura.org.br\/?p=3081","title":{"rendered":"SBPC realiza S\u00e9rie de Confer\u00eancias \u201cContagem Regressiva para o Bicenten\u00e1rio: Rumos \u00e0 Independ\u00eancia\u201d"},"content":{"rendered":"<h4 id=\"com-sessoes-de-30-de-agosto-a-6-de-setembro-a-serie-ira-discutir-temas-sobre-meio-ambiente-saude-educacao-industrializacao-e-como-a-ciencia-pode-contribuir-para-a-soberania-e-independencia-naciona\"><span style=\"color: #808080;\">Com sess\u00f5es de 30 de agosto a 6 de setembro, a s\u00e9rie ir\u00e1 discutir temas sobre meio ambiente, sa\u00fade, educa\u00e7\u00e3o, industrializa\u00e7\u00e3o e como a ci\u00eancia pode contribuir para a soberania e independ\u00eancia nacional<\/span><\/h4>\n<p>Com o objetivo de iniciar as discuss\u00f5es sobre os 200 anos da Independ\u00eancia, a Sociedade Brasileira para o Progresso da Ci\u00eancia (SBPC) realiza de 30 de agosto a 6 de setembro a s\u00e9rie de Confer\u00eancias \u201cContagem Regressiva para o Bicenten\u00e1rio: Rumos \u00e0 Independ\u00eancia\u201d. As atividades ser\u00e3o presenciais e tamb\u00e9m com transmiss\u00e3o pelo canal da SBPC no Youtube.<\/p>\n<p>Renato Janine Ribeiro, presidente da SBPC, comenta que esta \u00e9 uma \u00f3tima oportunidade para deixar claro como a ci\u00eancia, a tecnologia, a inova\u00e7\u00e3o, a educa\u00e7\u00e3o, a cultura, a sa\u00fade, o meio ambiente e a inclus\u00e3o social, valores que a SBPC defende e apoia desde sua funda\u00e7\u00e3o, s\u00e3o decisivos para garantir a soberania nacional.<\/p>\n<p>\u201cA independ\u00eancia n\u00e3o \u00e9 algo que s\u00f3 se refere ao passado. Por isso, queremos debater o presente e pensar o futuro. Mostrar como que esse c\u00edrculo virtuoso \u2013ci\u00eancia, tecnologia, inova\u00e7\u00e3o, educa\u00e7\u00e3o, cultura, sa\u00fade, meio ambiente e inclus\u00e3o social\u00a0 \u2013 pode garantir a soberania do Brasil\u201d, diz.<\/p>\n<p>Cl\u00e1udia Linhares Sales, diretora da SBPC, conta que os temas foram escolhidos com a inten\u00e7\u00e3o de capturar o momento atual, de crises em v\u00e1rios aspectos. Segundo ela, que somente com a ci\u00eancia o Pa\u00eds poder\u00e1 alcan\u00e7ar a real independ\u00eancia e \u00e9 isso que os debates querem mostrar. \u201cS\u00e3o temas importantes que n\u00e3o podem passar em branco nessa reflex\u00e3o sobre a Independ\u00eancia. Os desafios que a na\u00e7\u00e3o brasileira enfrenta atualmente s\u00e3o gigantes. A gente n\u00e3o vai sair da crise da educa\u00e7\u00e3o ou do meio ambiente sem ci\u00eancia. A gente n\u00e3o vai alcan\u00e7ar os objetivos de desenvolvimento sustent\u00e1vel sem ci\u00eancia\u201d, diz.<\/p>\n<p>As sess\u00f5es trar\u00e3o discuss\u00f5es sobre como a ci\u00eancia contribui para a soberania e independ\u00eancia nacional em diversos setores. Entre os temas discutidos est\u00e3o \u201cCi\u00eancia e desenvolvimento industrial\u201d, \u201cCi\u00eancia e meio ambiente\u201d, \u201cCi\u00eancia e educa\u00e7\u00e3o\u201d, \u201cCi\u00eancia e sa\u00fade\u201d e \u201cCi\u00eancia e desenvolvimento sustent\u00e1vel\u201d.<\/p>\n<p>A programa\u00e7\u00e3o completa ser\u00e1 divulgada pela SBPC no JC Not\u00edcias e em suas redes sociais \u2013 Facebook, Twitter e Instagram.\u00a0Acompanhe e participe!<\/p>\n<p><span style=\"color: #800000;\"><a style=\"color: #800000;\" href=\"http:\/\/www.sbpcnet.org.br\/\"><em>SBPC<\/em><\/a><\/span><\/p>\n<p>&nbsp;<\/p>\n<h6 id=\"capa-batalha-do-piraja-por-caribe-reproducao\">Capa: &#8220;Batalha do Piraj\u00e1&#8221;, por Carib\u00e9. Reprodu\u00e7\u00e3o.<\/h6>\n","protected":false},"excerpt":{"rendered":"Com sess\u00f5es de 30 de agosto a 6 de setembro, a s\u00e9rie&hellip;\n","protected":false},"author":19,"featured_media":3083,"comment_status":"open","ping_status":"open","sticky":false,"template":"","format":"standard","meta":[],"categories":[1,2],"tags":[],"acf":[],"_links":{"self":[{"href":"https:\/\/revistacienciaecultura.org.br\/index.php?rest_route=\/wp\/v2\/posts\/3081"}],"collection":[{"href":"https:\/\/revistacienciaecultura.org.br\/index.php?rest_route=\/wp\/v2\/posts"}],"about":[{"href":"https:\/\/revistacienciaecultura.org.br\/index.php?rest_route=\/wp\/v2\/types\/post"}],"author":[{"embeddable":true,"href":"https:\/\/revistacienciaecultura.org.br\/index.php?rest_route=\/wp\/v2\/users\/19"}],"replies":[{"embeddable":true,"href":"https:\/\/revistacienciaecultura.org.br\/index.php?rest_route=%2Fwp%2Fv2%2Fcomments&post=3081"}],"version-history":[{"count":3,"href":"https:\/\/revistacienciaecultura.org.br\/index.php?rest_route=\/wp\/v2\/posts\/3081\/revisions"}],"predecessor-version":[{"id":3085,"href":"https:\/\/revistacienciaecultura.org.br\/index.php?rest_route=\/wp\/v2\/posts\/3081\/revisions\/3085"}],"wp:featuredmedia":[{"embeddable":true,"href":"https:\/\/revistacienciaecultura.org.br\/index.php?rest_route=\/wp\/v2\/media\/3083"}],"wp:attachment":[{"href":"https:\/\/revistacienciaecultura.org.br\/index.php?rest_route=%2Fwp%2Fv2%2Fmedia&parent=3081"}],"wp:term":[{"taxonomy":"category","embeddable":true,"href":"https:\/\/revistacienciaecultura.org.br\/index.php?rest_route=%2Fwp%2Fv2%2Fcategories&post=3081"},{"taxonomy":"post_tag","embeddable":true,"href":"https:\/\/revistacienciaecultura.org.br\/index.php?rest_route=%2Fwp%2Fv2%2Ftags&post=3081"}],"curies":[{"name":"wp","href":"https:\/\/api.w.org\/{rel}","templated":true}]}}